{"id":2201,"date":"2020-10-24T07:52:39","date_gmt":"2020-10-24T07:52:39","guid":{"rendered":"http:\/\/www.projet-decroissance.net\/?p=2201"},"modified":"2021-07-16T09:04:22","modified_gmt":"2021-07-16T09:04:22","slug":"debats-les-revenus-de-base-et-un-projet-de-decroissance","status":"publish","type":"post","link":"http:\/\/www.projet-decroissance.net\/?p=2201","title":{"rendered":"D\u00e9bats : Les Revenus de Base vus et discut\u00e9s par \u00ab\u00a0Un Projet de D\u00e9croissance\u00a0\u00bb"},"content":{"rendered":"<p><a href=\"http:\/\/www.projet-decroissance.net\/?attachment_id=1567\" rel=\"attachment wp-att-1567\"><img loading=\"lazy\" decoding=\"async\" class=\" wp-image-1567 alignleft\" src=\"http:\/\/www.projet-decroissance.net\/wp-content\/uploads\/2014\/01\/projet-decroissance-ecosociete-quebec.jpeg\" alt=\"projet-decroissance-ecosociete-quebec\" width=\"162\" height=\"252\" srcset=\"http:\/\/www.projet-decroissance.net\/wp-content\/uploads\/2014\/01\/projet-decroissance-ecosociete-quebec.jpeg 354w, http:\/\/www.projet-decroissance.net\/wp-content\/uploads\/2014\/01\/projet-decroissance-ecosociete-quebec-192x300.jpeg 192w\" sizes=\"auto, (max-width: 162px) 100vw, 162px\" \/><\/a>Le <strong>Revenu de Base<\/strong> Inconditionnel est de plus en plus mis en avant, discut\u00e9 ou d\u00e9battu ; aussi bien par des mouvements politiques, le monde universitaire que dans les m\u00e9dias. En plus de notre ouvrage, \u00ab\u00a0<em>Un projet de D\u00e9croissance<\/em>\u00ab\u00a0, nous vous proposons ci-dessous les r\u00e9flexions de notre collectif sur ce sujet :<\/p>\n<ul>\n<li><a href=\"http:\/\/www.bastamag.net\/Le-Revenu-d-Existence-nouveau-candidat-a-l-election-presidentielle\">Le Revenu d\u2019Existence, nouveau candidat \u00e0 l\u2019\u00e9lection pr\u00e9sidentielle ?<\/a> publi\u00e9 dans BastaMag<\/li>\n<li><a href=\"http:\/\/www.projet-decroissance.net\/?p=2188\" rel=\"bookmark\">La Dotation Inconditionnelle d\u2019Autonomie, une alternative au tout-\u00e9conomique<\/a>\u00a0publi\u00e9 dans <em>Moins!<\/em> \u00e0 l&rsquo;occasion de la votation en suisse sur le revenu de base.<\/li>\n<li><a href=\"http:\/\/www.projet-decroissance.net\/?p=2214\">D\u00e9croissance et Revenu de Base<\/a>, publi\u00e9 dans S!lence de septembre 2016<\/li>\n<li><a href=\"http:\/\/www.projet-decroissance.net\/?p=2732\">Et le salaire \u00e0 vie<\/a> (d\u00e9cembre 2020)<\/li>\n<li><a href=\"http:\/\/www.projet-decroissance.net\/?p=1571\" rel=\"bookmark\">La Dotation Inconditionnelle d\u2019Autonomie d\u00e9crypt\u00e9e par l\u2019Institut Momentum<\/a>\u00a0&#8211; Une analyse crois\u00e9e entre le revenu de base propos\u00e9 par Baptiste Mylondo et la Dotation Inconditionnelle d&rsquo;Autonomie mise en avant par notre ouvrage collectif.<\/li>\n<li><a href=\"http:\/\/www.projet-decroissance.net\/?p=2435\" rel=\"bookmark\">Deux tableaux pour comprendre la Dotation Inconditionnelle d\u2019Autonomie (DIA)<\/a><\/li>\n<li><a href=\"http:\/\/www.projet-decroissance.net\/?p=1895\" rel=\"bookmark\">\u00ab\u00a0Un Projet de D\u00e9croissance\u00a0\u00bb dans le n\u00b01 de \u00ab\u00a0L\u2019Inconditionnel\u00a0\u00bb<\/a>\u00a0ou comment ne pas mettre la charrue avant le boeuf : notre contribution au num\u00e9ro de la revue du mouvement pour le revenu de base.<\/li>\n<li><a href=\"http:\/\/www.projet-decroissance.net\/?p=1941\" rel=\"bookmark\">\u00ab\u00a0Un Projet de D\u00e9croissance\u00a0\u00bb sur Radio Eveil<\/a>\u00a0\u00e0 l&rsquo;occasion de notre participation \u00e0 la premi\u00e8re universit\u00e9 d&rsquo;\u00e9t\u00e9 du revenu de base.<\/li>\n<li><a href=\"http:\/\/www.projet-decroissance.net\/?p=967\" rel=\"bookmark\">\u00ab\u00a0Un Projet de D\u00e9croissance\u00a0\u00bb sur le site du R\u00e9seau du Revenu de Base<\/a><\/li>\n<li><a href=\"http:\/\/www.projet-decroissance.net\/?p=1260\" rel=\"bookmark\">Le revenu de base, une nouvelle saloperie ?<\/a>\u00a0&#8211; Une r\u00e9ponses aux critiques port\u00e9e par le journal <em>La D\u00e9croissance<\/em>.<\/li>\n<li><a href=\"http:\/\/www.projet-decroissance.net\/?p=831\" rel=\"bookmark\">Un tremplin pour un Projet de D\u00e9croissance : l\u2019initiative citoyenne pour le revenu de base<\/a><\/li>\n<li><a href=\"https:\/\/www.politis.fr\/articles\/2020\/04\/revenu-de-base-lurgence-dune-societe-plus-solidaire-41623\/?fbclid=IwAR3sqJoYz9RaO7xFXXKpCZI-4Iqu-ji0Kwt2F_umb8leCTjYnjsRBbalkTk\" rel=\"bookmark\">Revenu de base : l\u2019urgence d\u2019une soci\u00e9t\u00e9 plus solidaire<\/a><\/li>\n<\/ul>\n<p>Quelques pas-de-c\u00f4t\u00e9 :<\/p>\n<ul>\n<li><a href=\"http:\/\/www.projet-decroissance.net\/?p=1863\" rel=\"bookmark\">Et si on imaginait la fin de l\u2019emploi ?<\/a><\/li>\n<li><a href=\"http:\/\/www.projet-decroissance.net\/?p=2089\" rel=\"bookmark\">La D\u00e9croissance, une vision pour des soci\u00e9t\u00e9s plus justes et plus sobres<\/a><\/li>\n<\/ul>\n<p>Et deux vid\u00e9os :<\/p>\n<ul>\n<li class=\"entry-title\"><a href=\"http:\/\/www.projet-decroissance.net\/?p=2532\" rel=\"bookmark\">La DIA \u00e0 l\u2019AG du Mouvement Fran\u00e7ais pour un Revenu de Base<\/a><\/li>\n<\/ul>\n<p><iframe loading=\"lazy\" title=\"Revenu de base et d\u00e9croissance?\" width=\"640\" height=\"360\" src=\"https:\/\/www.youtube.com\/embed\/KFeWGrxrHF8?feature=oembed\" frameborder=\"0\" allow=\"accelerometer; autoplay; clipboard-write; encrypted-media; gyroscope; picture-in-picture; web-share\" referrerpolicy=\"strict-origin-when-cross-origin\" allowfullscreen><\/iframe><\/p>\n<ul>\n<li class=\"entry-title\">A l&rsquo;universit\u00e9 d&rsquo;\u00e9t\u00e9 du MFRB\u00a0 (notre contribution commence autour de la 21\u00e8me minute) :<iframe loading=\"lazy\" src=\"https:\/\/www.youtube.com\/embed\/fJxRNh5U9pA\" width=\"560\" height=\"315\" frameborder=\"0\" allowfullscreen=\"allowfullscreen\"><\/iframe><\/li>\n<\/ul>\n","protected":false},"excerpt":{"rendered":"<p>Le Revenu de Base Inconditionnel est de plus en plus mis en avant, discut\u00e9 ou d\u00e9battu ; aussi bien par des mouvements politiques, le monde universitaire que dans les m\u00e9dias. En plus de notre ouvrage, \u00ab\u00a0Un projet de D\u00e9croissance\u00ab\u00a0, nous &hellip; <a href=\"http:\/\/www.projet-decroissance.net\/?p=2201\">Continuer la lecture <span class=\"meta-nav\">&rarr;<\/span><\/a><\/p>\n","protected":false},"author":3,"featured_media":0,"comment_status":"closed","ping_status":"open","sticky":true,"template":"","format":"standard","meta":{"footnotes":""},"categories":[1,9],"tags":[],"class_list":["post-2201","post","type-post","status-publish","format-standard","hentry","category-actualites","category-dotation-inconditionnelle-dautonomie"],"_links":{"self":[{"href":"http:\/\/www.projet-decroissance.net\/index.php?rest_route=\/wp\/v2\/posts\/2201","targetHints":{"allow":["GET"]}}],"collection":[{"href":"http:\/\/www.projet-decroissance.net\/index.php?rest_route=\/wp\/v2\/posts"}],"about":[{"href":"http:\/\/www.projet-decroissance.net\/index.php?rest_route=\/wp\/v2\/types\/post"}],"author":[{"embeddable":true,"href":"http:\/\/www.projet-decroissance.net\/index.php?rest_route=\/wp\/v2\/users\/3"}],"replies":[{"embeddable":true,"href":"http:\/\/www.projet-decroissance.net\/index.php?rest_route=%2Fwp%2Fv2%2Fcomments&post=2201"}],"version-history":[{"count":12,"href":"http:\/\/www.projet-decroissance.net\/index.php?rest_route=\/wp\/v2\/posts\/2201\/revisions"}],"predecessor-version":[{"id":2735,"href":"http:\/\/www.projet-decroissance.net\/index.php?rest_route=\/wp\/v2\/posts\/2201\/revisions\/2735"}],"wp:attachment":[{"href":"http:\/\/www.projet-decroissance.net\/index.php?rest_route=%2Fwp%2Fv2%2Fmedia&parent=2201"}],"wp:term":[{"taxonomy":"category","embeddable":true,"href":"http:\/\/www.projet-decroissance.net\/index.php?rest_route=%2Fwp%2Fv2%2Fcategories&post=2201"},{"taxonomy":"post_tag","embeddable":true,"href":"http:\/\/www.projet-decroissance.net\/index.php?rest_route=%2Fwp%2Fv2%2Ftags&post=2201"}],"curies":[{"name":"wp","href":"https:\/\/api.w.org\/{rel}","templated":true}]}}