{"id":2229,"date":"2016-12-15T09:39:20","date_gmt":"2016-12-15T09:39:20","guid":{"rendered":"http:\/\/www.projet-decroissance.net\/?p=2229"},"modified":"2016-12-29T15:17:54","modified_gmt":"2016-12-29T15:17:54","slug":"un-projet-de-decroissance-valide-par-un-modele-scientifique","status":"publish","type":"post","link":"http:\/\/www.projet-decroissance.net\/?p=2229","title":{"rendered":"\u00ab\u00a0Un Projet de D\u00e9croissance\u00a0\u00bb valid\u00e9 par un mod\u00e8le scientifique ?"},"content":{"rendered":"<p><a href=\"http:\/\/www.projet-decroissance.net\/\"><img loading=\"lazy\" decoding=\"async\" class=\"alignleft\" src=\"http:\/\/www.projet-decroissance.net\/wp-content\/uploads\/2012\/12\/manifeste-dia-couverture140.jpg\" width=\"140\" height=\"230\" \/><\/a>En 2013 nous publiions \u00ab\u00a0Un Projet de D\u00e9croissance\u00a0\u00bb. Ce livre propose des pistes, des \u00e9tapes, des strat\u00e9gies et propositions sur diff\u00e9rents niveaux afin de sortir de la soci\u00e9t\u00e9 de croissance et d&rsquo;initier des transitions d\u00e9mocratiques et sereines vers de nouveaux mondes souhaitables, soutenables, conviviaux et autonomes. Cet ouvrage invite les lecteurs \u00e0\u00a0se r\u00e9approprier le sens de leurs consommations\u00a0: qu&rsquo;est ce qu&rsquo;on produit, comment et pour quels usages ? Ainsi certaines critiques nous reprochaient notre choix d\u00e9lib\u00e9r\u00e9 de ne pas apporter de r\u00e9ponses chiffr\u00e9es.<\/p>\n<p>Au cours de l&rsquo;ann\u00e9e 2015, nous avons particip\u00e9 au projet de recherche de Fran\u00e7ois Briens :\u00a0<a class=\"spip_out\" href=\"https:\/\/pastel.archives-ouvertes.fr\/tel-01305956\" target=\"_blank\" rel=\"external\">Mod\u00e9lisation prospective de sc\u00e9narios de d\u00e9croissance<\/a>. L&rsquo;un des quatre sc\u00e9narios analys\u00e9s est notre \u00ab\u00a0Projet de D\u00e9croissance\u00a0\u00bb. Ordres de grandeur \u00e0 l&rsquo;appui, cette \u00e9tude prospective d\u00e9montre, au del\u00e0 de sa d\u00e9sirabilit\u00e9, la pertinence et la coh\u00e9rence \u00e9conomiques, \u00e9nerg\u00e9tiques et sociales de ce projet de D\u00e9croissance. Elle permet d&rsquo;approfondir encore un peu plus les d\u00e9bats initi\u00e9s autour de notre ouvrage collectif.\u00a0Au del\u00e0 des r\u00e9sultats int\u00e9ressants, cette \u00e9tude repr\u00e9sente\u00a0aussi un remarquable support pour initier des d\u00e9lib\u00e9rations autour de nos productions et consommations.<\/p>\n<p>Nous remercions Fran\u00e7ois pour son remarquable projet et nous vous invitons \u00e0 lire les <a href=\"https:\/\/pastel.archives-ouvertes.fr\/tel-01305956\/document\" target=\"_blank\">r\u00e9sultats des ses recherches<\/a> et aussi la tribune qu&rsquo;il a publi\u00e9 dans Reporterre :<\/p>\n<h2>Les id\u00e9es de la d\u00e9croissance valid\u00e9es par un mod\u00e8le scientifique<\/h2>\n<p>1er septembre 2016 \/ Fran\u00e7ois Briens &#8211;<a href=\"https:\/\/reporterre.net\/Les-idees-de-la-decroissance-validees-par-un-modele-scientifique\" target=\"_blank\">Reporterre<\/a><\/p>\n<div class=\"chapo\">\n<p><em><strong>Les soci\u00e9t\u00e9s fond\u00e9es sur la croissance sont devenues incapables de r\u00e9pondre aux enjeux de l\u2019\u00e9poque. La d\u00e9croissance peut-elle \u00eatre une solution r\u00e9aliste<small class=\"fine\">\u00a0<\/small>? Oui, selon le mod\u00e8le macro\u00e9conomique \u00e9tudi\u00e9 par l\u2019auteur de cette tribune en tant qu\u2019ing\u00e9nieur-chercheur \u00e0 l\u2019\u00c9cole des Mines.\u00a0<\/strong><\/em><br \/>\n<!--more--><\/p>\n<\/div>\n<div class=\"texte\">\n<div>\n<p><i>Fran\u00e7ois Briens est ing\u00e9nieur de formation sp\u00e9cialis\u00e9 en \u00e9nergie, il est l\u2019auteur d\u2019une <a class=\"spip_out\" href=\"https:\/\/pastel.archives-ouvertes.fr\/tel-01305956\" target=\"_blank\" rel=\"external\">th\u00e8se de doctorat sur la mod\u00e9lisation prospective de sc\u00e9narios de d\u00e9croissance<\/a><\/i>, r\u00e9alis\u00e9e \u00e0 l\u2019Ecole des Mines ParisTech.<\/p>\n<dl class=\"spip_document_13982 spip_documents spip_documents_center\">\n<dt><\/dt>\n<\/dl>\n<p><i><\/i>\u00c0 chaque \u00e9poque ses grands enjeux et ses d\u00e9fis, et la n\u00f4tre n\u2019en manque pas. Depuis plusieurs ann\u00e9es, la mont\u00e9e des in\u00e9galit\u00e9s, l\u2019accroissement des tensions sociales, la hausse soutenue du ch\u00f4mage, ou encore la <i>\u00ab<small class=\"fine\">\u00a0<\/small>crise<small class=\"fine\">\u00a0<\/small>\u00bb<\/i> des dettes nationales, qu\u2019intensifie l\u2019instabilit\u00e9 du syst\u00e8me financier et \u00e9conomique, remettent en question la viabilit\u00e9 de nos mod\u00e8les socio\u00e9conomiques. Ceux-ci sont par ailleurs confront\u00e9s \u00e0 une crise culturelle profonde\u00a0: les bouleversements rapides qui ont marqu\u00e9 les soci\u00e9t\u00e9s occidentales au cours de la deuxi\u00e8me moiti\u00e9 du <span class=\"caps\">XX<\/span><sup class=\"typo_exposants\">e<\/sup> si\u00e8cle ont certes conduit \u00e0 une am\u00e9lioration du confort mat\u00e9riel d\u2019une grande partie de leur population, mais se sont aussi traduits par une fragilisation des liens sociaux et une perte de rep\u00e8res, qui d\u00e9bouchent de nos jours sur une crise du sens, \u00e0 laquelle la fuite en avant consum\u00e9riste n\u2019apporte gu\u00e8re de solution. Bien au contraire, les modes de vie <i>\u00ab<small class=\"fine\">\u00a0<\/small>modernes<small class=\"fine\">\u00a0<\/small>\u00bb<\/i> exercent sur l\u2019environnement une pression croissante et insoutenable, dont les cons\u00e9quences commencent d\u00e9j\u00e0 \u00e0 se faire sentir. Semble encore s\u2019ajouter \u00e0 cela une crise de la d\u00e9mocratie repr\u00e9sentative, que r\u00e9v\u00e8le, en France, la d\u00e9saffection des urnes et l\u2019expression croissante du m\u00e9contentement de la population vis-\u00e0-vis des politiques gestionnaires de la classe dirigeante. Autant de facettes de ce qui constitue aujourd\u2019hui une crise multidimensionnelle et globale. Bref, pour user de l\u2019euph\u00e9misme, la situation ne satisfait gu\u00e8re, et rares sont celles ou ceux qui d\u00e9fendraient le statu quo.<\/p>\n<p>Mais face \u00e0 la diversit\u00e9 des enjeux et \u00e0 leur complexit\u00e9, que faire<small class=\"fine\">\u00a0<\/small>? D\u2019une cat\u00e9gorie d\u2019acteurs et d\u2019actrices \u00e0 l\u2019autre, les propositions divergent. Si certain-e-s d\u00e9fendent encore l\u2019id\u00e9e d\u2019une<i>\u00ab<small class=\"fine\">\u00a0<\/small>croissance verte<small class=\"fine\">\u00a0<\/small>\u00bb,<\/i> d\u2019autres, au contraire, partisan-e-s de la d\u00e9croissance, proposent d\u2019explorer des solutions aux probl\u00e8mes environnementaux, socio\u00e9conomiques, culturels et politiques, en dehors du cadre de la croissance \u00e9conomique et de ses structures. Les id\u00e9es port\u00e9es par le mouvement qui s\u2019en r\u00e9clame s\u2019inspirent de diverses sources et courants de pens\u00e9e historiques, porteurs d\u2019<a class=\"spip_in\" href=\"https:\/\/reporterre.net\/Les-precurseurs-de-la-decroissance\">une longue tradition<\/a> de critiques \u00e9conomiques, culturelles, physiques et \u00e9cologiques de la croissance et du mode de d\u00e9veloppement des soci\u00e9t\u00e9s industrielles. Ses propositions sont multiples et vari\u00e9es. Elles refl\u00e8tent des pr\u00e9occupations de justice et de d\u00e9mocratie directe ou participative, et traduisent une forte sensibilit\u00e9 pour la question environnementale. Mais le mouvement de la d\u00e9croissance, encore jeune, suscite m\u00e9fiance et curiosit\u00e9. L\u2019originalit\u00e9 et la radicalit\u00e9 de ses propositions d\u00e9clenchent souvent des r\u00e9actions passionn\u00e9es, peu propices \u00e0 l\u2019instauration d\u2019un d\u00e9bat constructif.<\/p>\n<h3 class=\"spip\">Importance cruciale des facteurs culturels, comportementaux<small class=\"fine\">\u00a0<\/small>\u00bb<\/h3>\n<p>Nous avons donc souhait\u00e9, au travers d\u2019une d\u00e9marche scientifique, apporter quelques \u00e9clairages quant aux implications possibles de diverses propositions de la d\u00e9croissance, afin de permettre au d\u00e9bat de prendre un peu de hauteur et de d\u00e9passer les id\u00e9es re\u00e7ues, qui conduisent souvent \u00e0 des oppositions de principe st\u00e9riles. Nous avons pour cela r\u00e9alis\u00e9 un exercice de prospective participatif<span class=\"spip_note_ref\">\u00a0[<a id=\"nh1\" class=\"spip_note\" title=\"Rappelons que la d\u00e9marche prospective ne rel\u00e8ve ni de la pr\u00e9vision ni de la\u00a0(...)\" href=\"https:\/\/reporterre.net\/Les-idees-de-la-decroissance-validees-par-un-modele-scientifique#nb1\" rel=\"footnote\">1<\/a>]<\/span>. En quelques mots, celui-ci consistait d\u2019une part \u00e0 recueillir, par une s\u00e9rie d\u2019entretiens individuels et collectifs r\u00e9alis\u00e9s aupr\u00e8s de personnes plus ou moins proches du mouvement de la d\u00e9croissance, diff\u00e9rentes visions d\u00e9taill\u00e9es et quantifi\u00e9es de ce que pourraient \u00eatre, selon elles et dans le cas de la France, des sc\u00e9narios de d\u00e9croissance, ou \u2014 plus largement \u2014 des sc\u00e9narios de transitions souhaitables et soutenables. Les participant-e-s \u00e9taient ainsi invit\u00e9-e-s \u00e0 d\u00e9crire leurs visions en mati\u00e8re d\u2019\u00e9volution des institutions, des modes de vie et de consommation, et \u00e0 s\u2019exprimer sur une vari\u00e9t\u00e9 de th\u00e8mes, dont entre autres\u00a0: l\u2019alimentation, le logement, le transport, le travail, la sant\u00e9, l\u2019\u00e9ducation, l\u2019\u00e9nergie, la consommation de produits manufactur\u00e9s, etc.<\/p>\n<p>Les sc\u00e9narios recueillis ont ensuite \u00e9t\u00e9 impl\u00e9ment\u00e9s dans un mod\u00e8le macro\u00e9conomique<span class=\"spip_note_ref\">\u00a0[<a id=\"nh2\" class=\"spip_note\" title=\"Il s\u2019agit d\u2019une repr\u00e9sentation simplifi\u00e9e de l\u2019\u00e9conomie fran\u00e7aise sous la forme\u00a0(...)\" href=\"https:\/\/reporterre.net\/Les-idees-de-la-decroissance-validees-par-un-modele-scientifique#nb2\" rel=\"footnote\">2<\/a>]<\/span>, afin de les simuler et d\u2019estimer leurs cons\u00e9quences possibles sur le long terme (d\u2019aujourd\u2019hui \u00e0 2060), en particulier en termes d\u2019emploi, de finances publiques, ou d\u2019impacts environnementaux (consommation d\u2019\u00e9nergie, \u00e9missions de polluants, production de d\u00e9chets, etc.).<\/p>\n<dl class=\"spip_document_13950 spip_documents spip_documents_center\">\n<dt><img loading=\"lazy\" decoding=\"async\" src=\"https:\/\/reporterre.net\/IMG\/png\/image_decroissance.png\" alt=\"PNG - 145.6\u00a0ko\" width=\"700\" height=\"530\" \/><\/dt>\n<dt class=\"spip_doc_titre\"><strong>La d\u00e9croissance, une bifurcation salutaire<small class=\"fine\">\u00a0<\/small>?<\/strong><\/dt>\n<\/dl>\n<p>Que nous disent les r\u00e9sultats<small class=\"fine\">\u00a0<\/small>? De mani\u00e8re g\u00e9n\u00e9rale, ils soulignent l\u2019importance cruciale des facteurs culturels, comportementaux et non purement <i>\u00ab<small class=\"fine\">\u00a0<\/small>techniques<small class=\"fine\">\u00a0<\/small>\u00bb<\/i> (ex.\u00a0: normes sociales, valeurs, organisation collective, modes de cohabitation, nature des consommations, localisation des productions\u2026). Or ces facteurs culturels sont souvent n\u00e9glig\u00e9s ou \u00e9cart\u00e9s dans les politiques publiques, au profit de <i>\u00ab<small class=\"fine\">\u00a0<\/small>solutions<small class=\"fine\">\u00a0<\/small>\u00bb<\/i> technologiques, qui conduisent souvent \u00e0 transformer les probl\u00e8mes \u2014 ou \u00e0 les reporter \u00e0 plus tard \u2014 plut\u00f4t qu\u2019\u00e0 les r\u00e9soudre<span class=\"spip_note_ref\">\u00a0[<a id=\"nh3\" class=\"spip_note\" title=\"On peut par exemple penser au cas de la voiture \u00e9lectrique, du nucl\u00e9aire,\u00a0(...)\" href=\"https:\/\/reporterre.net\/Les-idees-de-la-decroissance-validees-par-un-modele-scientifique#nb3\" rel=\"footnote\">3<\/a>]<\/span> (mais qui offrent certes de plus grandes opportunit\u00e9s de profit au secteur priv\u00e9, et menacent moins de remettre en question les modes de vie, l\u2019ordre social et les rapports de force). De ce point de vue, bon nombre des propositions port\u00e9es par le mouvement de la d\u00e9croissance se r\u00e9v\u00e8lent tout \u00e0 fait pertinentes a priori et dignes d\u2019int\u00e9r\u00eat\u00a0: parmi les sc\u00e9narios recueillis et mod\u00e9lis\u00e9s, celui int\u00e9grant ces propositions de la mani\u00e8re la plus pouss\u00e9e et syst\u00e9mique atteint par exemple une division par 4 de l\u2019empreinte \u00e9nerg\u00e9tique, et par 5 de l\u2019empreinte carbone entre 2010 et 2060, en d\u00e9pit d\u2019hypoth\u00e8ses tr\u00e8s modestes concernant les <i>\u00ab<small class=\"fine\">\u00a0<\/small>progr\u00e8s<small class=\"fine\">\u00a0<\/small>\u00bb<\/i> techniques. Le taux de ch\u00f4mage y est significativement r\u00e9duit et les finances publiques sont redress\u00e9es. Dans ce sc\u00e9nario, les hypoth\u00e8ses conduisant \u00e0 ces r\u00e9sultats<span class=\"spip_note_ref\">\u00a0[<a id=\"nh4\" class=\"spip_note\" title=\"Celles-ci comprennent, entre autres\u00a0: une r\u00e9duction de diverses consommations\u00a0(...)\" href=\"https:\/\/reporterre.net\/Les-idees-de-la-decroissance-validees-par-un-modele-scientifique#nb4\" rel=\"footnote\">4<\/a>]<\/span> impliquent toutefois une transformation progressive, mais profonde des mentalit\u00e9s, des pratiques, des institutions (notamment du r\u00f4le de l\u2019\u00c9tat), et de l\u2019organisation sociale dans son ensemble, une transformation dont l\u2019ampleur ne doit pas \u00eatre n\u00e9glig\u00e9e ou minimis\u00e9e\u00a0: soyons clairs, ce que propose la d\u00e9croissance est rien de moins qu\u2019un v\u00e9ritable pari anthropologique, celui de notre capacit\u00e9 \u00e0 inventer de nouveaux modes de vivre-ensemble et de faire soci\u00e9t\u00e9.<\/p>\n<h3 class=\"spip\">Ce r\u00e9alisme dont Bernanos disait qu\u2019il est la bonne conscience des salauds<\/h3>\n<p>Bien s\u00fbr, la d\u00e9sirabilit\u00e9 de tels sc\u00e9narios, des propositions qu\u2019ils contiennent et de leurs cons\u00e9quences envisageables est \u00e0 d\u00e9battre collectivement. C\u2019est d\u2019ailleurs aujourd\u2019hui le cas pour certaines de ces propositions, qui se trouvent actuellement discut\u00e9es au sein des Nuits debout (par exemple, la r\u00e9duction du temps de travail ou encore la mise en place d\u2019un revenu de base)<small class=\"fine\">\u00a0<\/small>; puisse notre modeste contribution enrichir ces d\u00e9bats et y apporter quelques \u00e9l\u00e9ments de rigueur\u2026<\/p>\n<p>Dans tous les cas, \u00e0 la lumi\u00e8re de notre recherche, rien ne justifie pour l\u2019heure d\u2019\u00e9carter ou de disqualifier les propositions port\u00e9es par le mouvement de la d\u00e9croissance. Les partisans de l\u2019ordre existant s\u2019y opposeront probablement au nom d\u2019un quelconque manque de <i>\u00ab<small class=\"fine\">\u00a0<\/small>r\u00e9alisme<small class=\"fine\">\u00a0<\/small>\u00bb<\/i><small class=\"fine\">\u00a0<\/small>; ce r\u00e9alisme dont Bernanos disait qu\u2019il est la bonne conscience des salauds\u2026 Or pour construire un nouveau projet de soci\u00e9t\u00e9 aujourd\u2019hui si n\u00e9cessaire, il est au contraire essentiel et urgent d\u2019\u00e9largir les perspectives, de rouvrir les futurs et de r\u00e9habiliter les possibles. Car enfin, pour reprendre la belle formule de Genevi\u00e8ve Decrop, <i>\u00ab<small class=\"fine\">\u00a0<\/small>sans l\u2019hypoth\u00e8se qu\u2019un autre monde est possible, il n\u2019y a pas de politique, il n\u2019y a que de la gestion administrative des hommes et des choses<small class=\"fine\">\u00a0<\/small>\u00bb<\/i><span class=\"spip_note_ref\">\u00a0[<a id=\"nh5\" class=\"spip_note\" title=\"Decrop, G., 2006. \u00ab\u00a0Redonner ses chances \u00e0 l\u2019utopie\u00a0\u00bb, in\u00a0: D\u00e9croissance &amp;\u00a0(...)\" href=\"https:\/\/reporterre.net\/Les-idees-de-la-decroissance-validees-par-un-modele-scientifique#nb5\" rel=\"footnote\">5<\/a>]<\/span>.<\/p>\n<p><img loading=\"lazy\" decoding=\"async\" class=\"puce\" src=\"https:\/\/reporterre.net\/squelettes-dist\/puce.gif\" alt=\"-\" width=\"8\" height=\"11\" \/>\u00a0<strong>Consulter la th\u00e8se de Fran\u00e7ois Briens\u00a0:<\/strong> <i><a class=\"spip_out\" href=\"https:\/\/pastel.archives-ouvertes.fr\/tel-01305956\" target=\"_blank\" rel=\"external\">Mod\u00e9lisation prospective de sc\u00e9narios de d\u00e9croissance<\/a><\/i><\/p>\n<\/div>\n<hr size=\"1\" \/>\n<div id=\"nb1\">\n<p><span class=\"spip_note_ref\">[<a class=\"spip_note\" title=\"Notes 1\" href=\"https:\/\/reporterre.net\/Les-idees-de-la-decroissance-validees-par-un-modele-scientifique#nh1\" rev=\"footnote\">1<\/a>]\u00a0<\/span>Rappelons que la d\u00e9marche prospective ne rel\u00e8ve ni de la pr\u00e9vision ni de la pr\u00e9diction. \u00c0 l\u2019encontre de l\u2019id\u00e9e fataliste d\u2019un avenir unique et pr\u00e9d\u00e9termin\u00e9, il s\u2019agit de reconnaitre la possibilit\u00e9 d\u2019une multitude de futurs envisageables, qui d\u00e9pendent de la volont\u00e9 des acteurs et de leur capacit\u00e9 d\u2019anticipation. Autrement dit, <i>\u00ab<small class=\"fine\">\u00a0<\/small>l\u2019avenir ne se pr\u00e9voit pas, il se pr\u00e9pare<small class=\"fine\">\u00a0<\/small>\u00bb<\/i> (Maurice Blondel)<small class=\"fine\">\u00a0<\/small>; il appartient au domaine de la volont\u00e9 et du choix. Aussi, l\u2019objectif de la prospective est le suivant\u00a0: offrir la possibilit\u00e9 de choisir, parmi des futurs possibles, un ou plusieurs futurs souhaitables. La prospective appelle ainsi \u00e0 se poser collectivement les questions suivantes\u00a0: que pouvons-nous et que voulons-nous<small class=\"fine\">\u00a0<\/small>? Elle comporte donc d\u2019une part une dimension exploratoire essentielle, qui invite \u00e0 se m\u00e9fier des id\u00e9es pr\u00e9con\u00e7ues, \u00e0 \u00e9largir les cadres d\u2019analyse, et \u00e0 tout remettre en question. L\u2019imagination ne s\u2019oppose donc pas ici \u00e0 la raison, elle est au contraire compl\u00e9mentaire. D\u2019autre part, la notion de <i>\u00ab<small class=\"fine\">\u00a0<\/small>souhaitable<small class=\"fine\">\u00a0<\/small>\u00bb<\/i> demande de subordonner la question des moyens \u00e0 celle des fins qu\u2019elle impose de (re)d\u00e9finir et d\u2019expliciter\u00a0: une \u00e9tape prioritaire et \u00e9vidente pour l\u2019instauration d\u2019un d\u00e9bat constructif, h\u00e9las trop souvent n\u00e9glig\u00e9e. Comme l\u2019\u00e9crivait Andr\u00e9 Gorz\u00a0: <i>\u00ab<small class=\"fine\">\u00a0<\/small>[\u2026] gouverner un d\u00e9veloppement en cours en choisissant par avance les fins que nous entendons lui faire servir. La politique c\u2019est cet ensemble de choix, ou alors elle n\u2019est rien.<small class=\"fine\">\u00a0<\/small>\u00bb<\/i>(Andr\u00e9 Gorz, 1993. <i>Capitalisme, socialisme, \u00e9cologie\u00a0: d\u00e9sorientations, orientations,<\/i> 2\u00a0\u00e9d., Collection D\u00e9bats. Galil\u00e9e, Paris, p.191).<\/p>\n<\/div>\n<div id=\"nb2\">\n<p><span class=\"spip_note_ref\">[<a class=\"spip_note\" title=\"Notes 2\" href=\"https:\/\/reporterre.net\/Les-idees-de-la-decroissance-validees-par-un-modele-scientifique#nh2\" rev=\"footnote\">2<\/a>]\u00a0<\/span>Il s\u2019agit d\u2019une repr\u00e9sentation simplifi\u00e9e de l\u2019\u00e9conomie fran\u00e7aise sous la forme d\u2019un ensemble de param\u00e8tres (par exemple la consommation d\u2019un type de produit, la demande de travail dans la branche de production correspondante, la quantit\u00e9 d\u2019\u00e9nergie n\u00e9cessaire \u00e0 la production, les impacts environnementaux associ\u00e9s, etc.) reli\u00e9s entre eux par des \u00e9quations math\u00e9matiques d\u00e9crivant leurs interactions, leurs interd\u00e9pendances et diverses relations de cause \u00e0 effet, et assurant ainsi la coh\u00e9rence de l\u2019ensemble. Le r\u00f4le d\u2019un mod\u00e8le num\u00e9rique en prospective est de permettre la mise en relation d\u2019une multitude d\u2019informations et de donn\u00e9es, issues de domaines parfois \u00e9loign\u00e9s, et d\u2019offrir ainsi un cadre de r\u00e9flexion structur\u00e9 favorisant la compr\u00e9hension commune et la d\u00e9lib\u00e9ration collective.<\/p>\n<\/div>\n<div id=\"nb3\">\n<p><span class=\"spip_note_ref\">[<a class=\"spip_note\" title=\"Notes 3\" href=\"https:\/\/reporterre.net\/Les-idees-de-la-decroissance-validees-par-un-modele-scientifique#nh3\" rev=\"footnote\">3<\/a>]\u00a0<\/span>On peut par exemple penser au cas de la voiture \u00e9lectrique, du nucl\u00e9aire, etc.<\/p>\n<\/div>\n<div id=\"nb4\">\n<p><span class=\"spip_note_ref\">[<a class=\"spip_note\" title=\"Notes 4\" href=\"https:\/\/reporterre.net\/Les-idees-de-la-decroissance-validees-par-un-modele-scientifique#nh4\" rev=\"footnote\">4<\/a>]\u00a0<\/span>Celles-ci comprennent, entre autres\u00a0: une r\u00e9duction de diverses consommations de biens permise par une remise en question de nos besoins et par un d\u00e9veloppement des pratiques de mise en commun<small class=\"fine\">\u00a0<\/small>; le d\u00e9veloppement de <i>\u00ab<small class=\"fine\">\u00a0<\/small>low-techs<small class=\"fine\">\u00a0<\/small>\u00bb<\/i><small class=\"fine\">\u00a0<\/small>; une relocalisation de l\u2019\u00e9conomie et des activit\u00e9s<small class=\"fine\">\u00a0<\/small>; un ralentissement marqu\u00e9 de la mobilit\u00e9 et un changement du rapport au temps et \u00e0 la vitesse<small class=\"fine\">\u00a0<\/small>; une r\u00e9duction et un partage du temps de travail (-25<small class=\"fine\">\u00a0<\/small>% \u00e0 -30<small class=\"fine\">\u00a0<\/small>% en moyenne)<small class=\"fine\">\u00a0<\/small>; la mise en place d\u2019un revenu de base (700\u00a0\u20ac\/mois pour les plus de 18\u00a0ans, 400\u00a0\u20ac\/mois pour les moins de 18\u00a0ans en 2025) venant remplacer une grande partie des d\u00e9penses de protection sociale, et \u00e9voluant progressivement vers une forme partiellement d\u00e9mon\u00e9tis\u00e9e<small class=\"fine\">\u00a0<\/small>; une diminution de la composante marchande de l\u2019\u00e9conomie, au profit d\u2019une \u00e9conomie de la r\u00e9ciprocit\u00e9, d\u2019activit\u00e9s non marchandes, autod\u00e9termin\u00e9es et autog\u00e9r\u00e9es, et le d\u00e9veloppement, \u00e0 travers celles-ci, de r\u00e9seaux de solidarit\u00e9s organiques, etc.<\/p>\n<\/div>\n<div id=\"nb5\">\n<p><span class=\"spip_note_ref\">[<a class=\"spip_note\" title=\"Notes 5\" href=\"https:\/\/reporterre.net\/Les-idees-de-la-decroissance-validees-par-un-modele-scientifique#nh5\" rev=\"footnote\">5<\/a>]\u00a0<\/span>Decrop, G., 2006. \u00ab<small class=\"fine\">\u00a0<\/small>Redonner ses chances \u00e0 l\u2019utopie<small class=\"fine\">\u00a0<\/small>\u00bb, in\u00a0: <i>D\u00e9croissance &amp; utopie, Entropia,<\/i>revue d\u2019\u00e9tude th\u00e9orique et politique de la d\u00e9croissance. Parangon\/vs, Lyon, p.\u00a081.<\/p>\n<\/div>\n<\/div>\n","protected":false},"excerpt":{"rendered":"<p>En 2013 nous publiions \u00ab\u00a0Un Projet de D\u00e9croissance\u00a0\u00bb. Ce livre propose des pistes, des \u00e9tapes, des strat\u00e9gies et propositions sur diff\u00e9rents niveaux afin de sortir de la soci\u00e9t\u00e9 de croissance et d&rsquo;initier des transitions d\u00e9mocratiques et sereines vers de nouveaux &hellip; <a href=\"http:\/\/www.projet-decroissance.net\/?p=2229\">Continuer la lecture <span class=\"meta-nav\">&rarr;<\/span><\/a><\/p>\n","protected":false},"author":3,"featured_media":0,"comment_status":"closed","ping_status":"open","sticky":false,"template":"","format":"standard","meta":{"footnotes":""},"categories":[1,7,9],"tags":[],"class_list":["post-2229","post","type-post","status-publish","format-standard","hentry","category-actualites","category-dans-la-presse-et-sur-la-toile","category-dotation-inconditionnelle-dautonomie"],"_links":{"self":[{"href":"http:\/\/www.projet-decroissance.net\/index.php?rest_route=\/wp\/v2\/posts\/2229","targetHints":{"allow":["GET"]}}],"collection":[{"href":"http:\/\/www.projet-decroissance.net\/index.php?rest_route=\/wp\/v2\/posts"}],"about":[{"href":"http:\/\/www.projet-decroissance.net\/index.php?rest_route=\/wp\/v2\/types\/post"}],"author":[{"embeddable":true,"href":"http:\/\/www.projet-decroissance.net\/index.php?rest_route=\/wp\/v2\/users\/3"}],"replies":[{"embeddable":true,"href":"http:\/\/www.projet-decroissance.net\/index.php?rest_route=%2Fwp%2Fv2%2Fcomments&post=2229"}],"version-history":[{"count":7,"href":"http:\/\/www.projet-decroissance.net\/index.php?rest_route=\/wp\/v2\/posts\/2229\/revisions"}],"predecessor-version":[{"id":2242,"href":"http:\/\/www.projet-decroissance.net\/index.php?rest_route=\/wp\/v2\/posts\/2229\/revisions\/2242"}],"wp:attachment":[{"href":"http:\/\/www.projet-decroissance.net\/index.php?rest_route=%2Fwp%2Fv2%2Fmedia&parent=2229"}],"wp:term":[{"taxonomy":"category","embeddable":true,"href":"http:\/\/www.projet-decroissance.net\/index.php?rest_route=%2Fwp%2Fv2%2Fcategories&post=2229"},{"taxonomy":"post_tag","embeddable":true,"href":"http:\/\/www.projet-decroissance.net\/index.php?rest_route=%2Fwp%2Fv2%2Ftags&post=2229"}],"curies":[{"name":"wp","href":"https:\/\/api.w.org\/{rel}","templated":true}]}}