{"id":2243,"date":"2017-01-19T09:25:48","date_gmt":"2017-01-19T09:25:48","guid":{"rendered":"http:\/\/www.projet-decroissance.net\/?p=2243"},"modified":"2023-08-14T07:29:43","modified_gmt":"2023-08-14T07:29:43","slug":"pour-une-economie-non-violente-la-decroissance","status":"publish","type":"post","link":"http:\/\/www.projet-decroissance.net\/?p=2243","title":{"rendered":"Pour une \u00e9conomie non violente, la D\u00e9croissance"},"content":{"rendered":"<p><b style=\"font-size: small; font-family: 'Times New Roman', serif;\"><\/b><span style=\"color: #000000;\"><span style=\"font-family: 'Times New Roman', serif;\"><span style=\"font-size: small;\"><b>La D\u00e9croissance, quelles strat\u00e9gies, propositions et limites<\/b><\/span><\/span><\/span><\/p>\n<p><span style=\"color: #000000;\"><span style=\"font-family: 'Times New Roman', serif;\"><span style=\"font-size: small;\">Depuis une quinzaine d&rsquo;ann\u00e9es, le mouvement de la D\u00e9croissance a d\u00e9velopp\u00e9 des id\u00e9es, des strat\u00e9gies et des propositions susceptibles d&rsquo;initier et de soutenir des transitions d\u00e9mocratiques et sereines vers de nouveaux mod\u00e8les de soci\u00e9t\u00e9s soutenables et souhaitables. La D\u00e9croissance, en questionnant le fait qu&rsquo;une croissance infinie dans un monde fini n&rsquo;est ni possible ni souhaitable, est devenue un mouvement influen\u00e7ant aussi bien les discussions aux niveaux citoyens, politiques qu&rsquo;acad\u00e9miques partout \u00e0 travers le monde.<\/span><\/span><\/span><\/p>\n<p><span style=\"color: #000000;\"><span style=\"font-family: 'Times New Roman', serif;\"><span style=\"font-size: small;\"><b>La D\u00e9croissance : un slogan provocateur<\/b><\/span><\/span><\/span><\/p>\n<p><span style=\"color: #000000;\"><span style=\"font-family: 'Times New Roman', serif;\"><span style=\"font-size: small;\"><span lang=\"fr-FR\">Nous utilisons le terme de D\u00e9croissance d&rsquo;abord comme un outil s\u00e9mantique avec pour objectif d\u2019ouvrir des d\u00e9bats de soci\u00e9t\u00e9 sur le fait qu\u2019une croissance infinie dans un monde fini est d\u2019une part <\/span><\/span><\/span><\/span><span style=\"color: #000000;\"><span style=\"font-family: 'Times New Roman', serif;\"><span style=\"font-size: small;\"><span lang=\"fr-FR\">impossible<\/span><\/span><\/span><\/span><span style=\"color: #000000;\"><span style=\"font-family: 'Times New Roman', serif;\"><span style=\"font-size: small;\"><span lang=\"fr-FR\">, et d\u2019autre part non souhaitable. En effet, nous vivons dans des soci\u00e9t\u00e9s domin\u00e9es par la religion de la croissance <\/span><\/span><\/span><\/span><span style=\"color: #000000;\"><span style=\"font-family: 'Times New Roman', serif;\"><span style=\"font-size: small;\"><span lang=\"fr-FR\">et nous devons poser la question du sens <\/span><\/span><\/span><\/span><span style=\"color: #000000;\"><span style=\"font-family: 'Times New Roman', serif;\"><span style=\"font-size: small;\"><span lang=\"fr-FR\">: qu\u2019est-ce qu\u2019on produit, comment et pour quel usage ? La croissance pour la croissance nous rend-elle vraiment heureux ?<\/span><\/span><\/span><\/span><\/p>\n<p><span style=\"color: #000000;\"><span style=\"font-family: 'Times New Roman', serif;\"><span style=\"font-size: small;\">Ce slogan est souvent critiqu\u00e9 pour son c\u00f4t\u00e9 repoussoir. Toutefois, il semble pertinent pour diff\u00e9rentes raisons :<\/span><\/span><\/span><\/p>\n<p><!--more--><\/p>\n<ul>\n<li><span style=\"color: #000000;\"><span style=\"font-family: 'Times New Roman', serif;\"><span style=\"font-size: small;\">La croissance reste omnipr\u00e9sente comme solution centrale \u00e0 tous nos probl\u00e8mes.<\/span><\/span><\/span><\/li>\n<li><span style=\"color: #000000;\"><span style=\"font-family: 'Times New Roman', serif;\"><span style=\"font-size: small;\"><span lang=\"fr-FR\">Ce slogan provocateur est efficace pour initier un d\u00e9bat de fond difficile mais<\/span><\/span><\/span><\/span><i> <\/i><span style=\"color: #000000;\"><span style=\"font-family: 'Times New Roman', serif;\"><span style=\"font-size: small;\"><span lang=\"fr-FR\">n\u00e9cessaire.<\/span><\/span><\/span><\/span><\/li>\n<li><span style=\"color: #000000;\"><span style=\"font-family: 'Times New Roman', serif;\"><span style=\"font-size: small;\">Ce terme, contrairement \u00e0 celui de d\u00e9veloppement durable, est difficilement r\u00e9cup\u00e9rable. Il v\u00e9hicule en lui une n\u00e9cessaire radicalit\u00e9 et on ne peut ais\u00e9ment le vider de son sens. En ce sens il constitue aussi un outil d&rsquo;accompagnement, de d\u00e9colonisation de notre imaginaire.<\/span><\/span><\/span><\/li>\n<\/ul>\n<p><span style=\"color: #000000;\"><span style=\"font-family: 'Times New Roman', serif;\"><span style=\"font-size: small;\"><span lang=\"fr-FR\">Le mot \u00ab\u00a0D\u00e9croissance\u00a0\u00bb joue ainsi un r\u00f4le compl\u00e9mentaire \u00e0 d&rsquo;autres slogans par exemple l&rsquo;\u00e9cologie politique, la post-croissance ou la sobri\u00e9t\u00e9 heureuse. C&rsquo;est un outil sans \u00eatre une fin en soi. Ce sont surtout <\/span><\/span><\/span><\/span><span style=\"color: #000000;\"><span style=\"font-family: 'Times New Roman', serif;\"><span style=\"font-size: small;\"><span lang=\"fr-FR\">les id\u00e9es qu&rsquo;il v\u00e9hicule qui donnent au terme sa pertinence. Car, plus qu&rsquo;un slogan, la D\u00e9croissance est une v\u00e9ritable pens\u00e9e politique et fondatrice d\u2019un nouveau paradigme.<\/span><\/span><\/span><\/span><\/p>\n<p><span style=\"color: #000000;\"><span style=\"font-family: 'Times New Roman', serif;\"><span style=\"font-size: small;\"><b>La D\u00e9croissance : une pens\u00e9e multidimensionnelle<\/b><\/span><\/span><\/span><\/p>\n<p><span style=\"color: #000000;\"><span style=\"font-family: 'Times New Roman', serif;\"><span style=\"font-size: small;\"><span lang=\"fr-FR\">Le terme de D\u00e9croissance renvoie \u00e0 une nouvelle pens\u00e9e multidimensionnelle s&rsquo;appuyant sur deux approches diverses mais compl\u00e9mentaires. <\/span><\/span><\/span><\/span><span style=\"color: #000000;\"><span style=\"font-family: 'Times New Roman', serif;\"><span style=\"font-size: small;\"><span lang=\"fr-FR\">La D\u00e9croissance alerte sur l&rsquo;impossibilit\u00e9, \u00e9vidente, d&rsquo;une croissance infinie dans un monde fini. Mais elle ne s&rsquo;arr\u00eate pas l\u00e0. Quand bien m\u00eame une croissance infinie dans un monde fini serait possible, ne faudrait-il pas questionner le sens du toujours plus ?<\/span><\/span><\/span><\/span><\/p>\n<p><span style=\"color: #000000;\"><span style=\"font-family: 'Times New Roman', serif;\"><span style=\"font-size: small;\"><span lang=\"fr-FR\">Ainsi, elle s&rsquo;appuie sur une critique <\/span><\/span><\/span><\/span><span style=\"color: #000000;\"><span style=\"font-family: 'Times New Roman', serif;\"><span style=\"font-size: small;\"><span lang=\"fr-FR\">culturelle ou anthropologique de la soci\u00e9t\u00e9 de Croissance et de mani\u00e8re g\u00e9n\u00e9rale de la soci\u00e9t\u00e9 occidentale. Elle s&rsquo;inspire notamment des travaux d&rsquo;Ivan Illich et ses r\u00e9flexions sur la convivialit\u00e9 ; de Jacques Ellul et Bernard Charbonneau avec leurs critiques du totalitarisme technicien\u00a0; de Fran\u00e7ois Partant et de Serge Latouche avec leurs critiques du d\u00e9veloppement\u00a0; de Majid Rahnema sur la distinction entre pauvret\u00e9 et mis\u00e8re ; d&rsquo;Andr\u00e9 Gorz et sa critique du capitalisme, de la centralit\u00e9 de la valeur travail ; de Cornelius Castoriadis et de ses travaux sur la d\u00e9mocratie et la notion d&rsquo;autonomie\u00a0; de Gandhi et de la simplicit\u00e9 volontaire, la non-violence ainsi que la d\u00e9sob\u00e9issance civile; Karl Polanyi et la critique de la centralit\u00e9 de l&rsquo;\u00e9conomie dans nos vies&#8230;<\/span><\/span><\/span><\/span><\/p>\n<p><span style=\"color: #000000;\"><span style=\"font-family: 'Times New Roman', serif;\"><span style=\"font-size: small;\">Cette liste est \u00e9videmment non exhaustive car la D\u00e9croissance s&rsquo;enracine dans un corpus h\u00e9t\u00e9roclite, tant sa dimension est plurielle et complexe, autant que le syst\u00e8me qu&rsquo;elle critique. Ne s&rsquo;int\u00e9resser qu&rsquo;\u00e0 une des approches de la D\u00e9croissance sans les lier les unes aux autres porte le risque de g\u00e9n\u00e9rer des solutions simplistes et donc dangereuses. L\u2019importance fondamentale de cette diversit\u00e9 et de cette radicalit\u00e9, c&rsquo;est-\u00e0-dire prendre le probl\u00e8me \u00e0 la racine, comprendre les liens et interactions entre diff\u00e9rents probl\u00e8mes, d\u00e9fis, donnent \u00e0 la D\u00e9croissance sa coh\u00e9rence.<\/span><\/span><\/span><\/p>\n<p><span style=\"color: #000000;\"><span style=\"font-family: 'Times New Roman', serif;\"><span style=\"font-size: small;\"><b>La D\u00e9croissance : un mouvement citoyen<\/b><\/span><\/span><\/span><\/p>\n<p><span style=\"color: #000000;\"><span style=\"font-family: 'Times New Roman', serif;\"><span style=\"font-size: small;\">Initi\u00e9 en France, le mouvement s&rsquo;est depuis internationalis\u00e9. On le retrouve aussi sous d\u2019autres d\u00e9nominations, drapeaux et avec d\u2019autres approches partout \u00e0 travers le monde. Cette diversit\u00e9 compl\u00e9mentaire se retrouve tous les deux ans lors des conf\u00e9rences internationales de la D\u00e9croissance : en 2014, 3500 personnes de 74 nationalit\u00e9s et de tous les continents se sont rendus \u00e0 la quatri\u00e8me \u00e9dition \u00e0 Leipzig. Toutefois, le mouvement de la D\u00e9croissance n&rsquo;est ni clairement d\u00e9fini ni homog\u00e8ne. Il s&rsquo;articule autour d&rsquo;un r\u00e9seau horizontal de mouvements, d&rsquo;individus, de collectifs ouverts cultivant ses diversit\u00e9s de niveaux, d&rsquo;approches et de strat\u00e9gies.<\/span><\/span><\/span><\/p>\n<p><span style=\"color: #000000;\"><span style=\"font-family: 'Times New Roman', serif;\"><span style=\"font-size: small;\"><b>La D\u00e9croissance : quelle(s) strat\u00e9gie(s) ?<\/b><\/span><\/span><\/span><\/p>\n<p><span style=\"color: #000000;\"><span style=\"font-family: 'Times New Roman', serif;\"><span style=\"font-size: small;\">Une grande partie du mouvement s&rsquo;accorde sur une strat\u00e9gie de masse critique ou comment changer la soci\u00e9t\u00e9 sans prendre le pouvoir ni le donner. Elle s&rsquo;appuie sur les 4 niveaux politiques de la D\u00e9croissance. L\u2019action combin\u00e9e, dans le respect de cette diversit\u00e9, permet d\u2019atteindre un seuil critique de citoyens rendant possible l\u2019acc\u00e9l\u00e9ration d&rsquo;une transition qui est d\u00e9j\u00e0 en marche:<\/span><\/span><\/span><\/p>\n<ul>\n<li><span style=\"color: #000000;\"><span style=\"font-family: 'Times New Roman', serif;\"><span style=\"font-size: small;\"><span lang=\"fr-FR\"><i>Le niveau individuel :<\/i><\/span><\/span><\/span><\/span><span style=\"color: #000000;\"><span style=\"font-family: 'Times New Roman', serif;\"><span style=\"font-size: small;\"><span lang=\"fr-FR\"> \u00e0 travers la simplicit\u00e9 volontaire, c&rsquo;est-\u00e0-dire la r\u00e9appropriation, quand elle est possible du sens que l&rsquo;on souhaite donner \u00e0 sa vie. Ce niveau englobe aussi la notion de d\u00e9colonisation de l\u2019imaginaire et une prise de distance avec les pressions sociales port\u00e9es par le toujours plus.<\/span><\/span><\/span><\/span><\/li>\n<\/ul>\n<ul>\n<li><span style=\"color: #000000;\"><span style=\"font-family: 'Times New Roman', serif;\"><span style=\"font-size: small;\"><span lang=\"fr-FR\"><i>Le niveau collectif\u00a0:<\/i><\/span><\/span><\/span><\/span><span style=\"color: #000000;\"><span style=\"font-family: 'Times New Roman', serif;\"><span style=\"font-size: small;\"><span lang=\"fr-FR\"> exp\u00e9rimenter d&rsquo;autres mani\u00e8res de vivre ensemble, de produire, d&rsquo;\u00e9changer et d&rsquo;interagir. Ces alternatives concr\u00e8tes soutenables et conviviales (comme une monnaie locale ou un jardin partag\u00e9 par exemple) sont de formidables outils d&rsquo;exp\u00e9rimentation de ce que pourraient \u00eatre des soci\u00e9t\u00e9s de D\u00e9croissance. Elles constituent le socle du changement, sont sources d\u2019inspiration et de r\u00e9appropriation de l&rsquo;autonomie et de la convivialit\u00e9.<\/span><\/span><\/span><\/span><\/li>\n<\/ul>\n<ul>\n<li><span style=\"color: #000000;\"><span style=\"font-family: 'Times New Roman', serif;\"><span style=\"font-size: small;\"><span lang=\"fr-FR\"><i>Le projet :<\/i><\/span><\/span><\/span><\/span><span style=\"color: #000000;\"><span style=\"font-family: 'Times New Roman', serif;\"><span style=\"font-size: small;\"><span lang=\"fr-FR\"> les ouvrages, les conf\u00e9rences et les congr\u00e8s ne manquent pas pour construire le projet de transition vers les soci\u00e9t\u00e9s de D\u00e9croissance. Comment vivre avec moins de p\u00e9trole\u00a0? Comment relocaliser\u00a0? Comment s\u2019adapter aux villes d\u00e9j\u00e0 existantes\u00a0? Comment recr\u00e9er du lien social\u00a0? Quelle culture, quelle \u00e9cole\u00a0? Pour r\u00e9sumer, comment faire une transition d\u00e9mocratique et sereine vers des soci\u00e9t\u00e9s soutenables et souhaitables en r\u00e9fl\u00e9chissant \u00e0 ce qu\u2019elles pourraient \u00eatre. <\/span><\/span><\/span><\/span><\/li>\n<li><span style=\"color: #000000;\"><span style=\"font-family: 'Times New Roman', serif;\"><span style=\"font-size: small;\"><span lang=\"fr-FR\"><i>La visibilit\u00e9 : <\/i><\/span><\/span><\/span><\/span><span style=\"color: #000000;\"><span style=\"font-family: 'Times New Roman', serif;\"><span style=\"font-size: small;\"><span lang=\"fr-FR\">\u00e0 travers l\u2019organisation de rencontres-d\u00e9bats, de manifestations, d\u2019actions de d\u00e9sob\u00e9issance civile, de passage dans les m\u00e9dias, de publications et la participation \u00e0 des \u00e9lections de mani\u00e8re non-\u00e9lectoraliste. Un ma\u00eetre-mot : le dialogue. Il ne s&rsquo;agit pas convaincre mais d&rsquo;inviter \u00e0 se poser de bonnes questions.<\/span><\/span><\/span><\/span><\/li>\n<\/ul>\n<p><span style=\"color: #000000;\"><span style=\"font-family: 'Times New Roman', serif;\"><span style=\"font-size: small;\">L&rsquo;articulation entre ces diff\u00e9rents niveaux est fondamentale. L&rsquo;enjeu est bien de cr\u00e9er des liens, des passerelles et des solidarit\u00e9s entre ces dynamiques et aussi de les ouvrir. Ainsi la D\u00e9croissance se donne pour but de cr\u00e9er des convergences, avec un pied \u00e0 l&rsquo;ext\u00e9rieur du syst\u00e8me et un dedans.<\/span><\/span><\/span><\/p>\n<p><span style=\"color: #000000;\"><span style=\"font-family: 'Times New Roman', serif;\"><span style=\"font-size: small;\"><b>La D\u00e9croissance : quel(s) projet(s) ?<\/b><\/span><\/span><\/span><\/p>\n<p><span style=\"color: #000000;\"><span style=\"font-family: 'Times New Roman', serif;\"><span style=\"font-size: small;\"><span lang=\"fr-FR\">Ces derni\u00e8res ann\u00e9es plusieurs propositions ont \u00e9merg\u00e9. Elles s&rsquo;appuient sur le fait qu&rsquo;un<\/span><\/span><\/span><\/span><span style=\"color: #000000;\"><span style=\"font-family: 'Times New Roman', serif;\"><span style=\"font-size: small;\"><span lang=\"fr-FR\">e transition est d\u00e9j\u00e0 en marche \u00e0 travers des changements dans les t\u00eates, dans les comportements mais aussi \u00e0 travers les dynamiques int\u00e9ressantes autour des alternatives concr\u00e8tes que l&rsquo;on voit \u00e9merger partout \u00e0 travers le monde.<\/span><\/span><\/span><\/span><\/p>\n<p><span style=\"color: #000000;\"><span style=\"font-family: 'Times New Roman', serif;\"><span style=\"font-size: small;\"><span lang=\"fr-FR\">Toutefois, on observe aussi des \u00e9carts grandissants en terme<\/span><\/span><\/span><\/span><span style=\"color: #000000;\"><span style=\"font-family: 'Times New Roman', serif;\"><span style=\"font-size: small;\"><span lang=\"fr-FR\">s de perception, d&rsquo;implication entre diff\u00e9rentes parties de nos soci\u00e9t\u00e9s. C&rsquo;est pourquoi nous nous sommes d&rsquo;abord int\u00e9ress\u00e9s \u00e0 des outils de repolitisation de la soci\u00e9t\u00e9, de resocialisation de la politique : comment recr\u00e9er d<\/span><\/span><\/span><\/span><span style=\"color: #000000;\"><span style=\"font-family: 'Times New Roman', serif;\"><span style=\"font-size: small;\"><span lang=\"fr-FR\">e la confiance, de la s\u00e9r\u00e9nit\u00e9, du lien dans des so<\/span><\/span><\/span><\/span><span style=\"color: #000000;\"><span style=\"font-family: 'Times New Roman', serif;\"><span style=\"font-size: small;\"><span lang=\"fr-FR\">ci\u00e9t\u00e9s individualistes domin\u00e9es par des peurs r\u00e9elles ou construites, en particulier li\u00e9es \u00e0 l&rsquo;\u00e9conomie. Ainsi, des d\u00e9bats ont \u00e9t\u00e9 lanc\u00e9s sur le revenu de base inconditionnel (RdB), les monnaies locales, les syst\u00e8mes d&rsquo;\u00e9changes, les espaces de gratuit\u00e9, le tout li\u00e9 \u00e0 une r\u00e9flexion sur la relocalisation ouverte.<\/span><\/span><\/span><\/span><\/p>\n<p><span style=\"color: #000000;\"><span style=\"font-family: 'Times New Roman', serif;\"><span style=\"font-size: small;\"><span lang=\"fr-FR\">De m\u00eame, nous soulignons la pr\u00e9gnance des in\u00e9galit\u00e9<\/span><\/span><\/span><\/span><span style=\"color: #000000;\"><span style=\"font-family: 'Times New Roman', serif;\"><span style=\"font-size: small;\"><span lang=\"fr-FR\">s sur nos imaginaires : comment le mode de vie des plus riches n\u2019est, d&rsquo;une part, ni soutenable ni g\u00e9n\u00e9ralisable et, d&rsquo;autre part, participe \u00e0 la cr\u00e9ation de frustrations \u00e0 travers la rivalit\u00e9 ostentatoire. Ainsi, nous proposons d&rsquo;ouvrir le d\u00e9bat sur la mise en place d&rsquo;un revenu maximal acceptable (RM<\/span><\/span><\/span><\/span><span style=\"color: #000000;\"><span style=\"font-family: 'Times New Roman', serif;\"><span style=\"font-size: small;\"><span lang=\"fr-FR\">A) afin de reposer la question du sens des limites. En parall\u00e8le se pose aussi la question des grands projets inutiles et impos\u00e9s, de l&rsquo;obsolescence programm\u00e9e, des <\/span><\/span><\/span><\/span><span style=\"color: #000000;\"><span style=\"font-family: 'Times New Roman', serif;\"><span style=\"font-size: small;\"><span lang=\"fr-FR\"><i>bullshit<\/i><\/span><\/span><\/span><\/span><span style=\"color: #000000;\"><span style=\"font-family: 'Times New Roman', serif;\"><span style=\"font-size: small;\"><span lang=\"fr-FR\"> jobs, de l&rsquo;agression publicitaires, des budgets militaires, etc.<\/span><\/span><\/span><\/span><\/p>\n<p><span style=\"color: #000000;\"><span style=\"font-family: 'Times New Roman', serif;\"><span style=\"font-size: small;\"><span lang=\"fr-FR\">Enfin, nous pensons qu&rsquo;il est plus <\/span><\/span><\/span><\/span><span style=\"color: #000000;\"><span style=\"font-family: 'Times New Roman', serif;\"><span style=\"font-size: small;\"><span lang=\"fr-FR\">que<\/span><\/span><\/span><\/span><span style=\"color: #000000;\"><span style=\"font-family: 'Times New Roman', serif;\"><span style=\"font-size: small;\"><span lang=\"fr-FR\"> jamais temps de sortir de la religion de l&rsquo;\u00e9conomie : nous devons repenser le r\u00f4le jou\u00e9 par l&rsquo;argent, la cr\u00e9ation mon\u00e9taire, les march\u00e9s. Remettre l&rsquo;\u00e9conomie \u00e0 sa place, la r\u00e9-encastrer. Ainsi, nous ouvrons le d\u00e9bat sur l&rsquo;imposture des dettes publiques aussi bien au Nord qu&rsquo;au Sud : pour des audits de la dette, le non-remboursement des parts ill\u00e9gales ou injustes de celles-ci, une r\u00e9appropriation politique et d\u00e9mocratique de la cr\u00e9ation mon\u00e9taire au service de projets de transitions. Pour un d\u00e9passement de l&rsquo;homo-economicus.<\/span><\/span><\/span><\/span><\/p>\n<p><span style=\"color: #000000;\"><span style=\"font-family: 'Times New Roman', serif;\"><span style=\"font-size: small;\"><span lang=\"fr-FR\">Autour de ces r\u00e9flexion<\/span><\/span><\/span><\/span><span style=\"color: #000000;\"><span style=\"font-family: 'Times New Roman', serif;\"><span style=\"font-size: small;\"><span lang=\"fr-FR\"><i>s <\/i><\/span><\/span><\/span><\/span><span style=\"color: #000000;\"><span style=\"font-family: 'Times New Roman', serif;\"><span style=\"font-size: small;\"><span lang=\"fr-FR\">a \u00e9merg\u00e9 une proposition que nous avons <\/span><\/span><\/span><\/span><span style=\"color: #000000;\"><span style=\"font-family: 'Times New Roman', serif;\"><span style=\"font-size: small;\"><span lang=\"fr-FR\">d\u00e9velopp\u00e9e<\/span><\/span><\/span><\/span><span style=\"color: #000000;\"><span style=\"font-family: 'Times New Roman', serif;\"><span style=\"font-size: small;\"><span lang=\"fr-FR\"> dans notre ouvrage collectif <\/span><\/span><\/span><\/span><span style=\"color: #000000;\"><span style=\"font-family: 'Times New Roman', serif;\"><span style=\"font-size: small;\"><span lang=\"fr-FR\"><i>Un projet de D\u00e9croissance<\/i><\/span><\/span><\/span><\/span><span style=\"color: #000000;\"><span style=\"font-family: 'Times New Roman', serif;\"><span style=\"font-size: small;\"><span lang=\"fr-FR\"> (Utopia, 2013) : la dotation inconditionnelle d&rsquo;autonomie (DIA) coupl\u00e9e \u00e0 un RMA.<\/span><\/span><\/span><\/span><\/p>\n<p><span style=\"color: #000000;\"><span style=\"font-family: 'Times New Roman', serif;\"><span style=\"font-size: small;\"><span lang=\"fr-FR\">La DIA consisterait \u00e0 donner \u00e0 chacun, de la naissance \u00e0 la mort, de mani\u00e8re inconditionnelle, ce que l\u2019on consid\u00e8re d\u00e9mocratiquement comme n\u00e9cessaire pour avoir une vie frugale et d\u00e9cente. La DIA est constitu\u00e9<\/span><\/span><\/span><\/span><span style=\"color: #000000;\"><span style=\"font-family: 'Times New Roman', serif;\"><span style=\"font-size: small;\"><span lang=\"fr-FR\"><i>e<\/i><\/span><\/span><\/span><\/span><span style=\"color: #000000;\"><span style=\"font-family: 'Times New Roman', serif;\"><span style=\"font-size: small;\"><span lang=\"fr-FR\"> de droit de tirage sur des ressources (eau, \u00e9nergie), d\u2019acc\u00e8s \u00e0 des services (sant\u00e9, \u00e9cole, pompe fun\u00e8bre, transport)<\/span><\/span><\/span><\/span><span style=\"color: #000000;\"><span style=\"font-family: 'Times New Roman', serif;\"><span style=\"font-size: small;\"><span lang=\"fr-FR\"> mais aussi acc\u00e8s \u00e0 diverses formes de m<\/span><\/span><\/span><\/span><span style=\"color: #000000;\"><span style=\"font-family: 'Times New Roman', serif;\"><span style=\"font-size: small;\"><span lang=\"fr-FR\">onnaies, notamment locales (nourriture, outils, v\u00eatements, services).<\/span><\/span><\/span><\/span><\/p>\n<dl class=\"gallery-item\">\n<dt class=\"gallery-icon portrait\"><a href=\"http:\/\/www.projet-decroissance.net\/?attachment_id=836\"><img loading=\"lazy\" decoding=\"async\" class=\"attachment-full size-full\" src=\"http:\/\/www.projet-decroissance.net\/wp-content\/uploads\/2013\/03\/DIA-tableau-1.jpg\" sizes=\"auto, (max-width: 1175px) 100vw, 1175px\" srcset=\"http:\/\/www.projet-decroissance.net\/wp-content\/uploads\/2013\/03\/DIA-tableau-1.jpg 1175w, http:\/\/www.projet-decroissance.net\/wp-content\/uploads\/2013\/03\/DIA-tableau-1-169x300.jpg 169w, http:\/\/www.projet-decroissance.net\/wp-content\/uploads\/2013\/03\/DIA-tableau-1-578x1024.jpg 578w\" alt=\"\" width=\"1175\" height=\"2080\" \/><\/a><\/dt>\n<\/dl>\n<p><span style=\"color: #000000;\"><span style=\"font-family: 'Times New Roman', serif;\"><span style=\"font-size: small;\"><span lang=\"fr-FR\">Belle id\u00e9e en soi, elle semble difficile \u00e0 mettre en place rapidement. Mais la DIA est beaucoup moins un outil technique qu&rsquo;un outil d&rsquo;accompagnement, de transition afin de se reposer les bonnes questions\u00a0:<\/span><\/span><\/span><\/span><span style=\"color: #000000;\"><span style=\"font-family: 'Times New Roman', serif;\"><span style=\"font-size: small;\"><span lang=\"fr-FR\"> qu&rsquo;est-ce qu&rsquo;on produit ? Comment ? Pour quel usage ?<\/span><\/span><\/span><\/span><\/p>\n<p><span style=\"color: #000000;\"><span style=\"font-family: 'Times New Roman', serif;\"><span style=\"font-size: small;\"><b>La D\u00e9croissance : quelles \u00e9tapes<\/b><\/span><\/span><\/span><\/p>\n<p><span style=\"color: #000000;\"><span style=\"font-family: 'Times New Roman', serif;\"><span style=\"font-size: small;\"><span lang=\"fr-FR\">La transition est en marche comme \u00e9voqu\u00e9<\/span><\/span><\/span><\/span><span style=\"color: #000000;\"><span style=\"text-decoration: line-through;\"><span style=\"font-family: 'Times New Roman', serif;\"><span style=\"font-size: small;\"><span lang=\"fr-FR\"><i>e<\/i><\/span><\/span><\/span><\/span><\/span><span style=\"color: #000000;\"><span style=\"font-family: 'Times New Roman', serif;\"><span style=\"font-size: small;\"><span lang=\"fr-FR\"> pr\u00e9c\u00e9demment. Toutefois, ces d\u00e9marches individuelles, citoyennes et collectives bien que n\u00e9cessaires sont insuffisantes. Ainsi, il faut cr\u00e9er des contre-pouvoir<\/span><\/span><\/span><\/span><span style=\"color: #000000;\"><span style=\"font-family: 'Times New Roman', serif;\"><span style=\"font-size: small;\"><span lang=\"fr-FR\"><i>s<\/i><\/span><\/span><\/span><\/span><span style=\"color: #000000;\"><span style=\"font-family: 'Times New Roman', serif;\"><span style=\"font-size: small;\"><span lang=\"fr-FR\"> \u00e0 travers des convergences afin de permettre \u00e0 ces initiatives de s&rsquo;ouvrir et de s&rsquo;\u00e9tendre : r\u00e9sistance au toujours plus, redistribution, droit \u00e0 l&rsquo;exp\u00e9rimentation, acc\u00e8s aux communs, investissements dans d&rsquo;autres formes d&rsquo;\u00e9ducation, etc.<\/span><\/span><\/span><\/span><\/p>\n<p><span style=\"color: #000000;\"><span style=\"font-family: 'Times New Roman', serif;\"><span style=\"font-size: small;\"><span lang=\"fr-FR\">Une second \u00e9tape qui nous semble int\u00e9ressante serait la mise place de logiques de r\u00e9ductions du temps de travail sur des bases volontaires : travailler moins pour travailler toutes et tous. Ainsi, on peut imaginer des propositions telles qu&rsquo;un droit au cong\u00e9 sabbatique, au temps partiel, la mise en place de<\/span><\/span><\/span><\/span><span style=\"color: #000000;\"><span style=\"font-family: 'Times New Roman', serif;\"><span style=\"font-size: small;\"><span lang=\"fr-FR\"> plateformes afin de partager les projets et ainsi permettre \u00e0 toujours plus de personnes de se lib\u00e9rer d&rsquo;un em<\/span><\/span><\/span><\/span><span style=\"color: #000000;\"><span style=\"font-family: 'Times New Roman', serif;\"><span style=\"font-size: small;\"><span lang=\"fr-FR\">ploi contraint<\/span><\/span><\/span><\/span><span style=\"color: #000000;\"><span style=\"font-family: 'Times New Roman', serif;\"><span style=\"font-size: small;\"><span lang=\"fr-FR\"> et de se r\u00e9approprier des activit\u00e9s qui ont du sens.<\/span><\/span><\/span><\/span><\/p>\n<p><span style=\"color: #000000;\"><span style=\"font-family: 'Times New Roman', serif;\"><span style=\"font-size: small;\"><span lang=\"fr-FR\">Enfin, une troisi\u00e8me \u00e9tape, toujours en s&rsquo;appuyant sur des dynamiques de transformations individuelles et collectives, culturelles et locales, consiste en la mise en place d&rsquo;un RdB coupl\u00e9 \u00e0 un RMA. Cette mesure est techniquement simple \u00e0 instaurer et \u00e9conomiqu<\/span><\/span><\/span><\/span><span style=\"color: #000000;\"><span style=\"font-family: 'Times New Roman', serif;\"><span style=\"font-size: small;\"><span lang=\"fr-FR\">ement <\/span><\/span><\/span><\/span><span style=\"color: #000000;\"><span style=\"font-family: 'Times New Roman', serif;\"><span style=\"font-size: small;\"><span lang=\"fr-FR\">r\u00e9aliste. Elle ne n\u00e9cessite que courage politique et forte mobilisation citoyenne. Ce RdB, en s&rsquo;appuyant sur des transformations en cours et des r\u00e9formes \u00e0 mettre en place pourrait \u00eatre \u00e9tape par \u00e9tape d\u00e9mon\u00e9taris\u00e9 : ainsi on pourrait substituer de l&rsquo;argent national<\/span><\/span><\/span><\/span><span style=\"color: #000000;\"><span style=\"text-decoration: line-through;\"><span style=\"font-family: 'Times New Roman', serif;\"><span style=\"font-size: small;\"><span lang=\"fr-FR\">e<\/span><\/span><\/span><\/span><\/span><span style=\"color: #000000;\"><span style=\"font-family: 'Times New Roman', serif;\"><span style=\"font-size: small;\"><span lang=\"fr-FR\"> ou <\/span><\/span><\/span><\/span><span style=\"color: #000000;\"><span style=\"font-family: 'Times New Roman', serif;\"><span style=\"font-size: small;\"><span lang=\"fr-FR\">supranational par des monnaies locales, des droits d&rsquo;acc\u00e8s ou de tirage. Progressivement, de mani\u00e8re d\u00e9c<\/span><\/span><\/span><\/span><span style=\"color: #000000;\"><span style=\"font-family: 'Times New Roman', serif;\"><span style=\"font-size: small;\"><span lang=\"fr-FR\">entralis\u00e9e, en partant du bas et avec un accompagnement sur tous les niveaux on pourrait assister \u00e0 une relocalisation ouverte de nos activit\u00e9s vers plus de soutenabilit\u00e9 et de bien-\u00eatre.<\/span><\/span><\/span><\/span><\/p>\n<dl class=\"gallery-item\">\n<dt class=\"gallery-icon landscape\"><a href=\"http:\/\/www.projet-decroissance.net\/?attachment_id=835\"><img loading=\"lazy\" decoding=\"async\" class=\"attachment-full size-full\" src=\"http:\/\/www.projet-decroissance.net\/wp-content\/uploads\/2013\/03\/DIA-tableau-2.jpg\" sizes=\"auto, (max-width: 1119px) 100vw, 1119px\" srcset=\"http:\/\/www.projet-decroissance.net\/wp-content\/uploads\/2013\/03\/DIA-tableau-2.jpg 1119w, http:\/\/www.projet-decroissance.net\/wp-content\/uploads\/2013\/03\/DIA-tableau-2-300x175.jpg 300w, http:\/\/www.projet-decroissance.net\/wp-content\/uploads\/2013\/03\/DIA-tableau-2-1024x600.jpg 1024w\" alt=\"\" width=\"1119\" height=\"656\" \/><\/a><\/dt>\n<\/dl>\n<p><span style=\"color: #000000;\"><span style=\"font-family: 'Times New Roman', serif;\"><span style=\"font-size: small;\"><b>La D\u00e9croissance : quelles influences, limites et perspectives<\/b><\/span><\/span><\/span><\/p>\n<p><span style=\"color: #000000;\"><span style=\"font-family: 'Times New Roman', serif;\"><span style=\"font-size: small;\"><span lang=\"fr-FR\">Dans un r\u00f4le d&#8217;emp\u00eacheur de penser en rond, la D\u00e9croissance \u00e0 travers son slogan provocateur et sa pens\u00e9e multidimensionnelle joue un r\u00f4le int\u00e9ressant depuis une quinzaine d&rsquo;ann\u00e9e. A travers sa strat\u00e9gie et ses exp\u00e9rimentations, elle explore de nouvelles mani\u00e8res de vivre ensemble, mais aussi de produire et d&rsquo;\u00e9changer. Bien que tr\u00e8s minoritaire, elle p\u00e8se sur les d\u00e9bats, en particulier dans les milieux militants et politiques, intellectuels et universitaires. De m\u00eame, notamment \u00e0 travers ses rencontres internationales biennales, elle participe \u00e0 un dialogue ouvert entre diff\u00e9rentes r\u00e9gions du monde. Un des \u00e9v\u00e9nements fondateurs de la D\u00e9croissance s&rsquo;est tenu \u00e0 l&rsquo;Unesco en 2002 autour du colloque <\/span><\/span><\/span><\/span><span style=\"color: #000000;\"><span style=\"font-family: 'Times New Roman', serif;\"><span style=\"font-size: small;\"><span lang=\"fr-FR\"><i>d\u00e9faire le d\u00e9veloppement, refaire le monde<\/i><\/span><\/span><\/span><\/span><span style=\"color: #000000;\"><span style=\"font-family: 'Times New Roman', serif;\"><span style=\"font-size: small;\"><span lang=\"fr-FR\">. Elle s&rsquo;inscrit ainsi dans une critique radicale du d\u00e9veloppement et souligne l&rsquo;importance de penser des solutions \u00e0 diff\u00e9rents niveaux et de mani\u00e8re concert\u00e9e. C&rsquo;est pourquoi, la notion de relocalisation ouverte est aussi une de ces id\u00e9es centrales et constitue les bases d&rsquo;une nouvelle<\/span><\/span><\/span><\/span><span style=\"color: #000000;\"><span style=\"text-decoration: line-through;\"><span style=\"font-family: 'Times New Roman', serif;\"><span style=\"font-size: small;\"><span lang=\"fr-FR\">s<\/span><\/span><\/span><\/span><\/span><span style=\"color: #000000;\"><span style=\"font-family: 'Times New Roman', serif;\"><span style=\"font-size: small;\"><span lang=\"fr-FR\"> internationale, d\u00e9centralis\u00e9e, diverse et solidaire.<\/span><\/span><\/span><\/span><\/p>\n<p><strong><span style=\"color: #000000;\"><span style=\"font-family: 'Times New Roman', serif;\"><span style=\"font-size: small;\">Vincent Liegey<\/span><\/span><\/span><\/strong><\/p>\n<p><span style=\"color: #000000;\"><span style=\"font-family: 'Times New Roman', serif;\"><span style=\"font-size: small;\"><span lang=\"fr-FR\">Co-auteur d&rsquo;<\/span><\/span><\/span><\/span><span style=\"color: #000000;\"><span style=\"font-family: 'Times New Roman', serif;\"><span style=\"font-size: small;\"><span lang=\"fr-FR\"><i>Un Projet de D\u00e9croissance<\/i><\/span><\/span><\/span><\/span><span style=\"color: #000000;\"><span style=\"font-family: 'Times New Roman', serif;\"><span style=\"font-size: small;\"><span lang=\"fr-FR\"> (Utopia, 2013), ing\u00e9nieur, chercheur interdisciplinaire, coordinateur de la coop\u00e9rative sociale Cargonomia.<br \/>\nAvec St\u00e9phane Madelaine, Christophe Ondet et Anisabel Veillot.<\/span><\/span><\/span><\/span><\/p>\n<article>\n<aside>\n<div class=\"liste documents documents_joints\"><\/div>\n<\/aside>\n<\/article>\n<p>&nbsp;<\/p>\n","protected":false},"excerpt":{"rendered":"<p>La D\u00e9croissance, quelles strat\u00e9gies, propositions et limites Depuis une quinzaine d&rsquo;ann\u00e9es, le mouvement de la D\u00e9croissance a d\u00e9velopp\u00e9 des id\u00e9es, des strat\u00e9gies et des propositions susceptibles d&rsquo;initier et de soutenir des transitions d\u00e9mocratiques et sereines vers de nouveaux mod\u00e8les de &hellip; <a href=\"http:\/\/www.projet-decroissance.net\/?p=2243\">Continuer la lecture <span class=\"meta-nav\">&rarr;<\/span><\/a><\/p>\n","protected":false},"author":3,"featured_media":0,"comment_status":"closed","ping_status":"open","sticky":false,"template":"","format":"standard","meta":{"footnotes":""},"categories":[1,7,9],"tags":[],"class_list":["post-2243","post","type-post","status-publish","format-standard","hentry","category-actualites","category-dans-la-presse-et-sur-la-toile","category-dotation-inconditionnelle-dautonomie"],"_links":{"self":[{"href":"http:\/\/www.projet-decroissance.net\/index.php?rest_route=\/wp\/v2\/posts\/2243","targetHints":{"allow":["GET"]}}],"collection":[{"href":"http:\/\/www.projet-decroissance.net\/index.php?rest_route=\/wp\/v2\/posts"}],"about":[{"href":"http:\/\/www.projet-decroissance.net\/index.php?rest_route=\/wp\/v2\/types\/post"}],"author":[{"embeddable":true,"href":"http:\/\/www.projet-decroissance.net\/index.php?rest_route=\/wp\/v2\/users\/3"}],"replies":[{"embeddable":true,"href":"http:\/\/www.projet-decroissance.net\/index.php?rest_route=%2Fwp%2Fv2%2Fcomments&post=2243"}],"version-history":[{"count":8,"href":"http:\/\/www.projet-decroissance.net\/index.php?rest_route=\/wp\/v2\/posts\/2243\/revisions"}],"predecessor-version":[{"id":2901,"href":"http:\/\/www.projet-decroissance.net\/index.php?rest_route=\/wp\/v2\/posts\/2243\/revisions\/2901"}],"wp:attachment":[{"href":"http:\/\/www.projet-decroissance.net\/index.php?rest_route=%2Fwp%2Fv2%2Fmedia&parent=2243"}],"wp:term":[{"taxonomy":"category","embeddable":true,"href":"http:\/\/www.projet-decroissance.net\/index.php?rest_route=%2Fwp%2Fv2%2Fcategories&post=2243"},{"taxonomy":"post_tag","embeddable":true,"href":"http:\/\/www.projet-decroissance.net\/index.php?rest_route=%2Fwp%2Fv2%2Ftags&post=2243"}],"curies":[{"name":"wp","href":"https:\/\/api.w.org\/{rel}","templated":true}]}}