{"id":2260,"date":"2017-03-30T07:45:37","date_gmt":"2017-03-30T07:45:37","guid":{"rendered":"http:\/\/www.projet-decroissance.net\/?p=2260"},"modified":"2017-03-30T07:47:37","modified_gmt":"2017-03-30T07:47:37","slug":"bienvenue-en-decroissance-par-le-comptoir-le-30-novembre-2016","status":"publish","type":"post","link":"http:\/\/www.projet-decroissance.net\/?p=2260","title":{"rendered":"Bienvenue en d\u00e9croissance &#8211; Conf\u00e9rence internationale de la D\u00e9croissance de Budapest"},"content":{"rendered":"<p><em><strong>Du\u00a0 30 ao\u00fbt au 3\u00a0septembre 2016, Budapest a accueilli \u00e0 l\u2019Universit\u00e9 Corvinus la 5<sup>e<\/sup> Conf\u00e9rence internationale de la d\u00e9croissance. Vincent Liegey, co-auteur d&rsquo;<a href=\"http:\/\/www.projet-decroissance.net\/\" target=\"_blank\">Un Projet de D\u00e9croissance<\/a> (Editions Utopia) et coordinateur de l&rsquo;\u00e9v\u00e9nement\u00a0nous livre son carnet de bord sur l\u2019organisation de cet rencontre\u00a0majeure pour les objecteurs de croissance.<\/strong><\/em><\/p>\n<p>Tout a commenc\u00e9 \u00e0 Leipzig en septembre 2014 lors de la 4<sup>e<\/sup> Conf\u00e9rence internationale de la d\u00e9croissance. Nous avions organis\u00e9 avec plusieurs collectifs d\u2019Europe centrale, de l\u2019Est et des Balkans une session sp\u00e9ciale posant la question de <a href=\"http:\/\/www.projet-decroissance.net\/?p=1887\" target=\"_blank\">la pertinence de la d\u00e9croissance dans un contexte post-communisme d\u2019\u00c9tat<\/a>. Lors du d\u00e9jeuner suivant cette session \u00e9merge alors l\u2019id\u00e9e d\u2019organiser la 5<sup>e<\/sup> \u00e9dition \u00e0 Budapest. Quel projet ! Je propose \u00e0 travers ce texte de revenir de mani\u00e8re critique et r\u00e9flexive sur cette aventure formidable, pas toujours facile, conviviale et riche d\u2019enseignements. Pendant deux ans, nous avons flirt\u00e9 avec nos limites, nous avons d\u00fb composer avec nos contradictions, entre principes, aspirations, coh\u00e9rence et r\u00e9alit\u00e9\u2026 Bienvenue en d\u00e9croissance.<\/p>\n<h2>Comment \u00e9viter la crise de croissance ?<\/h2>\n<p><!--more--><\/p>\n<div id=\"attachment_1920\" class=\"wp-caption alignright\" data-shortcode=\"caption\">\n<p><a href=\"https:\/\/comptoirdotorg.files.wordpress.com\/2014\/12\/vincent-liegey-reveur-coul-budapest-ophelia-noor-mai-2012-0920.jpg\"><img loading=\"lazy\" decoding=\"async\" class=\"wp-image-1920 size-medium\" src=\"https:\/\/comptoirdotorg.files.wordpress.com\/2014\/12\/vincent-liegey-reveur-coul-budapest-ophelia-noor-mai-2012-0920.jpg?w=300&amp;h=200\" sizes=\"auto, (max-width: 300px) 100vw, 300px\" srcset=\"https:\/\/comptoirdotorg.files.wordpress.com\/2014\/12\/vincent-liegey-reveur-coul-budapest-ophelia-noor-mai-2012-0920.jpg?w=300&amp;h=200 300w, https:\/\/comptoirdotorg.files.wordpress.com\/2014\/12\/vincent-liegey-reveur-coul-budapest-ophelia-noor-mai-2012-0920.jpg?w=600&amp;h=400 600w, https:\/\/comptoirdotorg.files.wordpress.com\/2014\/12\/vincent-liegey-reveur-coul-budapest-ophelia-noor-mai-2012-0920.jpg?w=150&amp;h=100 150w\" alt=\"vincent-liegey-reveur-coul-budapest-ophelia-noor-mai-2012-0920\" width=\"300\" height=\"200\" data-attachment-id=\"1920\" data-permalink=\"https:\/\/comptoir.org\/2014\/12\/08\/vincent-liegey-la-decroissance-sinscrit-dans-une-tradition-politique-de-gauche\/vincent-liegey-reveur-coul-budapest-ophelia-noor-mai-2012-0920\/\" data-orig-file=\"https:\/\/comptoirdotorg.files.wordpress.com\/2014\/12\/vincent-liegey-reveur-coul-budapest-ophelia-noor-mai-2012-0920.jpg\" data-orig-size=\"990,659\" data-comments-opened=\"1\" data-image-meta=\"{&quot;aperture&quot;:&quot;0&quot;,&quot;credit&quot;:&quot;&quot;,&quot;camera&quot;:&quot;&quot;,&quot;caption&quot;:&quot;&quot;,&quot;created_timestamp&quot;:&quot;0&quot;,&quot;copyright&quot;:&quot;OPHELIA NOOR&quot;,&quot;focal_length&quot;:&quot;0&quot;,&quot;iso&quot;:&quot;0&quot;,&quot;shutter_speed&quot;:&quot;0&quot;,&quot;title&quot;:&quot;&quot;,&quot;orientation&quot;:&quot;0&quot;}\" data-image-title=\"vincent-liegey-reveur-coul-budapest-ophelia-noor-mai-2012-0920\" data-image-description=\"\" data-medium-file=\"https:\/\/comptoirdotorg.files.wordpress.com\/2014\/12\/vincent-liegey-reveur-coul-budapest-ophelia-noor-mai-2012-0920.jpg?w=300&amp;h=200\" data-large-file=\"https:\/\/comptoirdotorg.files.wordpress.com\/2014\/12\/vincent-liegey-reveur-coul-budapest-ophelia-noor-mai-2012-0920.jpg?w=990\" \/><\/a><\/p>\n<p class=\"wp-caption-text\">Vincent Liegey<\/p>\n<\/div>\n<p>Les choses se mettent en place au cours de l\u2019automne et se concr\u00e9tisent en janvier 2015 \u00e0 l\u2019occasion d\u2019une <a href=\"https:\/\/reporterre.net\/CHRONIQUE-La-decroissance-se-leve\" target=\"_blank\">rencontre r\u00e9gionale \u00e0 Budapest<\/a>. Un collectif ouvert se construit autour de coop\u00e9rations \u00e0 la fois budapestoises, hongroises mais aussi r\u00e9gionales. L\u2019Universit\u00e9 d\u2019\u00e9conomie accepte de nous accueillir. Fin janvier, le projet de candidature est ficel\u00e9, puis retenu en mars. Tout au long de cet hiver, je suis travers\u00e9, taraud\u00e9, par ce questionnement : comment mener \u00e0 bien un projet d\u2019une telle ampleur, une rencontre internationale, en coh\u00e9rence avec les principes de la d\u00e9croissance ? Je suis actif dans ce mouvement depuis une dizaine d\u2019ann\u00e9es. Je ne me suis \u00e9panoui que dans des petits collectifs ouverts, sans bureaucratie, sans administration, mais bas\u00e9s sur la confiance, la d\u00e9brouille, le faire soi-m\u00eame, quels que soient les projets, th\u00e9oriques ou pratiques, organisationnels ou communicationnels. Toute tentative autre s\u2019est mal termin\u00e9e. Comment alors \u00e9viter la crise de croissance ? Est-ce possible pour un projet d\u2019une telle ampleur ? La d\u00e9croissance ne consiste t-elle pas, en premier lieu, \u00e0 questionner les limites ? De plus, nous avons la responsabilit\u00e9 de passer apr\u00e8s la conf\u00e9rence de Leipzig et ses 3 500 participants, mais aussi apr\u00e8s les aventures de Paris, Barcelone, Montr\u00e9al et Venise qui, chacune \u00e0 leur mani\u00e8re, ont rencontr\u00e9 de vifs succ\u00e8s. O\u00f9 se situent les <a href=\"https:\/\/fr.wikipedia.org\/wiki\/Ivan_Illich#Contre-productivit.C3.A9\" target=\"_blank\">seuils de contre-productivit\u00e9<\/a> d\u2019un tel projet ? Une conf\u00e9rence internationale de la d\u00e9croissance, n\u2019est-ce d\u00e9j\u00e0 pas contradictoire ? Comment l\u2019organiser ? Quelles limites de participants, d\u2019\u00e9v\u00e9nements, de t\u00e2ches, de budget pour nos \u00e9quipes ?<\/p>\n<blockquote><p><em><strong>\u00ab\u00a0Le but est d\u2019offrir, le temps d\u2019une semaine, \u00e0 Budapest, des espaces de s\u00e9r\u00e9nit\u00e9 afin de se rencontrer et d\u2019\u00e9changer, en insistant sur la diversit\u00e9 des approches, des cultures, des chemins et des m\u00e9thodes.\u00a0\u00bb<\/strong><\/em><\/p><\/blockquote>\n<p>Ces d\u00e9bats et r\u00e9flexions sont d\u00e9j\u00e0 bien pr\u00e9sents dans le projet de candidature. Tr\u00e8s vite un consensus s\u2019impose autour de l\u2019id\u00e9e de limiter le nombre de participants : <a href=\"https:\/\/fr.wikipedia.org\/wiki\/Small_is_beautiful\" target=\"_blank\"><em>\u00ab\u00a0small is beautiful\u00a0\u00bb<\/em><\/a>. Face \u00e0 cette question,\u00a0 un consensus s\u2019impose tr\u00e8s vite : nous d\u00e9cidons de limiter les participants \u00e0 500. L\u2019enjeu n\u2019est pas de faire du <em>buzz<\/em> pour du <em>buzz<\/em>, ni de faire nombre. Au contraire, nous souhaitons proposer un espace de dialogue convivial autour de la d\u00e9croissance. Le but est d\u2019offrir, le temps d\u2019une semaine, \u00e0 Budapest, des espaces de s\u00e9r\u00e9nit\u00e9 afin de se rencontrer et d\u2019\u00e9changer, en insistant sur la diversit\u00e9 des approches, des cultures, des chemins et des m\u00e9thodes. Cette diversit\u00e9 est ce qui fait la force de la d\u00e9croissance.<\/p>\n<p>Budapest s\u2019est impos\u00e9e d\u2019elle-m\u00eame. Cette ville permet de se r\u00e9approprier des espaces o\u00f9 le temps semble s\u2019\u00eatre arr\u00eat\u00e9, la cr\u00e9ativit\u00e9 pouvant totalement s\u2019exprimer. Port\u00e9s par cette coh\u00e9rence et afin de ne fermer aucune porte, nous proposons de lancer un appel pour des \u00e9v\u00e9nements locaux et parall\u00e8les partout \u00e0 travers le monde. Ainsi, nous allons mettre en place des outils interactifs qui permettent de se rencontrer, de dialoguer. L\u2019enjeu est de trouver un juste \u00e9quilibre entre le besoin, la pertinence, d\u2019une rencontre biennale large et la coh\u00e9rence de la relocalisation. De m\u00eame, \u00e9merge rapidement l\u2019id\u00e9e d\u2019organiser en parall\u00e8le de cette conf\u00e9rence, une semaine de la d\u00e9croissance. On propose ainsi un festival ouvert \u00e0 toutes et \u00e0 tous, immisc\u00e9 dans la vie budapestoise. Sans trop savoir exactement quelles formes prendront ces id\u00e9es encore floues, nous faisons le choix risqu\u00e9 et n\u00e9cessaire de l\u2019exp\u00e9rimentation.<\/p>\n<h2>De l\u2019international vers le local\u2026<\/h2>\n<p>Ce dernier projet est port\u00e9 par le groupe de soutien (<em>support group<\/em>), compos\u00e9 d\u2019organisateurs des anciennes \u00e9ditions. Un cahier des charges est propos\u00e9. Notre candidature est \u00e9tudi\u00e9e en profondeur, s\u00e9lectionn\u00e9e, puis vivement comment\u00e9e. Plusieurs critiques, questions et d\u00e9fis \u00e9mergent. On se retrouve ainsi \u00e0 exp\u00e9rimenter dans le concret ce que nous th\u00e9orisons : la question de la <a href=\"http:\/\/www.bastamag.net\/Ni-protectionnisme-ni-neoliberalisme-mais-une-relocalisation-ouverte-base-d-une\" target=\"_blank\">relocalisation ouverte<\/a> et ses institutions, de la subsidiarit\u00e9 et de ses limites.<\/p>\n<p>Quelles marges de man\u0153uvre, quelle autonomie avons-nous par rapport \u00e0 cet h\u00e9ritage ? Quels \u00e9quilibres trouver entre un groupe l\u00e9gitime, exp\u00e9riment\u00e9, une dynamique internationale et des contraintes et aspirations locales ? Tout le printemps sera travers\u00e9 par ces questions qui restent pr\u00e9gnantes et continuent \u00e0 animer le groupe de soutien que nous venons de rejoindre.<\/p>\n<p>Ainsi, malgr\u00e9 une opposition forte, nous restons fermes sur notre choix, risqu\u00e9 mais coh\u00e9rent, de limiter le nombre de participants. D\u2019autres remarques, critiques et conseils seront pris en compte. Le dialogue se met en place, non sans incompr\u00e9hensions. Nous devons jouer les \u00e9quilibristes entre la responsabilit\u00e9 offerte de repr\u00e9senter un mouvement international en pleine croissance et les contraintes inh\u00e9rentes \u00e0 des moyens limit\u00e9s, aussi par choix, et l\u2019ancrage dans des dynamiques locales naissantes et fragiles.<\/p>\n<blockquote><p><em><strong>\u00ab\u00a0On relocalise et on ouvre : le local offre des conditions d\u2019accueil conviviales et coh\u00e9rentes, le global offre une dynamique qui renforce le local, suscite de l\u2019int\u00e9r\u00eat et ouvre des portes.\u00a0\u00bb<\/strong><\/em><\/p><\/blockquote>\n<p>Ces questions interpellent sur le r\u00f4le des institutions. L\u2019exp\u00e9rience nous montre leur pertinence quand elle ne sont pas un lieu de d\u00e9cision, de pouvoir mais quand elles offrent des espaces de rencontres, d\u2019\u00e9changes et de dialogues entre le local et le global, entre des contraintes particuli\u00e8res et des exp\u00e9riences riches. On exp\u00e9rimente ainsi la subsidiarit\u00e9, en partant de l\u2019international vers le local.<\/p>\n<h2>\u2026 et du local \u00e0 l\u2019international<\/h2>\n<p>Nous voil\u00e0 \u00e0 Budapest, ou plut\u00f4t dans notre r\u00e9gion avec notre projet collectif. Fin juin se tient la premi\u00e8re r\u00e9union de coordination. Pendant trois jours, on va peaufiner le projet et construire les piliers, les fondations de cette rencontre : quel sens, quels objectifs, quelles coh\u00e9rences avec la d\u00e9croissance. On commence aussi \u00e0 construire les \u00e9quipes, le budget, le calendrier des t\u00e2ches. Non sans d\u00e9saccords, une dynamique de groupe se met en place. L\u2019enjeu va \u00eatre d\u2019animer ensemble un collectif divers et ouvert avec des habitudes, approches, visions, perceptions, attentes ou encore objectifs contradictoires mais surtout compl\u00e9mentaires. Ce projet s\u2019appuie sur le local, o\u00f9 <a href=\"http:\/\/www.cafebabel.fr\/style-de-vie\/article\/cargonomia-lalternative-economique-venue-de-hongrie.html\" target=\"_blank\">nous exp\u00e9rimentons, \u00e0 Budapest<\/a>, au quotidien, la d\u00e9croissance \u00e0 travers un r\u00e9seau d\u2019alternatives. Il s\u2019ouvre au r\u00e9gional et s\u2019articule autour de partenaires souvent plus institutionnalis\u00e9s de G\u00f6d\u00f6ll\u00f6, de Ljubljana, de Zagreb, mais aussi d\u2019Allemagne. Enfin le dialogue avec le groupe de soutien reste central et a pour but d\u2019accueillir des centaines de personnes de nos r\u00e9seaux et d\u2019ailleurs. L\u2019enjeu est effectivement d\u2019inscrire cette rencontre dans la vie hongroise, de sortir de nos r\u00e9seaux privil\u00e9gi\u00e9s. On relocalise et on ouvre : le local offre des conditions d\u2019accueil conviviales et coh\u00e9rentes, le global offre une dynamique qui renforce le local, suscite de l\u2019int\u00e9r\u00eat et ouvre des portes.<\/p>\n<p><a href=\"https:\/\/comptoirdotorg.files.wordpress.com\/2016\/11\/confc3a9rence-1.jpg\"><img decoding=\"async\" class=\"aligncenter wp-image-14823 size-large\" src=\"https:\/\/comptoirdotorg.files.wordpress.com\/2016\/11\/confc3a9rence-1.jpg?w=1024&amp;h=683\" sizes=\"(max-width: 957px) 100vw, 957px\" srcset=\"https:\/\/comptoirdotorg.files.wordpress.com\/2016\/11\/confc3a9rence-1.jpg 957w, https:\/\/comptoirdotorg.files.wordpress.com\/2016\/11\/confc3a9rence-1.jpg?w=150&amp;h=100 150w, https:\/\/comptoirdotorg.files.wordpress.com\/2016\/11\/confc3a9rence-1.jpg?w=300&amp;h=200 300w, https:\/\/comptoirdotorg.files.wordpress.com\/2016\/11\/confc3a9rence-1.jpg?w=768&amp;h=512 768w\" alt=\"conference-1\" data-attachment-id=\"14823\" data-permalink=\"https:\/\/comptoir.org\/2016\/11\/30\/bienvenue-en-decroissance\/conference-1\/\" data-orig-file=\"https:\/\/comptoirdotorg.files.wordpress.com\/2016\/11\/confc3a9rence-1.jpg\" data-orig-size=\"957,638\" data-comments-opened=\"1\" data-image-meta=\"{&quot;aperture&quot;:&quot;0&quot;,&quot;credit&quot;:&quot;&quot;,&quot;camera&quot;:&quot;&quot;,&quot;caption&quot;:&quot;&quot;,&quot;created_timestamp&quot;:&quot;0&quot;,&quot;copyright&quot;:&quot;&quot;,&quot;focal_length&quot;:&quot;0&quot;,&quot;iso&quot;:&quot;0&quot;,&quot;shutter_speed&quot;:&quot;0&quot;,&quot;title&quot;:&quot;&quot;,&quot;orientation&quot;:&quot;0&quot;}\" data-image-title=\"conference-1\" data-image-description=\"\" data-medium-file=\"https:\/\/comptoirdotorg.files.wordpress.com\/2016\/11\/confc3a9rence-1.jpg?w=300\" data-large-file=\"https:\/\/comptoirdotorg.files.wordpress.com\/2016\/11\/confc3a9rence-1.jpg?w=957\" \/><\/a><\/p>\n<h2>L\u2019art de la d\u00e9brouille<\/h2>\n<p>La question du budget ne fut pas simple du fait de la diversit\u00e9 des partenaires et des habitudes, entre ONG institutionnalis\u00e9es et alternatives d\u00e9croissantes sans argent. L\u00e0 aussi, on a d\u00fb composer avec un pied dans le syst\u00e8me, un autre dans l\u2019exp\u00e9rimentation. Ainsi, des personnes ont \u00e9t\u00e9 r\u00e9mun\u00e9r\u00e9es normalement via leurs institutions, d\u2019autres ont essay\u00e9 de s\u2019auto-instituer une <a href=\"http:\/\/www.projet-decroissance.net\/?p=2188\" target=\"_blank\">dotation inconditionnelle d\u2019autonomie<\/a> quand d\u2019autres \u00e9taient seulement volontaires. Tout au long du projet, l\u2019\u00e9quipa a \u00e9t\u00e9 anim\u00e9 par la volont\u00e9 de construire des circularit\u00e9s : chaque euro ne doit pas \u00eatre une d\u00e9pense mais un investissement renfor\u00e7ant un projet, un partenaire ou un outil. Par exemple, les salaires hors du budget direct de la conf\u00e9rence offraient du temps libre pour s\u2019impliquer dans le projet. De m\u00eame plut\u00f4t que de payer directement la graphiste qui a fait le logo, nous lui avons achet\u00e9 un v\u00e9lo-cargo fabriqu\u00e9 par un des partenaires. Ou encore, le montage d\u2019une vid\u00e9o de communication a \u00e9t\u00e9 pay\u00e9 en paniers de l\u00e9gumes bios d\u00e9livr\u00e9s en v\u00e9lo-cargo dans Budapest.<\/p>\n<p>De la m\u00eame mani\u00e8re, nous avons limit\u00e9 au maximum le recrutement de prestataires de service dans une logique de r\u00e9appropriation des outils. Le plus bel exemple est la formidable et ambitieuse coop\u00e9ration entre nos \u00e9quipes scientifiques et des programmeurs qui a permis de mettre en place des <a href=\"https:\/\/scriptum.degrowth.net\/en\/DG2016\/public\/schedule\" target=\"_blank\">plateformes <em>open source<\/em><\/a> que l\u2019on a utilis\u00e9es pour la partie universitaire des rencontres. Nous avons m\u00eame exp\u00e9riment\u00e9 un syst\u00e8me de relecture classique avec un comit\u00e9 scientifique participatif en impliquant toutes les personnes qui ont soumis leurs travaux.<\/p>\n<p>Un des d\u00e9fis majeurs \u00e9tait de nourrir plusieurs centaines de personnes avec des produits locaux et bios pendant une semaine, achet\u00e9s directement aupr\u00e8s de nos partenaires producteurs et avec une cuisine locale et v\u00e9g\u00e9tarienne. Au terme d\u2019une coop\u00e9ration de plus d\u2019un an sem\u00e9e d\u2019emb\u00fbches, nous avons r\u00e9ussi \u00e0 faire travailler ensemble plusieurs coop\u00e9ratives pour un r\u00e9sultat d\u2019une grande qualit\u00e9 qui a permis de renforcer les dynamiques locales. Enfin, nous avons trouv\u00e9 un \u00e9quilibre int\u00e9ressant puisque 80% du budget a \u00e9t\u00e9 auto-financ\u00e9 par les dons libres mis en place pour l\u2019inscription \u00e0 la conf\u00e9rence. L\u2019argent a \u00e9t\u00e9 g\u00e9r\u00e9 par cinq organisations diff\u00e9rentes de mani\u00e8re transparente.<\/p>\n<p>Le budget comptable est d\u00e9risoire compar\u00e9 \u00e0 l\u2019investissement r\u00e9el, aux b\u00e9n\u00e9fices humains et \u00e0 l\u2019impact global \u00e0 court, moyen et long terme. Ainsi, on a su minimiser les d\u00e9penses inutiles et redistribuer \u00e0 la fin un petit surplus pour d\u00e9dommager des volontaires, soutenir des projets locaux port\u00e9s par les organisateurs, contribuer \u00e0 l\u2019organisation d\u2019une r\u00e9union du groupe de soutien en vue des prochaines \u00e9ditions ou encore offrir un p\u00e9cule de d\u00e9part pour nos successeurs.<\/p>\n<p>De m\u00eame, plusieurs partenaires \u2014 en particulier des prestataires qui au d\u00e9part ne connaissaient rien \u00e0 la d\u00e9croissance \u2014 ont \u00e9t\u00e9 agr\u00e9ablement surpris par l\u2019aventure et ont spontan\u00e9ment propos\u00e9 des ristournes ! Pour l\u2019un d\u2019eux, en guise de facture, nous avons re\u00e7u un courriel de remerciement mettant en avant comment cette exp\u00e9rience a remis en question leur entreprise, leur rapport au travail et \u00e0 leurs familles !<a href=\"https:\/\/comptoirdotorg.files.wordpress.com\/2016\/11\/confc3a9rence-2.jpg\"><img decoding=\"async\" class=\"aligncenter wp-image-14824 size-large\" src=\"https:\/\/comptoirdotorg.files.wordpress.com\/2016\/11\/confc3a9rence-2.jpg?w=1024&amp;h=684\" sizes=\"(max-width: 956px) 100vw, 956px\" srcset=\"https:\/\/comptoirdotorg.files.wordpress.com\/2016\/11\/confc3a9rence-2.jpg 956w, https:\/\/comptoirdotorg.files.wordpress.com\/2016\/11\/confc3a9rence-2.jpg?w=150&amp;h=100 150w, https:\/\/comptoirdotorg.files.wordpress.com\/2016\/11\/confc3a9rence-2.jpg?w=300&amp;h=200 300w, https:\/\/comptoirdotorg.files.wordpress.com\/2016\/11\/confc3a9rence-2.jpg?w=768&amp;h=513 768w\" alt=\"conference-2\" data-attachment-id=\"14824\" data-permalink=\"https:\/\/comptoir.org\/2016\/11\/30\/bienvenue-en-decroissance\/conference-2\/\" data-orig-file=\"https:\/\/comptoirdotorg.files.wordpress.com\/2016\/11\/confc3a9rence-2.jpg\" data-orig-size=\"956,638\" data-comments-opened=\"1\" data-image-meta=\"{&quot;aperture&quot;:&quot;0&quot;,&quot;credit&quot;:&quot;&quot;,&quot;camera&quot;:&quot;&quot;,&quot;caption&quot;:&quot;&quot;,&quot;created_timestamp&quot;:&quot;0&quot;,&quot;copyright&quot;:&quot;&quot;,&quot;focal_length&quot;:&quot;0&quot;,&quot;iso&quot;:&quot;0&quot;,&quot;shutter_speed&quot;:&quot;0&quot;,&quot;title&quot;:&quot;&quot;,&quot;orientation&quot;:&quot;0&quot;}\" data-image-title=\"conference-2\" data-image-description=\"\" data-medium-file=\"https:\/\/comptoirdotorg.files.wordpress.com\/2016\/11\/confc3a9rence-2.jpg?w=300\" data-large-file=\"https:\/\/comptoirdotorg.files.wordpress.com\/2016\/11\/confc3a9rence-2.jpg?w=956\" \/><\/a><\/p>\n<p>Pour conclure, cette exp\u00e9rience m\u2019a confirm\u00e9 \u00e0 quel point l\u2019indicateur argent est absurde et pervertit les perceptions. Il repr\u00e9sente un mod\u00e8le d\u2019irrationalit\u00e9 de la raison. De plus, son utilisation est extr\u00eamement chronophage, absurde, trompeuse, fourbe et source de frustrations et conflits.<\/p>\n<p>Plus que jamais je suis conscient de l\u2019importance de <a href=\"https:\/\/reporterre.net\/Nos-vies-sont-colonisees-par-l-economie\" target=\"_blank\">d\u00e9coloniser nos imaginaires \u00e9conomicistes<\/a>, de promouvoir et souligner les bienfaits de l\u2019\u00e9conomie de r\u00e9ciprocit\u00e9, de remettre les march\u00e9s \u00e0 leur place, de r\u00e9-encastrer l\u2019\u00e9conomie. L\u2019exp\u00e9rience collective et les \u00e9changes sont sans commune mesure avec un quelconque calcul comptable. La vie ne se compte pas plus que l\u2019argent ne se mange.<\/p>\n<h2>Diversit\u00e9, dialogues et ouvertures<\/h2>\n<blockquote><p><em><strong>\u00ab\u00a0Une volont\u00e9 collective et partag\u00e9e de se remettre en question, de faire des pas de c\u00f4t\u00e9 est fondamentale.\u00a0\u00bb<\/strong><\/em><\/p><\/blockquote>\n<p>Il y a autant de chemins vers la d\u00e9croissance que d\u2019objectrices et d\u2019objecteurs de croissance. D\u00e8s les d\u00e9buts, nous avons souhait\u00e9 construire un projet ouvert \u00e0 la diversit\u00e9 de la d\u00e9croissance, ses chemins, ses m\u00e9thodes et ses approches. Historiquement, ces conf\u00e9rences internationales, bien qu\u2019universitaires, ont toujours eu le souci de proposer des ponts entre la pratique, l\u2019exp\u00e9rimentation, le militantisme, le politique mais aussi l\u2019art ou encore la soci\u00e9t\u00e9. C\u2019est fondamental, coh\u00e9rent mais cela repr\u00e9sente aussi un sacr\u00e9 d\u00e9fi. Comment d\u00e9coloniser l\u2019imaginaire acad\u00e9mique de nos amis universitaires pris dans leurs contraintes de devoir publier, d\u2019entrer dans un moule qui souvent d\u00e9nature la pens\u00e9e de la d\u00e9croissance ? Comment faire coop\u00e9rer des praticiens radicaux de la d\u00e9croissance vivant sans argent avec des responsables d\u2019ONG devant justifier des d\u00e9penses ou reconduire des subventions afin de ne pas perdre leur job ? Comment offrir des <a href=\"https:\/\/www.facebook.com\/pg\/budapestdegrowth\/photos\/?tab=album&amp;album_id=311480865872524\" target=\"_blank\">espaces d\u2019expression sur d\u2019autres niveaux<\/a>, plus \u00e9motionnels ou spirituels, artistiques, face \u00e0 nos propensions \u00e0 vouloir tout rationaliser ? Comment faire cohabiter tous ces acteurs aux quotidiens et ressentis si diff\u00e9rents, des r\u00e9seaux d\u00e9croissants de Budapest au groupe de hackers d\u2019Allemagne, en passant par le p\u00f4le scientifique de Zagreb, le groupe de soutien r\u00e9parti dans toute l\u2019Europe ou encore nos amis slov\u00e8nes, allemands aux m\u00e9thodes de travail moins balkaniques ou latines ? Il n\u2019y a pas de recette magique. Une volont\u00e9 collective et partag\u00e9e de se remettre en question, de faire des pas de c\u00f4t\u00e9 est fondamentale. Cette d\u00e9marche consiste \u00e0 reconstruire une vie en soci\u00e9t\u00e9 en d\u00e9passant les entre-soi. Face aux incompr\u00e9hensions, aux malentendus, on ne peut compter que sur l\u2019exp\u00e9rience et la sagesse collective.<\/p>\n<p><a href=\"https:\/\/comptoirdotorg.files.wordpress.com\/2016\/11\/conference-4.jpg\"><img loading=\"lazy\" decoding=\"async\" class=\"alignright wp-image-14826 size-medium\" src=\"https:\/\/comptoirdotorg.files.wordpress.com\/2016\/11\/conference-4.jpg?w=300&amp;h=200\" sizes=\"auto, (max-width: 300px) 100vw, 300px\" srcset=\"https:\/\/comptoirdotorg.files.wordpress.com\/2016\/11\/conference-4.jpg?w=300&amp;h=200 300w, https:\/\/comptoirdotorg.files.wordpress.com\/2016\/11\/conference-4.jpg?w=600&amp;h=400 600w, https:\/\/comptoirdotorg.files.wordpress.com\/2016\/11\/conference-4.jpg?w=150&amp;h=100 150w\" alt=\"conference-4\" width=\"300\" height=\"200\" data-attachment-id=\"14826\" data-permalink=\"https:\/\/comptoir.org\/2016\/11\/30\/bienvenue-en-decroissance\/conference-4\/\" data-orig-file=\"https:\/\/comptoirdotorg.files.wordpress.com\/2016\/11\/conference-4.jpg\" data-orig-size=\"957,638\" data-comments-opened=\"1\" data-image-meta=\"{&quot;aperture&quot;:&quot;0&quot;,&quot;credit&quot;:&quot;&quot;,&quot;camera&quot;:&quot;&quot;,&quot;caption&quot;:&quot;&quot;,&quot;created_timestamp&quot;:&quot;0&quot;,&quot;copyright&quot;:&quot;&quot;,&quot;focal_length&quot;:&quot;0&quot;,&quot;iso&quot;:&quot;0&quot;,&quot;shutter_speed&quot;:&quot;0&quot;,&quot;title&quot;:&quot;&quot;,&quot;orientation&quot;:&quot;0&quot;}\" data-image-title=\"conference-4\" data-image-description=\"\" data-medium-file=\"https:\/\/comptoirdotorg.files.wordpress.com\/2016\/11\/conference-4.jpg?w=300&amp;h=200\" data-large-file=\"https:\/\/comptoirdotorg.files.wordpress.com\/2016\/11\/conference-4.jpg?w=957\" \/><\/a>D\u00e8s la mise en place du projet, nous avons r\u00e9fl\u00e9chi \u00e0 une strat\u00e9gie de communication qui, me semble t-il, peut s\u2019av\u00e9rer riche d\u2019enseignements pour la d\u00e9croissance d\u2019une part, et\u00a0 pour les mouvements alternatifs de mani\u00e8re g\u00e9n\u00e9rale. Prenant en compte <a href=\"http:\/\/hu-lala.org\/bienvenue-en-orbanistan\/\" target=\"_blank\">le contexte hongrois<\/a>, nous avons construit une narration bas\u00e9e sur le questionnement dans une logique <a href=\"https:\/\/www.mixcloud.com\/Hu_lala\/conf%C3%A9rence-d%C3%A9croissante-r%C3%A9f%C3%A9rendum-la-hongrie-quon-aime-et-celle-qui-nous-inqui%C3%A8te\/\" target=\"_blank\">de d\u00e9passer les clivages politiques bloquant tout d\u00e9bat de soci\u00e9t\u00e9<\/a>. Comment amener des populations d\u00e9sillusionn\u00e9es par le politique \u00e0 s\u2019int\u00e9resser \u00e0 une nouvelle utopie ? \u00c0 notre grande surprise, les d\u00e9marches d\u2019ouverture \u00e0 divers partenaires non d\u00e9croissants ou d\u00e9croissants sans le savoir, se sont av\u00e9r\u00e9es des plus pertinentes. La couverture m\u00e9diatique a \u00e9t\u00e9 \u00e9norme avec pas moins d\u2019une centaine d\u2019articles de presse, d\u2019interviews, d\u2019\u00e9missions radio ou TV, qui plus est sur tous les m\u00e9dias majeurs, de gauche et de droite, conservateurs et lib\u00e9raux, <em>mainstream<\/em>, commerciaux et alternatifs. Le questionnement radical, le dialogue r\u00e9fl\u00e9chi nous a ouvert des portes pour des d\u00e9bats de fond pertinents qui continuent, d\u2019ailleurs \u00e0 se tenir. \u00c0 m\u00e9diter !<\/p>\n<h2>Le putain de facteur humain <a href=\"https:\/\/comptoir.org\/2016\/11\/30\/bienvenue-en-decroissance\/#sdfootnote1sym\" name=\"sdfootnote1anc\">[i]<\/a><\/h2>\n<p>Au del\u00e0 des d\u00e9fis techniques, institutionnels et \u00e9conomiques relev\u00e9s, nous avons d\u00fb faire face au plus gros d\u2019entre-eux : le putain de facteur humain\u2026 ou plut\u00f4t le pr\u00e9cieux facteur humain ! Bien qu\u2019anim\u00e9e par des ambitions th\u00e9oriques louables, une telle aventure se heurte toujours \u00e0 l\u2019humain : \u00e9gos\u00a0bless\u00e9s, absence de reconnaissance, \u00e9quilibre \u00e0 trouver entre ceux qui souhaitent plus de ci ou de \u00e7a. Comme ailleurs, ma d\u00e9croissance a encore beaucoup \u00e0 apprendre autour du l\u00e2cher prise. Comment arr\u00eater de se regarder le nombril et accepter que l\u2019autre ne per\u00e7oit pas les choses de la m\u00eame mani\u00e8re ? Comment \u00e9viter la tentation totalitaire et sombrer dans l\u2019entre-soi, ou dans l\u2019\u00e9cueil que repr\u00e9sente l\u2019uniformisation ?<\/p>\n<p>L\u2019importance de la diversit\u00e9 est majeure. Elle prend forme dans les liens nou\u00e9s avec d\u2019autres mouvements, avec d\u2019autres r\u00e9gions du monde et peut-\u00eatre encore plus avec des milieux pas n\u00e9cessairement d\u00e9croissants. De m\u00eame, il est important d\u2019\u00eatre humble et patient, de faire preuve d\u2019humour et d\u2019auto-d\u00e9rision, de laisser des espaces \u00e0 d\u2019autres qui ne font pas les choses de la m\u00eame mani\u00e8re. Pour des universitaires ou responsables d\u2019ONG, il a par exemple \u00e9t\u00e9 difficile d\u2019accepter le chaos organisationnel de nos amis artistes\u2026 eux-m\u00eames agac\u00e9s par les longues r\u00e9unions ou les longs messages \u00e9lectroniques.<\/p>\n<p>Comment \u00e9viter les reconstructions de clans, les replis, qui ont \u00e9t\u00e9 n\u00e9cessaires face au stress et \u00e0 la charge de travail, notamment dans les derni\u00e8res semaines ? Il n\u2019a pas toujours \u00e9t\u00e9 \u00e9vident de laisser de la place \u00e0 toutes et tous, entre <a href=\"http:\/\/hu-lala.org\/jeunes-decroissance-budapest\/\" target=\"_blank\">les \u00e9quipes fran\u00e7aises<\/a> et les autres, les derniers arriv\u00e9s, les d\u00e9cisions devant se prendre rapidement en hongrois. Mais la confiance donn\u00e9e et la patience nous ont offert des moments de cr\u00e9ativit\u00e9 et d\u2019union uniques, magiques, repr\u00e9sent\u00e9s en particulier par le <a href=\"https:\/\/www.facebook.com\/kazinczyutca\/videos\/1340711992640788\/\" target=\"_blank\">festival de rue sans voiture en cl\u00f4ture de la semaine<\/a> !<\/p>\n<p><a href=\"https:\/\/comptoirdotorg.files.wordpress.com\/2016\/11\/conference-3.jpg\"><img decoding=\"async\" class=\"aligncenter wp-image-14825 size-large\" src=\"https:\/\/comptoirdotorg.files.wordpress.com\/2016\/11\/conference-3.jpg?w=1024&amp;h=684\" sizes=\"(max-width: 956px) 100vw, 956px\" srcset=\"https:\/\/comptoirdotorg.files.wordpress.com\/2016\/11\/conference-3.jpg 956w, https:\/\/comptoirdotorg.files.wordpress.com\/2016\/11\/conference-3.jpg?w=150&amp;h=100 150w, https:\/\/comptoirdotorg.files.wordpress.com\/2016\/11\/conference-3.jpg?w=300&amp;h=200 300w, https:\/\/comptoirdotorg.files.wordpress.com\/2016\/11\/conference-3.jpg?w=768&amp;h=513 768w\" alt=\"conference-3\" data-attachment-id=\"14825\" data-permalink=\"https:\/\/comptoir.org\/2016\/11\/30\/bienvenue-en-decroissance\/conference-3\/\" data-orig-file=\"https:\/\/comptoirdotorg.files.wordpress.com\/2016\/11\/conference-3.jpg\" data-orig-size=\"956,638\" data-comments-opened=\"1\" data-image-meta=\"{&quot;aperture&quot;:&quot;0&quot;,&quot;credit&quot;:&quot;&quot;,&quot;camera&quot;:&quot;&quot;,&quot;caption&quot;:&quot;&quot;,&quot;created_timestamp&quot;:&quot;0&quot;,&quot;copyright&quot;:&quot;&quot;,&quot;focal_length&quot;:&quot;0&quot;,&quot;iso&quot;:&quot;0&quot;,&quot;shutter_speed&quot;:&quot;0&quot;,&quot;title&quot;:&quot;&quot;,&quot;orientation&quot;:&quot;0&quot;}\" data-image-title=\"conference-3\" data-image-description=\"\" data-medium-file=\"https:\/\/comptoirdotorg.files.wordpress.com\/2016\/11\/conference-3.jpg?w=300\" data-large-file=\"https:\/\/comptoirdotorg.files.wordpress.com\/2016\/11\/conference-3.jpg?w=956\" \/><\/a><\/p>\n<h2>Un projet politique de d\u00e9croissance<\/h2>\n<p>Une conf\u00e9rence laisse toujours sur sa faim : trop de belles choses, trop peu de temps pour aller en profondeur et aussi des diff\u00e9rences d\u2019exp\u00e9riences qui peuvent cr\u00e9er quelques frustrations. C\u2019est pourquoi je n\u2019attends plus grand chose de ce type de rencontres, sinon de passer un moment agr\u00e9able et de se rencontrer. Il serait irr\u00e9aliste d\u2019esp\u00e9rer changer le monde ou de produire des solutions magiques en trois jours ! Une conf\u00e9rence ne remplace pas le travail quotidien de d\u00e9bat et d\u2019exp\u00e9rimentation. Elle ne cr\u00e9e pas de grand soir. Toutefois, elle repr\u00e9sente une \u00e9tape qui permet de confronter ses propres r\u00e9flexions, de trouver l\u2019inspiration et de cr\u00e9er de nouvelles dynamiques. Une conf\u00e9rence est surtout une rencontre \u00e9motionnelle, susceptible de cr\u00e9er de la motivation et de mobiliser.<\/p>\n<p>J\u2019ai eu l\u2019opportunit\u00e9 de participer \u00e0 de belles et riches sessions. J\u2019en citerais trois en particulier.<\/p>\n<p>La premi\u00e8re est li\u00e9 \u00e0 un projet qui m\u2019enthousiasme, port\u00e9 par <a href=\"https:\/\/scriptum.degrowth.net\/en\/DG2016\/public\/events\/229\" target=\"_blank\">Fran\u00e7ois Briens<\/a> : <em><a href=\"https:\/\/reporterre.net\/Les-idees-de-la-decroissance-validees-par-un-modele-scientifique\">\u00ab\u00a0La d\u00e9croissance au prisme <\/a><a href=\"https:\/\/reporterre.net\/Les-idees-de-la-decroissance-validees-par-un-modele-scientifique\" target=\"_blank\">de la mod\u00e9lisation prospective : Exploration macro\u00e9conomique d\u2019une alternative paradigmatique.\u00a0\u00bb<\/a> <\/em>Au cours de l\u2019ann\u00e9e derni\u00e8re, nous avons pass\u00e9 des dizaines d\u2019heures ensemble sur <a href=\"https:\/\/framatalk.org\/accueil\/\" target=\"_blank\">Skype<\/a> afin de construire le sc\u00e9nario d\u00e9velopp\u00e9 dans notre ouvrage <a href=\"https:\/\/www.placedeslibraires.fr\/livre\/9782919160099-un-projet-de-decroissance-manifeste-pour-une-dotation-inconditionnelle-d-autonomie-collectif\/\" target=\"_blank\"><em>Un Projet de d\u00e9croissance<\/em><\/a>. Ce fut un exercice passionnant, nous amenant \u00e0 entrer dans le d\u00e9tail de ce qu\u2019on produit, comment et pour quel usage. Ce mod\u00e8le permet de mettre en \u00e9vidence des ordres de grandeur pertinents sur d\u2019o\u00f9 nous venons, o\u00f9 nous en sommes et comment l\u2019am\u00e9liorer. On peut ainsi jouer sur plusieurs param\u00e8tres et construire des chemins souhaitables et soutenables \u00e0 l\u2019horizon 2060 en prenant en compte d\u2019une part, un point de vue quantitatif sur l\u2019\u00e9conomie, les ressources, les importations et exportations, le ch\u00f4mage, le budget public, et d\u2019autre part, des r\u00e9flexions plus qualitatives sur le rapport aux outils, au local, \u00e0 l\u2019\u00e9ducation, au logement ou \u00e0 la sant\u00e9 et \u00e0 la mort.<\/p>\n<p>Nous avons co-organis\u00e9 avec Fran\u00e7ois Schneider et Adrien Despoisse une <a href=\"https:\/\/scriptum.degrowth.net\/en\/DG2016\/public\/events\/64\" target=\"_blank\">session sp\u00e9ciale<\/a> sur ce sujet avec trois approches : th\u00e9orique, pratique et politique. En particulier, la relocalisation ouverte permet d\u2019\u00e9vacuer l\u2019\u00e9cueil du repli du soi, le danger du rejet de l\u2019autre mais pose aussi la question des institutions, de l\u2019articulation entre les territoires, entre le local et le global. Cette session a permis d\u2019\u00e9changer entre le v\u00e9cu local \u2013\u00a0se r\u00e9approprier le sens des limites, avoir des rapports diff\u00e9rents \u00e0 l\u2019autre et \u00e0 la nature \u2013 et sa pertinence d\u2019un point de vue th\u00e9orique et politique \u2013 quelles transitions, quelles strat\u00e9gies de transformation et quelles solidarit\u00e9s.<\/p>\n<p>La <a href=\"https:\/\/scriptum.degrowth.net\/en\/DG2016\/public\/events\/16\" target=\"_blank\">session sp\u00e9ciale<\/a> organis\u00e9e par Matthias Schmelzer m\u2019a permis de revoir une vieille connaissance des r\u00e9seaux fran\u00e7ais, Anne-Laure Pailloux qui a pr\u00e9sent\u00e9 ses travaux sur le cas fran\u00e7ais. Elle posait la question <em>\u00ab\u00a0qui sommes-nous ?\u00a0\u00bb<\/em>Interrogation r\u00e9currente s\u2019il en est, au moins autant que les questionnements sur le terme d\u00e9croissance. Lors de ce d\u00e9bat ouvert, plusieurs points de vue ont \u00e9t\u00e9 d\u00e9battus, notamment avec Giorgos Kallis, Federico Demaria, mais convergeaient tous sur cette affirmation : la d\u00e9croissance est une pens\u00e9e \u201cparapluie\u201d qui cr\u00e9e des liens entre diff\u00e9rents mouvements compl\u00e9mentaires. Plus que jamais, je soutiens que la d\u00e9croissance est un r\u00e9seau s\u2019appuyant sur des emp\u00eacheurs de penser en rond, dans une d\u00e9marche radicale d\u2019alliances et de recherche de coh\u00e9rence.<\/p>\n<blockquote><p><em><strong>\u00ab\u00a0Ces nouveaux mondes, soutenables et d\u00e9sirables, conviviaux et autonomes, se construisent toujours plus chaque jour par le faire, les d\u00e9bats mais aussi \u00e0 travers une visibilit\u00e9 grandissante.\u00a0\u00bb<\/strong><\/em><\/p><\/blockquote>\n<h2>Et apr\u00e8s ?<\/h2>\n<p>Nous avons d\u00e9cid\u00e9 de toutes et tous nous revoir pendant deux jours deux mois apr\u00e8s la conf\u00e9rence et de tout se dire. Je dois bien avouer que j\u2019\u00e9tais plut\u00f4t perplexe. J\u2019avais tort. M\u00eame si ces deux journ\u00e9es se sont r\u00e9v\u00e9l\u00e9es intenses par moment, surtout \u00e9motionnellement, je dois reconna\u00eetre que ce fut une id\u00e9e brillante ! C\u2019est la premi\u00e8re fois que je participe \u00e0 une aventure collective qui d\u00e9cide d\u2019aller aussi loin dans la transparence, l\u2019auto-critique, l\u2019auto-\u00e9valuation. Il a \u00e9t\u00e9 int\u00e9ressant de revenir sur les malentendus, les incompr\u00e9hensions. De prendre le temps de mieux comprendre pourquoi les m\u00eames mots, certaines d\u00e9cisions, certains choix n\u2019ont pas les m\u00eames significations pour toutes et tous. Quelle lib\u00e9ration que d\u2019oser exprimer les violences ressenties, de mieux comprendre les attentes d\u00e9\u00e7ues des uns et des autres. Ces deux jours se sont conclus avec un sentiment g\u00e9n\u00e9ral d\u2019apaisement, sans pour autant \u00eatre toutes et tous d\u2019accord sur tout. Mais nous sommes capables de l\u2019assumer et de respecter ces diff\u00e9rences.<\/p>\n<p><a href=\"https:\/\/comptoirdotorg.files.wordpress.com\/2016\/11\/conference-5.jpeg\"><img decoding=\"async\" class=\"aligncenter wp-image-14827 size-large\" src=\"https:\/\/comptoirdotorg.files.wordpress.com\/2016\/11\/conference-5.jpeg?w=1024&amp;h=684\" sizes=\"(max-width: 960px) 100vw, 960px\" srcset=\"https:\/\/comptoirdotorg.files.wordpress.com\/2016\/11\/conference-5.jpeg 960w, https:\/\/comptoirdotorg.files.wordpress.com\/2016\/11\/conference-5.jpeg?w=150&amp;h=100 150w, https:\/\/comptoirdotorg.files.wordpress.com\/2016\/11\/conference-5.jpeg?w=300&amp;h=200 300w, https:\/\/comptoirdotorg.files.wordpress.com\/2016\/11\/conference-5.jpeg?w=768&amp;h=513 768w\" alt=\"conference-5\" data-attachment-id=\"14827\" data-permalink=\"https:\/\/comptoir.org\/2016\/11\/30\/bienvenue-en-decroissance\/conference-5\/\" data-orig-file=\"https:\/\/comptoirdotorg.files.wordpress.com\/2016\/11\/conference-5.jpeg\" data-orig-size=\"960,641\" data-comments-opened=\"1\" data-image-meta=\"{&quot;aperture&quot;:&quot;0&quot;,&quot;credit&quot;:&quot;&quot;,&quot;camera&quot;:&quot;&quot;,&quot;caption&quot;:&quot;&quot;,&quot;created_timestamp&quot;:&quot;0&quot;,&quot;copyright&quot;:&quot;&quot;,&quot;focal_length&quot;:&quot;0&quot;,&quot;iso&quot;:&quot;0&quot;,&quot;shutter_speed&quot;:&quot;0&quot;,&quot;title&quot;:&quot;&quot;,&quot;orientation&quot;:&quot;0&quot;}\" data-image-title=\"conference-5\" data-image-description=\"\" data-medium-file=\"https:\/\/comptoirdotorg.files.wordpress.com\/2016\/11\/conference-5.jpeg?w=300\" data-large-file=\"https:\/\/comptoirdotorg.files.wordpress.com\/2016\/11\/conference-5.jpeg?w=960\" \/><\/a><\/p>\n<p>Cette aventure collective a \u00e9t\u00e9 une exp\u00e9rience unique, par son intensit\u00e9 et la diversit\u00e9 de rencontres et d\u2019apprentissage. Elle a \u00e9t\u00e9 une \u00e9tape, pas toujours facile. Je tiens d\u2019ailleurs \u00e0 remercier tous mes compagnons de route pour leur engagement, leur apport et aussi leur patience, leur tol\u00e9rance et ouverture d\u2019esprit.<\/p>\n<p>Cette aventure continue aujourd\u2019hui, plus calmement, dans notre magnifique r\u00e9seau d\u2019alternatives \u00e0 Budapest et par le dialogue engag\u00e9 en Hongrie dans les m\u00e9dias mais aussi dans les d\u00e9bats politiques et intellectuels. Elle continue aussi avec le groupe de soutien que nous rejoignons pour compl\u00e9ter des exp\u00e9riences collectives d\u00e9j\u00e0 tr\u00e8s riches et pr\u00e9parer les prochaines \u00e9tapes. J\u2019esp\u00e8re que nous perp\u00e9tuerons la dynamique initi\u00e9e \u00e0 Budapest de relocaliser, d\u00e9centraliser, ouvrir, trouver des \u00e9quilibres. Cela est maintenant entre les mains de nos successeurs qui, j\u2019en suis s\u00fbr, ne manqueront pas de nous surprendre, peut-\u00eatre aussi de nous agacer, mais surtout de nous r\u00e9jouir. Enfin, cela continue dans les d\u00e9bats de soci\u00e9t\u00e9 locaux o\u00f9 la d\u00e9croissance doit plus que jamais jouer son r\u00f4le d\u2019exp\u00e9rimentateur, de poil \u00e0 gratter id\u00e9ologique, de force de proposition afin de permettre toujours plus l\u2019\u00e9mergence d\u2019alternatives. Ces nouveaux mondes, soutenables et d\u00e9sirables, conviviaux et autonomes, se construisent toujours plus chaque jour par le faire, les d\u00e9bats mais aussi \u00e0 travers une visibilit\u00e9 grandissante. Non sans t\u00e2tonner et se tromper, ces exp\u00e9rimentations sont riches d\u2019enseignements.<\/p>\n<p>Nous arrivons \u00e0 une \u00e9tape charni\u00e8re o\u00f9 la masse critique n\u2019est plus loin et o\u00f9 se pose la question de transformer cet essai politique. Ces conf\u00e9rences, en offrant un espace unique de rencontres, de d\u00e9bat et une forte visibilit\u00e9 y contribuent. Elles nous permettent de nous faire oublier et prendre conscience \u00e0 la fois que notre civilisation n\u2019en finit plus de sombrer. Face \u00e0 ces r\u00e9alit\u00e9s d\u00e9primantes, d\u2019autres voies sont possibles, continuons de les d\u00e9fricher.<\/p>\n<h3>Vincent Liegey<\/h3>\n<h2>Nos Desserts :<\/h2>\n<ul>\n<li>Au Comptoir, nous avions interview\u00e9 <a href=\"https:\/\/comptoir.org\/2014\/12\/08\/vincent-liegey-la-decroissance-sinscrit-dans-une-tradition-politique-de-gauche\/\" target=\"_blank\">Vincent Liegey<\/a><\/li>\n<li>Tous <a href=\"https:\/\/scriptum.degrowth.net\/en\/DG2016\/public\/schedule\" target=\"_blank\">les programmes<\/a> de la conf\u00e9rence et <a href=\"http:\/\/budapest.degrowth.org\/wp-content\/uploads\/sites\/2\/2016\/11\/Budapest-Degrowth-Week.pdf\" target=\"_blank\">le programme<\/a> de la semaine de la d\u00e9croissance<\/li>\n<li>Plus de photos, vid\u00e9os <a href=\"https:\/\/www.facebook.com\/budapestdegrowth\/?fref=ts\" target=\"_blank\">ici<\/a> et <a href=\"https:\/\/www.youtube.com\/playlist?list=PL9OIfSnjlF8R0pppEyLJHx6fuhR0ogvPx\" target=\"_blank\">l\u00e0<\/a><\/li>\n<\/ul>\n<p><strong>Notes :<\/strong><\/p>\n<p><a href=\"https:\/\/comptoir.org\/2016\/11\/30\/bienvenue-en-decroissance\/#sdfootnote1anc\" name=\"sdfootnote1sym\">[i]<\/a> Et non pas le <em>\u00ab\u00a0fucking French factor\u00a0\u00bb<\/em>, lapsus fait lors de mon discours de cl\u00f4ture.<\/p>\n<h6 class=\"title\"><em><span class=\"text-by\">Publi\u00e9 sur<\/span>\u00a0<span class=\"author vcard\"><a class=\"url fn n\" title=\"Voir tous les articles par Le Comptoir\" href=\"https:\/\/comptoir.org\/2016\/11\/30\/bienvenue-en-decroissance\/\" target=\"_blank\" rel=\"author\">LE COMPTOIR le <\/a><\/span><a title=\"12 h 58 min\" href=\"https:\/\/comptoir.org\/2016\/11\/30\/bienvenue-en-decroissance\/\" target=\"_blank\" rel=\"bookmark\"><time class=\"entry-date\" datetime=\"2016-11-30T12:58:06+00:00\">30 NOVEMBRE 2016<\/time><\/a><\/em><\/h6>\n","protected":false},"excerpt":{"rendered":"<p>Du\u00a0 30 ao\u00fbt au 3\u00a0septembre 2016, Budapest a accueilli \u00e0 l\u2019Universit\u00e9 Corvinus la 5e Conf\u00e9rence internationale de la d\u00e9croissance. Vincent Liegey, co-auteur d&rsquo;Un Projet de D\u00e9croissance (Editions Utopia) et coordinateur de l&rsquo;\u00e9v\u00e9nement\u00a0nous livre son carnet de bord sur l\u2019organisation de &hellip; <a href=\"http:\/\/www.projet-decroissance.net\/?p=2260\">Continuer la lecture <span class=\"meta-nav\">&rarr;<\/span><\/a><\/p>\n","protected":false},"author":3,"featured_media":0,"comment_status":"closed","ping_status":"open","sticky":false,"template":"","format":"standard","meta":{"footnotes":""},"categories":[1,7],"tags":[],"class_list":["post-2260","post","type-post","status-publish","format-standard","hentry","category-actualites","category-dans-la-presse-et-sur-la-toile"],"_links":{"self":[{"href":"http:\/\/www.projet-decroissance.net\/index.php?rest_route=\/wp\/v2\/posts\/2260","targetHints":{"allow":["GET"]}}],"collection":[{"href":"http:\/\/www.projet-decroissance.net\/index.php?rest_route=\/wp\/v2\/posts"}],"about":[{"href":"http:\/\/www.projet-decroissance.net\/index.php?rest_route=\/wp\/v2\/types\/post"}],"author":[{"embeddable":true,"href":"http:\/\/www.projet-decroissance.net\/index.php?rest_route=\/wp\/v2\/users\/3"}],"replies":[{"embeddable":true,"href":"http:\/\/www.projet-decroissance.net\/index.php?rest_route=%2Fwp%2Fv2%2Fcomments&post=2260"}],"version-history":[{"count":5,"href":"http:\/\/www.projet-decroissance.net\/index.php?rest_route=\/wp\/v2\/posts\/2260\/revisions"}],"predecessor-version":[{"id":2265,"href":"http:\/\/www.projet-decroissance.net\/index.php?rest_route=\/wp\/v2\/posts\/2260\/revisions\/2265"}],"wp:attachment":[{"href":"http:\/\/www.projet-decroissance.net\/index.php?rest_route=%2Fwp%2Fv2%2Fmedia&parent=2260"}],"wp:term":[{"taxonomy":"category","embeddable":true,"href":"http:\/\/www.projet-decroissance.net\/index.php?rest_route=%2Fwp%2Fv2%2Fcategories&post=2260"},{"taxonomy":"post_tag","embeddable":true,"href":"http:\/\/www.projet-decroissance.net\/index.php?rest_route=%2Fwp%2Fv2%2Ftags&post=2260"}],"curies":[{"name":"wp","href":"https:\/\/api.w.org\/{rel}","templated":true}]}}