{"id":2288,"date":"2015-06-16T08:54:56","date_gmt":"2015-06-16T08:54:56","guid":{"rendered":"http:\/\/www.projet-decroissance.net\/?p=2288"},"modified":"2017-10-30T20:21:01","modified_gmt":"2017-10-30T20:21:01","slug":"proyecto-decrecimiento","status":"publish","type":"post","link":"http:\/\/www.projet-decroissance.net\/?p=2288","title":{"rendered":"Proyecto Decrecimiento"},"content":{"rendered":"<h3 class=\"letra_grande\"><a href=\"http:\/\/www.icariaeditorial.com\/libros.php?id=1453\" target=\"_blank\" rel=\"noopener\"><img loading=\"lazy\" decoding=\"async\" class=\" alignleft\" src=\"http:\/\/www.icariaeditorial.com\/\/imagenes_libros\/proyecto_decrecimiento.gif\" alt=\"Imagen de Proyecto Decrecimiento Manifiesto por una Dotaci\u00f3n Incondicional de Autonom\u00eda (DIA)\" width=\"134\" height=\"216\" \/><\/a><strong>Proyecto Decrecimiento<br \/><\/strong><em><span class=\"letra_grande\">Manifiesto por una Dotaci\u00f3n Incondicional de Autonom\u00eda (DIA)<\/span><\/em> <span class=\"letra_grande\"><span class=\"negrita\"><a href=\"http:\/\/www.icariaeditorial.com\/autor_detallado.php?id=3738\">Anne-Isabelle Veillot <\/a>, <a href=\"http:\/\/www.icariaeditorial.com\/autor_detallado.php?id=3737\">Christophe Ondet<\/a>, <a href=\"http:\/\/www.icariaeditorial.com\/autor_detallado.php?id=3739\">St\u00e9phane Madelaine<\/a>, <a href=\"http:\/\/www.icariaeditorial.com\/autor_detallado.php?id=3736\">Vincent Liegey <\/a><\/span><\/span><\/h3>\n<p>Comprar el libro en <a href=\"http:\/\/latiendacomprometida.com\/consumo\/398-proyecto-decrecimiento-manifiesto-por-una-dotacion-incondicional-de-autonomia-dia.html\">la web de nuestr@s amig@s de la Tienda comprometida<\/a><\/p>\n<p><em>Traducido por el colectivo\u00a0<a href=\"http:\/\/www.desazkundea.org\/\" target=\"_blank\" rel=\"noopener\" data-saferedirecturl=\"https:\/\/www.google.com\/url?hl=fr&amp;q=http:\/\/www.Desazkundea.org&amp;source=gmail&amp;ust=1509481058731000&amp;usg=AFQjCNHZ2rP-XV0nIexvA9Y5dH1r0uAjRg\">Desazkundea<\/a><\/em><\/p>\n<ul>\n<li class=\"letra_grande\"><a href=\"http:\/\/icvdecreixement.blogspot.hu\/2013\/12\/el-decreixement-una-estrategia-per.html\" target=\"_blank\" rel=\"noopener\">El decrecimiento \u00bfuna estrategia para contrarrestar la crisis?<\/a><\/li>\n<li class=\"letra_grande\"><a href=\"http:\/\/www.elmundo.es\/economia\/2015\/05\/16\/5557246bca4741c82c8b4575.html\" target=\"_blank\" rel=\"noopener\">Proyecto Decrecimiento in El Mundo<\/a><\/li>\n<\/ul>\n<p><em>\u00abSin un m\u00ednimo de recursos, el nuevo ciudadano no puede experimentar plenamente los principios republicanos de libertad, igualdad yfraternidad\u00bb<\/em>, expres\u00f3 Thomas Paine en 1792. Han pasado m\u00e1s de dos siglos y parece que esta idea sigue siendo papel mojado. Los productos de alta necesidad todav\u00eda no est\u00e1n al alcance de todas las personas: vivienda, alimentaci\u00f3n, ropa, energ\u00eda y agua potable, educaci\u00f3n, salud, convivencialidad. Y, sin embargo, nuestras sociedades nunca fueron tan ricas, \u00bfY si la soluci\u00f3n para las desigualdades no pasara por un crecimiento infinito? A trav\u00e9s de la cr\u00edtica radical a la sociedad del crecimiento, el desarrollo, el capitalismo y el productivismo, los y las objetoras al crecimiento proponen una herramienta econ\u00f3mica, social y de emancipaci\u00f3n que nos permita escapar de los efectos de las recesiones sin apelar siempre a un mayor crecimiento. La DIA (Dotaci\u00f3n Incondicional de Autonom\u00eda), junto a un IMA (Ingreso M\u00e1ximo Aceptable) constituye un medio \u00fatil para salir del camino de destrucci\u00f3n al que nos conduce a toda velocidad la sociedad del crecimiento. M\u00e1s all\u00e1 de suponer una simple medida correctora, la DIA tiene como objetivo fomentar di\u00e1logos y debates sobre lo que significa \u00abvivir conjuntamente\u00bb y sobre la forma de crear \u00abm\u00e1s v\u00ednculos\u00bb sin que por ello haya que crear \u00abm\u00e1s bienes\u00bb. Este manifiesto por una DIA inicia su recorrido en los or\u00edgenes del Decrecimiento y ofrece pistas y reflexiones susceptibles de iniciar una transici\u00f3n pac\u00edfica y democr\u00e1tica hacia sociedades ambientalmente sostenibles y socialmente justas.<\/p>\n<h3><a id=\"logo\" title=\"Ir a la portada de elmundo.es\" href=\"http:\/\/www.elmundo.es\/economia\/2015\/05\/16\/5557246bca4741c82c8b4575.html\" target=\"_blank\" rel=\"noopener\"><img decoding=\"async\" class=\" alignleft\" src=\"http:\/\/estaticos.elmundo.es\/assets\/desktop\/master\/img\/iconos\/elmundo.png\" alt=\"elmundo.es\" \/><\/a><strong><a href=\"http:\/\/www.elmundo.es\/economia\/2015\/05\/16\/5557246bca4741c82c8b4575.html\" target=\"_blank\" rel=\"noopener\">Proyecto Decrecimiento in El Mundo<\/a>: ECONOM\u00cdA Ideas ante la crisis<\/strong><\/h3>\n<p><strong>CARLOS FRESNEDA &#8211; 16-05-2015<\/strong><\/p>\n<header>\n<ul class=\"subtitulos\">\n<li>Vincent Liegey se muestra convencido de que el &lsquo;productivismo&rsquo; es la ra\u00edz del problema<\/li>\n<li>Reclama no s\u00f3lo el avance hacia un modelo de producci\u00f3n racional y disminuci\u00f3n del consumo, sino la implantaci\u00f3n simult\u00e1nea de la Dotaci\u00f3n Incondicional de Autonom\u00eda<\/li>\n<\/ul>\n<\/header>\n<div class=\"foto col-8\"><img loading=\"lazy\" decoding=\"async\" id=\"fotoPrincipal\" class=\"\" src=\"http:\/\/estaticos.elmundo.es\/assets\/multimedia\/imagenes\/2015\/05\/16\/14317749955051.jpg\" alt=\"Vincent Liegey, coautor de Proyecto Decrecimiento.\" width=\"483\" height=\"362\" \/><\/div>\n<p>\u00ab\u00a0A la gente que ha sufrido la <strong>recesi\u00f3n <\/strong>le puede impactar una palabra como decrecimiento&#8230; Pero hay que hacer un esfuerzo por explicarlo y entenderlo. No podemos seguir funcionando como hasta ahora, con la filosof\u00eda de \u00ab\u00a0Crecer o Morir\u00a0\u00bb que nos ha llevado este punto cr\u00edtico. La <strong>desigualdad <\/strong>y la <strong>inseguridad <\/strong>son el pan de cada d\u00eda \u00bfQueremos seguir viviendo as\u00ed?\u00a0\u00bb. <a href=\"http:\/\/www.projet-decroissance.net\/\" target=\"_blank\" rel=\"noopener\">Vincent Liegey<\/a>, coautor de &lsquo;<a href=\"http:\/\/www.icariaeditorial.com\/libros.php?id=1453\" target=\"_blank\" rel=\"nofollow noopener\">Proyecto Decremiento<\/a>&lsquo; (Icaria), admite que hay gente que tuerce el gesto de entrada ante la palabra tab\u00fa. Superado el &lsquo;shock&rsquo;, muchos se acercan con inquietud y curiosidad, e intentan comprender lo que hay detr\u00e1s del concepto, y algunos acabar\u00e1n haci\u00e9ndose \u00ab\u00a0objetores del crecimiento\u00a0\u00bb, convencidos de que el \u00ab\u00a0<strong>productivismo<\/strong>\u00a0\u00bb en el que vivimos y esa obsesi\u00f3n por el \u00ab\u00a0siempre m\u00e1s\u00a0\u00bb son la aut\u00e9ntica ra\u00edz del problema. Ahora bien, Liegey le da la vuelta al problema y admite que hay millones de personas condenadas al \u00ab\u00a0siempre menos\u00a0\u00bb, y recuerda las palabras del \u00ab\u00a0revolucionario\u00a0\u00bb<strong> Thomas Paine<\/strong>, que a finales del siglo XVIII meti\u00f3 el dedo en la llaga: \u00ab\u00a0Sin un m\u00ednimo de recursos, el nuevo ciudadano no puede experimentar plenamente los principios republicanos de libertad, igualdad y fraternidad\u00a0\u00bb.<\/p>\n<div class=\"sumario col-2b derecha\">\n<blockquote><p>La sociedad humana es lo suficientemente rica como para garantizar el buen vivir a m\u00e1s de 7.000 millones de personas<\/p><\/blockquote>\n<\/div>\n<p>A la pregunta fat\u00eddica a la que intentamos responder hace unos d\u00edas (\u00bfDecrecemos?\u00a0\u00bb) convendr\u00eda pues a\u00f1adir esta otra: \u00ab\u00a0Y si decrecemos \u00bfhabr\u00e1 para todos?\u00a0\u00bb. \u00ab\u00a0<strong>Para todos hay ya<\/strong>\u00ab\u00a0, responde Liegley, que ha hecho el <strong>doctorado en Decrecimiento por la Universidad de Econom\u00eda de Budapest<\/strong>. \u00ab\u00a0La sociedad humana es lo suficientemente rica como para garantizar el buen vivir a m\u00e1s de 7.000 millones de personas. El problema es que la riqueza est\u00e1 distribuida de un modo cada vez m\u00e1s desigual. A eso est\u00e1 contribuyendo este sistema que se fija como objetivo el crecimiento infinito, sin reconocer de entrada que vivimos en un planeta finito\u00a0\u00bb. La riqueza ya creada podr\u00eda servir de base para un nuevo pacto social. El coautor de &lsquo;<strong>Proyecto Decrecimiento<\/strong>&lsquo; reclama no s\u00f3lo el avance hacia un modelo de producci\u00f3n racional y disminuci\u00f3n del consumo, sino la implantaci\u00f3n simult\u00e1nea de la as\u00ed llamada Dotaci\u00f3n Incondicional de Autonom\u00eda (DIA). Renta B\u00e1sica m\u00e1s Decremiento igual a <strong>DIA<\/strong>&#8230; As\u00ed se explica en pocas palabras el alcance de esta medida (<strong>una paga \u00ab\u00a0individual, inalienable y acumulable\u00a0\u00bb por el mero hecho de ser ciudadanos<\/strong>) que seg\u00fan sus defensores acabar\u00eda con \u00ab\u00a0el miedo y la inseguridad\u00a0\u00bb que atenaza a las nuevas generaciones. \u00ab\u00a0La idea de instaurar una renta de existencia est\u00e1 presente desde hace siglos y se ha intensificado en las \u00faltimas d\u00e9cadas\u00a0\u00bb, recuerda Vincent Liegley. \u00ab\u00a0Pero es ahora, en medio de esta crisis, cuando ha cobrado m\u00e1s sentido que nunca. La dotaci\u00f3n incondicional es tal vez la herramienta m\u00e1s \u00fatil para transformar profundamente la sociedad y nuestros modos de vida\u00a0\u00bb. \u00ab\u00a0La DIA ser\u00eda la manera m\u00e1s efectiva de reducir la desigualdad, de hacer la transici\u00f3n hacia modelos m\u00e1s sostenibles y de acabar con la tiran\u00eda del crecimiento\u00a0\u00bb, sostiene Liegley, que pone tambi\u00e9n sobre la mesa la otra cara de la moneda: \u00ab\u00a0El objetivo es <strong>garantizar un m\u00ednimo decente para todas las personas<\/strong>, aunque su existencia tendr\u00eda que estar tambi\u00e9n asociada en el otro extremo a un Ingreso M\u00e1ximo Aceptable (IMA)\u00a0\u00bb. Ahora bien, \u00bfc\u00f3mo financiar el DIA cuando las arcas del Estado est\u00e1 bajo m\u00ednimos? \u00bfHasta qu\u00e9 punto una paga incondicional contribuir\u00eda a crear una sociedad ociosa? \u00bfQui\u00e9n se atribula el derecho a fijar una \u00ab\u00a0paga m\u00e1xima\u00a0\u00bb en una sociedad libre? \u00bfD\u00f3nde queda la libertad para consumir en un sistema de producci\u00f3n controlada? Son preguntas con las que seguiremos indagando en la recta final de esta serie. Dejamos de momento que el \u00ab\u00a0manifiesto\u00a0\u00bb de Vincent Liegey, St\u00e9phane Madelaine, Christophe Ondet y Anne-Isabelle Veillot resuene con voz propia: \u00ab\u00a0Necesitamos <strong>nuevas herramientas econ\u00f3micas<\/strong> si queremos una transici\u00f3n democr\u00e1tica y serena hacia sociedades m\u00e1s sostenibles y deseables&#8230; basadas en el decrecimiento\u00a0\u00bb.<\/p>\n<footer>\n<address>\u00a0<\/address>\n<\/footer>\n<p>&nbsp;<\/p>\n","protected":false},"excerpt":{"rendered":"<p>Proyecto DecrecimientoManifiesto por una Dotaci\u00f3n Incondicional de Autonom\u00eda (DIA) Anne-Isabelle Veillot , Christophe Ondet, St\u00e9phane Madelaine, Vincent Liegey Comprar el libro en la web de nuestr@s amig@s de la Tienda comprometida Traducido por el colectivo\u00a0Desazkundea El decrecimiento \u00bfuna estrategia para &hellip; <a href=\"http:\/\/www.projet-decroissance.net\/?p=2288\">Continuer la lecture <span class=\"meta-nav\">&rarr;<\/span><\/a><\/p>\n","protected":false},"author":2,"featured_media":0,"comment_status":"closed","ping_status":"open","sticky":false,"template":"","format":"standard","meta":{"footnotes":""},"categories":[36],"tags":[],"class_list":["post-2288","post","type-post","status-publish","format-standard","hentry","category-proyecto-decrecimiento"],"_links":{"self":[{"href":"http:\/\/www.projet-decroissance.net\/index.php?rest_route=\/wp\/v2\/posts\/2288","targetHints":{"allow":["GET"]}}],"collection":[{"href":"http:\/\/www.projet-decroissance.net\/index.php?rest_route=\/wp\/v2\/posts"}],"about":[{"href":"http:\/\/www.projet-decroissance.net\/index.php?rest_route=\/wp\/v2\/types\/post"}],"author":[{"embeddable":true,"href":"http:\/\/www.projet-decroissance.net\/index.php?rest_route=\/wp\/v2\/users\/2"}],"replies":[{"embeddable":true,"href":"http:\/\/www.projet-decroissance.net\/index.php?rest_route=%2Fwp%2Fv2%2Fcomments&post=2288"}],"version-history":[{"count":3,"href":"http:\/\/www.projet-decroissance.net\/index.php?rest_route=\/wp\/v2\/posts\/2288\/revisions"}],"predecessor-version":[{"id":2320,"href":"http:\/\/www.projet-decroissance.net\/index.php?rest_route=\/wp\/v2\/posts\/2288\/revisions\/2320"}],"wp:attachment":[{"href":"http:\/\/www.projet-decroissance.net\/index.php?rest_route=%2Fwp%2Fv2%2Fmedia&parent=2288"}],"wp:term":[{"taxonomy":"category","embeddable":true,"href":"http:\/\/www.projet-decroissance.net\/index.php?rest_route=%2Fwp%2Fv2%2Fcategories&post=2288"},{"taxonomy":"post_tag","embeddable":true,"href":"http:\/\/www.projet-decroissance.net\/index.php?rest_route=%2Fwp%2Fv2%2Ftags&post=2288"}],"curies":[{"name":"wp","href":"https:\/\/api.w.org\/{rel}","templated":true}]}}