{"id":2295,"date":"2017-06-12T15:07:30","date_gmt":"2017-06-12T15:07:30","guid":{"rendered":"http:\/\/www.projet-decroissance.net\/?p=2295"},"modified":"2018-03-15T20:31:37","modified_gmt":"2018-03-15T20:31:37","slug":"quelle-est-la-place-de-la-decroissance-dans-les-resistances-a-la-globalisation-capitaliste","status":"publish","type":"post","link":"http:\/\/www.projet-decroissance.net\/?p=2295","title":{"rendered":"Quelle est la place de la d\u00e9croissance dans les r\u00e9sistances \u00e0 la globalisation capitaliste ?"},"content":{"rendered":"<p align=\"JUSTIFY\">Le num\u00e9ro 29 de juin et juillet 2017 de Moins! contient un dossier consacr\u00e9 aux G20. A cette occasion, la r\u00e9daction nous a demand\u00e9 quelle \u00e9tait la place de la d\u00e9croissance dans les r\u00e9sistances types contre-G20. Voici notre contribution, que vous pouvez surtout lire dans Moins!, en ventre libre : <a href=\"http:\/\/www.achetezmoins.ch\/\">http:\/\/www.achetezmoins.ch\/<\/a><\/p>\n<p><a href=\"http:\/\/www.projet-decroissance.net\/?attachment_id=2297\" rel=\"attachment wp-att-2297\"><img loading=\"lazy\" decoding=\"async\" class=\" wp-image-2297 aligncenter\" src=\"http:\/\/www.projet-decroissance.net\/wp-content\/uploads\/2017\/06\/moins29_une_light.jpg\" alt=\"moins29_une_light\" width=\"374\" height=\"503\" srcset=\"http:\/\/www.projet-decroissance.net\/wp-content\/uploads\/2017\/06\/moins29_une_light.jpg 500w, http:\/\/www.projet-decroissance.net\/wp-content\/uploads\/2017\/06\/moins29_une_light-223x300.jpg 223w\" sizes=\"auto, (max-width: 374px) 100vw, 374px\" \/><\/a><strong>La D\u00e9croissance interpelle aussi bien sur le projet, le chemin que la m\u00e9thode. Dans son r\u00f4le d&#8217;emp\u00eacheuse de penser en rond, elle nous invite \u00e0 reconsid\u00e9rer nos moyens d&rsquo;action en insistant, d&rsquo;une part sur la compl\u00e9mentarit\u00e9 de ses diff\u00e9rents niveaux (individuel, collectif, projet et visibilit\u00e9)<a href=\"#sdfootnote1sym\" name=\"sdfootnote1anc\">1<\/a> et d&rsquo;autre part sur l&rsquo;importance de la mise en ad\u00e9quation de la th\u00e9orie et de la pratique.<\/strong><\/p>\n<p>Ainsi, lorsque des objecteurs de croissance participent \u00e0 des mouvements sociaux ou des \u00e9lections, c&rsquo;est aussi pour mieux en questionner le sens et les limites. La D\u00e9croissance, s&rsquo;appuyant sur une strat\u00e9gie de transformation culturelle de la soci\u00e9t\u00e9, s&rsquo;interroge toujours sur la pertinence de sa participation \u00e0 ce type d\u2019actions. Depuis plusieurs ann\u00e9es, elle souhaite peser sur les r\u00e9sistances \u00e0 la globalisation capitaliste, en invitant \u00e0 faire des pas-de-c\u00f4t\u00e9. Comment rester radical sans tomber dans l&rsquo;extr\u00e9misme\u00a0? Comment initier des transitions, d\u00e9mocratiques et sereines, pour cheminer vers de nouveaux futurs soutenables et souhaitables, tout en tenant compte de la situation actuelle\u00a0?<\/p>\n<p>Par exemple, lors du premier camp action climat \u00e0 Notre-Dame-des-Landes de 2009, les d\u00e9croissants se retrouvent, non sans difficult\u00e9, \u00e0 faire le lien entre les plus radicaux autogestionnaires, et les mouvements institutionnalis\u00e9s situ\u00e9s de l&rsquo;autre c\u00f4t\u00e9 du champ, avec leurs stands. En effet, le chapiteau \u00ab\u00a0D\u00e9croissance\u00a0\u00bb est situ\u00e9 au milieu, et r\u00e9ussit \u00e0 faire le lien entre les deux approches. Un pied dedans, un pied dehors, en soulignant la pertinence et les limites de chaque d\u00e9marche, qui ne font sens qu&rsquo;\u00e0 la seule condition de rester connect\u00e9e l\u2019une avec l&rsquo;autre.<\/p>\n<p><!--more--><\/p>\n<p>De m\u00eame, dans la foul\u00e9e, les D\u00e9croissants lancent un appel \u00e0 \u00ab\u00a0Relocaliser Copenhague\u00a0\u00bb, sans pour autant s&rsquo;interdire de s&rsquo;y rendre : \u00ab\u00a0<em>A l\u2019occasion de cet \u00e9v\u00e9nement, une mobilisation internationale visant \u00e0 faire pression sur les n\u00e9gociateurs est programm\u00e9e. Des d\u00e9l\u00e9gations du monde entier iront \u00e0 Copenhague et organiseront sur place des actions. Si envoyer des d\u00e9l\u00e9gu\u00e9s susceptibles de suivre et, si possible, d\u2019intervenir dans les n\u00e9gociations nous semble indispensable, nous trouvons aussi cela notoirement insuffisant, et certainement pas \u00e0 la hauteur des enjeux.\u00a0<\/em>\u00bb <a href=\"#sdfootnote2sym\" name=\"sdfootnote2anc\">2<\/a>.<\/p>\n<p>Avec ce type de d\u00e9marche, la D\u00e9croissance essaie de trouver le juste \u00e9quilibre qui permet la critique radicale du syst\u00e8me, sans pour autant s\u2019en exclure.<\/p>\n<p><a href=\"http:\/\/www.projet-decroissance.net\/?attachment_id=2296\" rel=\"attachment wp-att-2296\"><img loading=\"lazy\" decoding=\"async\" class=\"wp-image-2296 aligncenter\" src=\"http:\/\/www.projet-decroissance.net\/wp-content\/uploads\/2017\/06\/Titom-G20-Moins.jpg\" alt=\"Titom-G20-Moins\" width=\"310\" height=\"253\" srcset=\"http:\/\/www.projet-decroissance.net\/wp-content\/uploads\/2017\/06\/Titom-G20-Moins.jpg 672w, http:\/\/www.projet-decroissance.net\/wp-content\/uploads\/2017\/06\/Titom-G20-Moins-300x245.jpg 300w\" sizes=\"auto, (max-width: 310px) 100vw, 310px\" \/><\/a>Relocaliser les actions revient \u00e0 faire des pas-de-c\u00f4t\u00e9 qui permettent de vraiment se rencontrer, de se r\u00e9approprier le sens de nos projets et d\u2019appr\u00e9hender les questions avec une juste distance. Relocaliser permet aussi de sortir d&rsquo;un agenda impos\u00e9, du cadre donn\u00e9, qui formate les mouvements, leurs formes, leurs tailles, leurs communications et ainsi cassent leur coh\u00e9rence. Cette d\u00e9marche nous invite \u00e0 d\u00e9centraliser nos rapports \u00e0 notre syst\u00e8me politique et donc au pouvoir. Ne r\u00e9agir qu&rsquo;\u00e0 l&rsquo;ordre \u00e9tabli renforce sa l\u00e9gitimit\u00e9 et nous emp\u00eache de nous \u00e9manciper d&rsquo;une certaine servitude volontaire, souvent bien inconsciente ! Le pouvoir est dans le faire, ici et maintenant, sans attendre de qui que ce soit, quoi que ce soit&#8230;<\/p>\n<p>Et ce, sans oublier de r\u00e9sister contre les blocages venant du syst\u00e8me, et d\u2019agir pour la mise en place de nouvelles r\u00e8gles de (re)distribution et de subsidiarit\u00e9. C&rsquo;est ce que les collectifs d&rsquo;organisation exp\u00e9rimentent \u00e0 travers les conf\u00e9rences internationales de la D\u00e9croissance. Ces tensions entre le local et le global ont anim\u00e9 pendant deux ans les \u00e9quipes de la derni\u00e8re \u00e9dition \u00e0 Budapest. Comment trouver l\u2019\u00e9quilibre entre la n\u00e9cessaire visibilit\u00e9 et l&rsquo;authenticit\u00e9 des transformations inscrites dans le r\u00e9el\u00a0? Comment respecter l\u2019h\u00e9ritage d&rsquo;une conf\u00e9rence international bisannuelle en questionnant le sens et les limites d&rsquo;une telle d\u00e9marche : \u00ab\u00a0<em>On relocalise et on ouvre : le local offre des conditions d\u2019accueil conviviales et coh\u00e9rentes, le global offre une dynamique qui renforce le local, suscite de l\u2019int\u00e9r\u00eat et ouvre des portes.\u00a0<\/em>\u00bb<a href=\"#sdfootnote3sym\" name=\"sdfootnote3anc\">3<\/a>\u00a0? Quelle gouvernance pour une organisation qui navigue entre le local et le global\u00a0: comment articuler des lieux de d\u00e9cisions sur plusieurs niveaux pour qu\u2019ils soient d\u2019abord le lieu d\u2019espaces de rencontres, d\u2019\u00e9changes et de dialogues entre ces niveaux\u00a0?<\/p>\n<p>Cela nous ram\u00e8ne \u00e0 la question de la relocalisation ouverte : comment relocaliser sans se couper du monde, sans tomber dans l&rsquo;entre-soi ?<a href=\"#sdfootnote4sym\" name=\"sdfootnote4anc\">4<\/a>. C\u2019est ce c\u0153ur de l\u2019analyse radicale de la D\u00e9croissance qui s\u2019applique ici aux mobilisations de r\u00e9sistances internationales. Alors n\u2019excluons pas d\u2019aller \u00e0 Hambourg, \u00e0 condition de n\u2019y voir qu\u2019un moyen de s&rsquo;appuyer sur les transformations locales et quotidiennes, et d\u2019y allier une critique radicale de ces rencontres et de leurs formes. L\u2019objectif restant bel et bien de continuer \u00e0 semer des graines d&rsquo;espoir susceptibles d&rsquo;acc\u00e9l\u00e9rer encore plus les transitions vers des soci\u00e9t\u00e9s soutenables et souhaitables.<\/p>\n<p><strong>Vincent Liegey, St\u00e9phane Madelaine, Christophe Ondet et Anisabel Veillot<\/strong>, co-auteurs de\u00a0Un Projet de D\u00e9croissance, Manifeste pour une Dotation Inconditionnelle d\u2019Autonomie, \u00c9ditions Utopia, 2013.<\/p>\n<p align=\"JUSTIFY\"><span style=\"color: #000080;\"><span lang=\"zxx\"><u><a class=\"western\" href=\"http:\/\/www.projet-decroissance.net\/\"><span style=\"font-family: Georgia,serif;\">http:\/\/www.projet-decroissance.net\/<\/span><\/a><\/u><\/span><\/span><\/p>\n<div id=\"sdfootnote1\">\n<p class=\"sdfootnote\"><a class=\"sdfootnotesym\" href=\"#sdfootnote1anc\" name=\"sdfootnote1sym\">1<\/a>Pour une \u00e9conomie non violente, la D\u00e9croissance &#8211; http:\/\/www.projet-decroissance.net\/?p=2243<\/a><\/p>\n<\/div>\n<div id=\"sdfootnote2\">\n<p class=\"sdfootnote\"><a class=\"sdfootnotesym\" href=\"#sdfootnote2anc\" name=\"sdfootnote2sym\">2<\/a><a href=\"https:\/\/relocalisons.wordpress.com\/2010\/06\/21\/relocalisons-copenhague\/\">https:\/\/relocalisons.wordpress.com\/2010\/06\/21\/relocalisons-copenhague\/<\/a><\/p>\n<\/div>\n<div id=\"sdfootnote3\">\n<p class=\"sdfootnote\"><a class=\"sdfootnotesym\" href=\"#sdfootnote3anc\" name=\"sdfootnote3sym\">3<\/a>Bienvenue en d\u00e9croissance \u2013 Conf\u00e9rence internationale de la D\u00e9croissance de Budapest &#8211; <a href=\"http:\/\/www.projet-decroissance.net\/?p=2260\">http:\/\/www.projet-decroissance.net\/?p=2260<\/a><\/p>\n<\/div>\n<div id=\"sdfootnote4\">\n<p class=\"sdfootnote\"><a class=\"sdfootnotesym\" href=\"#sdfootnote4anc\" name=\"sdfootnote4sym\">4<\/a>Ni protectionnisme, ni n\u00e9olib\u00e9ralisme mais une \u00ab relocalisation ouverte \u00bb &#8211; <a href=\"http:\/\/www.projet-decroissance.net\/?p=2123\">http:\/\/www.projet-decroissance.net\/?p=2123<\/p>\n<\/div>\n","protected":false},"excerpt":{"rendered":"<p>Le num\u00e9ro 29 de juin et juillet 2017 de Moins! contient un dossier consacr\u00e9 aux G20. A cette occasion, la r\u00e9daction nous a demand\u00e9 quelle \u00e9tait la place de la d\u00e9croissance dans les r\u00e9sistances types contre-G20. Voici notre contribution, que &hellip; <a href=\"http:\/\/www.projet-decroissance.net\/?p=2295\">Continuer la lecture <span class=\"meta-nav\">&rarr;<\/span><\/a><\/p>\n","protected":false},"author":2,"featured_media":0,"comment_status":"closed","ping_status":"open","sticky":false,"template":"","format":"standard","meta":{"footnotes":""},"categories":[1,7],"tags":[],"class_list":["post-2295","post","type-post","status-publish","format-standard","hentry","category-actualites","category-dans-la-presse-et-sur-la-toile"],"_links":{"self":[{"href":"http:\/\/www.projet-decroissance.net\/index.php?rest_route=\/wp\/v2\/posts\/2295","targetHints":{"allow":["GET"]}}],"collection":[{"href":"http:\/\/www.projet-decroissance.net\/index.php?rest_route=\/wp\/v2\/posts"}],"about":[{"href":"http:\/\/www.projet-decroissance.net\/index.php?rest_route=\/wp\/v2\/types\/post"}],"author":[{"embeddable":true,"href":"http:\/\/www.projet-decroissance.net\/index.php?rest_route=\/wp\/v2\/users\/2"}],"replies":[{"embeddable":true,"href":"http:\/\/www.projet-decroissance.net\/index.php?rest_route=%2Fwp%2Fv2%2Fcomments&post=2295"}],"version-history":[{"count":3,"href":"http:\/\/www.projet-decroissance.net\/index.php?rest_route=\/wp\/v2\/posts\/2295\/revisions"}],"predecessor-version":[{"id":2301,"href":"http:\/\/www.projet-decroissance.net\/index.php?rest_route=\/wp\/v2\/posts\/2295\/revisions\/2301"}],"wp:attachment":[{"href":"http:\/\/www.projet-decroissance.net\/index.php?rest_route=%2Fwp%2Fv2%2Fmedia&parent=2295"}],"wp:term":[{"taxonomy":"category","embeddable":true,"href":"http:\/\/www.projet-decroissance.net\/index.php?rest_route=%2Fwp%2Fv2%2Fcategories&post=2295"},{"taxonomy":"post_tag","embeddable":true,"href":"http:\/\/www.projet-decroissance.net\/index.php?rest_route=%2Fwp%2Fv2%2Ftags&post=2295"}],"curies":[{"name":"wp","href":"https:\/\/api.w.org\/{rel}","templated":true}]}}