{"id":2316,"date":"2017-10-30T13:17:37","date_gmt":"2017-10-30T13:17:37","guid":{"rendered":"http:\/\/www.projet-decroissance.net\/?p=2316"},"modified":"2018-05-03T08:19:40","modified_gmt":"2018-05-03T08:19:40","slug":"conferences-internationales-de-la-decroissance-2018-mexico-city-en-juin-malmo-en-aout-et-au-parlement-europeen-en-septembre","status":"publish","type":"post","link":"http:\/\/www.projet-decroissance.net\/?p=2316","title":{"rendered":"Conf\u00e9rences Internationales de la D\u00e9croissance 2018 : Mexico city, Malm\u00f6 en ao\u00fbt et au Parlement Europ\u00e9en en Septembre"},"content":{"rendered":"<div id=\"m_-5049667527627472058gmail-m_5467140198273100882yiv2157060769yqtfd99551\" class=\"m_-5049667527627472058gmail-m_5467140198273100882yiv2157060769yqt9100792488\">\n<div class=\"m_-5049667527627472058gmail-adL\">\n<p id=\"m_-5049667527627472058gmail-m_5467140198273100882yiv2157060769yui_3_16_0_ym19_1_1509137848579_8441\"><span id=\"m_-5049667527627472058gmail-m_5467140198273100882yiv2157060769yui_3_16_0_ym19_1_1509137848579_8449\"><a href=\"https:\/\/www.partipourladecroissance.net\/?attachment_id=9379\" rel=\"attachment wp-att-9379\"><img loading=\"lazy\" decoding=\"async\" class=\"wp-image-9379 alignleft\" src=\"https:\/\/www.partipourladecroissance.net\/wp-content\/uploads\/2017\/10\/budapest-300x298.png\" alt=\"\" width=\"121\" height=\"120\" \/><\/a><a href=\"https:\/\/www.partipourladecroissance.net\/?attachment_id=9380\" rel=\"attachment wp-att-9380\"><img loading=\"lazy\" decoding=\"async\" class=\" wp-image-9380 alignright\" src=\"https:\/\/www.partipourladecroissance.net\/wp-content\/uploads\/2017\/10\/venize-300x160.png\" alt=\"\" width=\"236\" height=\"126\" \/><\/a>Le collectif d&rsquo;organisation des\u00a0<b id=\"m_-5049667527627472058gmail-m_5467140198273100882yiv2157060769yui_3_16_0_ym19_1_1509137848579_8453\">Conf\u00e9rences Internationales de la D\u00e9croissance<\/b>\u00a0est heureux de vous annoncer\u00a0<\/span><span id=\"m_-5049667527627472058gmail-m_5467140198273100882yiv2157060769yui_3_16_0_ym19_1_1509137848579_8645\">trois nouvelles<\/span><span id=\"m_-5049667527627472058gmail-m_5467140198273100882yiv2157060769yui_3_16_0_ym19_1_1509137848579_8644\">\u00a0rencontres\u00a0<\/span>en\u00a0<span id=\"m_-5049667527627472058gmail-m_5467140198273100882yiv2157060769yui_3_16_0_ym19_1_1509137848579_8688\">2018.<br \/>\n<em><strong>Plus d&rsquo;informations :\u00a0<a href=\"https:\/\/reporterre.org\/En-2018-auront-lieu-trois-grandes-rencontres-internationales-de-la-decroissance\" target=\"_blank\" rel=\"noopener noreferrer\">En 2018 auront lieu trois grandes rencontres internationales de la d\u00e9croissance<\/p>\n<p><\/a><\/strong><\/em><\/span><span id=\"m_-5049667527627472058gmail-m_5467140198273100882yiv2157060769yui_3_16_0_ym19_1_1509137848579_8688\"><\/span><span id=\"m_-5049667527627472058gmail-m_5467140198273100882yiv2157060769yui_3_16_0_ym19_1_1509137848579_8440\">Apr\u00e8s\u00a0<\/span><span id=\"m_-5049667527627472058gmail-m_5467140198273100882yiv2157060769yui_3_16_0_ym19_1_1509137848579_8771\"><span id=\"m_-5049667527627472058gmail-m_5467140198273100882yiv2157060769yui_3_16_0_ym19_1_1509137848579_8770\">les conf\u00e9rences de<\/span><\/span><span id=\"m_-5049667527627472058gmail-m_5467140198273100882yiv2157060769yui_3_16_0_ym19_1_1509137848579_8769\">\u00a0Paris en 2008, Barcelone en 2010,\u00a0<a href=\"https:\/\/www.partipourladecroissance.net\/?p=7697\" target=\"_blank\" rel=\"noopener\" data-saferedirecturl=\"https:\/\/www.google.com\/url?hl=fr&amp;q=https:\/\/www.partipourladecroissance.net\/?p%3D7697&amp;source=gmail&amp;ust=1509455054798000&amp;usg=AFQjCNHUe-umpE8u60wovJzWa_e_QpkKwQ\">Venise<\/a>\u00a0et Montr<\/span>\u00e9<span id=\"m_-5049667527627472058gmail-m_5467140198273100882yiv2157060769yui_3_16_0_ym19_1_1509137848579_8782\">al en 2012,\u00a0<a href=\"https:\/\/reporterre.net\/La-decroissance-s-enracine-en\" target=\"_blank\" rel=\"noopener\" data-saferedirecturl=\"https:\/\/www.google.com\/url?hl=fr&amp;q=https:\/\/reporterre.net\/La-decroissance-s-enracine-en&amp;source=gmail&amp;ust=1509455054798000&amp;usg=AFQjCNFom2nI3hmXVoN2UuCkUnx4CcN5vw\">Leipzig<\/a>\u00a0en 2014 et\u00a0<a href=\"https:\/\/comptoir.org\/2016\/11\/30\/bienvenue-en-decroissance\/\" target=\"_blank\" rel=\"noopener\" data-saferedirecturl=\"https:\/\/www.google.com\/url?hl=fr&amp;q=https:\/\/comptoir.org\/2016\/11\/30\/bienvenue-en-decroissance\/&amp;source=gmail&amp;ust=1509455054798000&amp;usg=AFQjCNGWG-Wf8ZxQ2s857nGes00GpH3EGA\">Budapest<\/a>\u00a0l&rsquo;ann\u00e9e derni\u00e8re, nous vous invitons toutes et tous \u00e0 :<\/span><\/p>\n<p id=\"m_-5049667527627472058gmail-m_5467140198273100882yiv2157060769yui_3_16_0_ym19_1_1509137848579_8425\"><b id=\"m_-5049667527627472058gmail-m_5467140198273100882yiv2157060769yui_3_16_0_ym19_1_1509137848579_8424\"><span id=\"m_-5049667527627472058gmail-m_5467140198273100882yiv2157060769yui_3_16_0_ym19_1_1509137848579_8423\">1) La 6\u00e8me conf\u00e9rence internationale de la D\u00e9croissance :\u00a0<i id=\"m_-5049667527627472058gmail-m_5467140198273100882yiv2157060769yui_3_16_0_ym19_1_1509137848579_8472\">\u00ab\u00a0Dialogues en p\u00e9riodes troubl\u00e9es\u00a0\u00bb\u00a0<span id=\"m_-5049667527627472058gmail-m_5467140198273100882yiv2157060769yui_3_16_0_ym19_1_1509137848579_8939\">\u00ab\u00a0Dialogues autour d&rsquo;une \u00e9poque mouvement\u00e9e\u00a0\u00bb<br \/>\n<\/span><\/i><\/span><\/b><span id=\"m_-5049667527627472058gmail-m_5467140198273100882yiv2157060769yui_3_16_0_ym19_1_1509137848579_8447\"><i id=\"m_-5049667527627472058gmail-m_5467140198273100882yiv2157060769yui_3_16_0_ym19_1_1509137848579_8446\">A Malm\u00f6 (Su\u00e8de)<br \/>\n<\/i><\/span><span id=\"m_-5049667527627472058gmail-m_5467140198273100882yiv2157060769yui_3_16_0_ym19_1_1509137848579_8444\"><i id=\"m_-5049667527627472058gmail-m_5467140198273100882yiv2157060769yui_3_16_0_ym19_1_1509137848579_8443\">Du 21 au 25 ao\u00fbt 2018<\/i><\/span><\/p>\n<p id=\"m_-5049667527627472058gmail-m_5467140198273100882yiv2157060769yui_3_16_0_ym19_1_1509137848579_8429\" dir=\"ltr\"><span id=\"m_-5049667527627472058gmail-m_5467140198273100882yiv2157060769yui_3_16_0_ym19_1_1509137848579_8428\">Cette conf\u00e9rence a pour objectif de\u00a0<\/span><span id=\"m_-5049667527627472058gmail-m_5467140198273100882yiv2157060769yui_3_16_0_ym19_1_1509137848579_17883\">mettre en<\/span><span id=\"m_-5049667527627472058gmail-m_5467140198273100882yiv2157060769yui_3_16_0_ym19_1_1509137848579_17839\">\u00a0dialogue des\u00a0<\/span><span id=\"m_-5049667527627472058gmail-m_5467140198273100882yiv2157060769yui_3_16_0_ym19_1_1509137848579_30320\">\u00e9coles de pens\u00e9e radicales\u00a0<\/span><span id=\"m_-5049667527627472058gmail-m_5467140198273100882yiv2157060769yui_3_16_0_ym19_1_1509137848579_23231\">et les mouvements sociaux\u00a0<\/span><span id=\"m_-5049667527627472058gmail-m_5467140198273100882yiv2157060769yui_3_16_0_ym19_1_1509137848579_28542\">de l&rsquo;\u00e9cologie et l&rsquo;\u00e9mancipation sociale<\/span><span id=\"m_-5049667527627472058gmail-m_5467140198273100882yiv2157060769yui_3_16_0_ym19_1_1509137848579_28540\">. Malm\u00f6\u00a0<\/span><span id=\"m_-5049667527627472058gmail-m_5467140198273100882yiv2157060769yui_3_16_0_ym19_1_1509137848579_39432\">semble toute indiqu\u00e9e<\/span><span id=\"m_-5049667527627472058gmail-m_5467140198273100882yiv2157060769yui_3_16_0_ym19_1_1509137848579_32180\">\u00a0pour\u00a0<\/span><span id=\"m_-5049667527627472058gmail-m_5467140198273100882yiv2157060769yui_3_16_0_ym19_1_1509137848579_35684\">accueillir<\/span><span id=\"m_-5049667527627472058gmail-m_5467140198273100882yiv2157060769yui_3_16_0_ym19_1_1509137848579_35681\">\u00a0cette 6\u00e8me conf\u00e9rence internationale :\u00a0<\/span><span id=\"m_-5049667527627472058gmail-m_5467140198273100882yiv2157060769yui_3_16_0_ym19_1_1509137848579_8890\">dans un contexte multiculturel,<\/span><span id=\"m_-5049667527627472058gmail-m_5467140198273100882yiv2157060769yui_3_16_0_ym19_1_1509137848579_8641\">\u00a0<\/span><span id=\"m_-5049667527627472058gmail-m_5467140198273100882yiv2157060769yui_3_16_0_ym19_1_1509137848579_54742\"><span id=\"m_-5049667527627472058gmail-m_5467140198273100882yiv2157060769yui_3_16_0_ym19_1_1509137848579_54741\">elle regorge\u00a0<\/span><\/span><span id=\"m_-5049667527627472058gmail-m_5467140198273100882yiv2157060769yui_3_16_0_ym19_1_1509137848579_39409\">de dynamiques citoyennes\u00a0<\/span><span id=\"m_-5049667527627472058gmail-m_5467140198273100882yui_3_16_0_ym19_1_1509137848579_143922\"><span id=\"m_-5049667527627472058gmail-m_5467140198273100882yui_3_16_0_ym19_1_1509137848579_143921\">mobilis\u00e9es<\/span><\/span><span id=\"m_-5049667527627472058gmail-m_5467140198273100882yui_3_16_0_ym19_1_1509137848579_152935\">\u00a0autour de r\u00e9seaux militants,\u00a0<\/span><span id=\"m_-5049667527627472058gmail-m_5467140198273100882yiv2157060769yui_3_16_0_ym19_1_1509137848579_42954\"><span id=\"m_-5049667527627472058gmail-m_5467140198273100882yiv2157060769yui_3_16_0_ym19_1_1509137848579_42953\">alternatifs et cr\u00e9atifs<\/span><\/span><span id=\"m_-5049667527627472058gmail-m_5467140198273100882yiv2157060769yui_3_16_0_ym19_1_1509137848579_39464\">.\u00a0<\/span><span id=\"m_-5049667527627472058gmail-m_5467140198273100882yui_3_16_0_ym19_1_1509137848579_143881\"><span id=\"m_-5049667527627472058gmail-m_5467140198273100882yui_3_16_0_ym19_1_1509137848579_143880\">E<\/span><\/span><span id=\"m_-5049667527627472058gmail-m_5467140198273100882yiv2157060769yui_3_16_0_ym19_1_1509137848579_52667\">n s&rsquo;appuyant sur ces dynamiques locales riches et vari\u00e9es,<\/span>\u00a0<span id=\"m_-5049667527627472058gmail-m_5467140198273100882yiv2157060769yui_3_16_0_ym19_1_1509137848579_52732\"><span id=\"m_-5049667527627472058gmail-m_5467140198273100882yiv2157060769yui_3_16_0_ym19_1_1509137848579_52731\">il s&rsquo;agira\u00a0<\/span><\/span><span id=\"m_-5049667527627472058gmail-m_5467140198273100882yiv2157060769yui_3_16_0_ym19_1_1509137848579_52730\">d&rsquo;ouvrir et renforcer les \u00e9changes autour de la D\u00e9croissance<\/span><span id=\"m_-5049667527627472058gmail-m_5467140198273100882yiv2157060769yui_3_16_0_ym19_1_1509137848579_52847\"><span id=\"m_-5049667527627472058gmail-m_5467140198273100882yiv2157060769yui_3_16_0_ym19_1_1509137848579_52846\">, de nourrir une analyse critique de la social-d\u00e9mocratie nordique, ainsi que d&rsquo;approfondir certaines th\u00e9matiques et \u00e9chelles g\u00e9ographiques telles que les migrations et les exp\u00e9riences moyen-orientales.<\/span><\/span><\/p>\n<div id=\"m_-5049667527627472058gmail-m_5467140198273100882yiv2157060769yqtfd99551\" class=\"m_-5049667527627472058gmail-m_5467140198273100882yiv2157060769yqt9100792488\">\n<p id=\"m_-5049667527627472058gmail-m_5467140198273100882yiv2157060769yui_3_16_0_ym19_1_1509137848579_8480\"><span id=\"m_-5049667527627472058gmail-m_5467140198273100882yiv2157060769yui_3_16_0_ym19_1_1509137848579_58273\"><i id=\"m_-5049667527627472058gmail-m_5467140198273100882yiv2157060769yui_3_16_0_ym19_1_1509137848579_58272\">Plus d&rsquo;infos :\u00a0<\/i><\/span><i id=\"m_-5049667527627472058gmail-m_5467140198273100882yiv2157060769yui_3_16_0_ym19_1_1509137848579_8479\"><a id=\"m_-5049667527627472058gmail-m_5467140198273100882yiv2157060769yui_3_16_0_ym19_1_1509137848579_8478\" href=\"https:\/\/malmo.degrowth.org\/\" target=\"_blank\" rel=\"nofollow noopener\" shape=\"rect\" data-saferedirecturl=\"https:\/\/www.google.com\/url?hl=fr&amp;q=https:\/\/malmo.degrowth.org\/&amp;source=gmail&amp;ust=1509455054798000&amp;usg=AFQjCNEt3SXDraKp-O-fcuCPjQcGWwKHfQ\">https:\/\/malmo.degrowth.org\/<br \/>\n<\/a><\/i><span id=\"m_-5049667527627472058gmail-m_5467140198273100882yiv2157060769yui_3_16_0_ym19_1_1509137848579_8868\"><i id=\"m_-5049667527627472058gmail-m_5467140198273100882yiv2157060769yui_3_16_0_ym19_1_1509137848579_8867\"><\/i><\/span><!--more--><\/p>\n<p id=\"m_-5049667527627472058gmail-m_5467140198273100882yiv2157060769yui_3_16_0_ym19_1_1509137848579_8495\"><span id=\"m_-5049667527627472058gmail-m_5467140198273100882yiv2157060769yui_3_16_0_ym19_1_1509137848579_8500\"><span id=\"m_-5049667527627472058gmail-m_5467140198273100882yiv2157060769yui_3_16_0_ym19_1_1509137848579_8499\"><b id=\"m_-5049667527627472058gmail-m_5467140198273100882yiv2157060769yui_3_16_0_ym19_1_1509137848579_8498\"><i id=\"m_-5049667527627472058gmail-m_5467140198273100882yiv2157060769yui_3_16_0_ym19_1_1509137848579_8497\">En parall\u00e8le de cette 6\u00e8me conf\u00e9rence\u00a0<span id=\"m_-5049667527627472058gmail-m_5467140198273100882yiv2157060769yui_3_16_0_ym19_1_1509137848579_62063\">se tiendront<\/span>\u00a0deux autres rencontres compl\u00e9mentaires :<\/i><\/b><\/span><\/span><\/p>\n<p><span id=\"m_-5049667527627472058gmail-m_5467140198273100882yiv2157060769yui_3_16_0_ym19_1_1509137848579_8491\"><span id=\"m_-5049667527627472058gmail-m_5467140198273100882yiv2157060769yui_3_16_0_ym19_1_1509137848579_8490\"><b id=\"m_-5049667527627472058gmail-m_5467140198273100882yiv2157060769yui_3_16_0_ym19_1_1509137848579_8489\">2) La premi\u00e8re conf\u00e9rence sur\u00a0la\u00a0D\u00e9croissance\u00a0<span id=\"m_-5049667527627472058gmail-m_5467140198273100882yiv2157060769yui_3_16_0_ym19_1_1509137848579_62097\">pour\u00a0<\/span><span id=\"m_-5049667527627472058gmail-m_5467140198273100882yiv2157060769yui_3_16_0_ym19_1_1509137848579_62065\">un<\/span>\u00a0<wbr \/>dialogue Nord \/ Sud :\u00a0<i id=\"m_-5049667527627472058gmail-m_5467140198273100882yiv2157060769yui_3_16_0_ym19_1_1509137848579_39389\">\u00ab\u00a0D\u00e9coloniser nos imaginaires\u00a0\u00bb<br \/>\n<\/i><\/b><\/span><\/span><i id=\"m_-5049667527627472058gmail-m_5467140198273100882yiv2157060769yui_3_16_0_ym19_1_1509137848579_8721\">A Mexico City (Mexi<span id=\"m_-5049667527627472058gmail-m_5467140198273100882yiv2157060769yui_3_16_0_ym19_1_1509137848579_63975\">que<\/span>)<br \/>\n<\/i><i>Du<\/i>\u00a0<del>19-21 Juin 2018<\/del><em><strong>\u00a0<span style=\"color: #ff0000;\">-&gt; 4-6 Septembre 2018<\/span><\/strong><\/em><\/p>\n<p id=\"m_-5049667527627472058gmail-m_5467140198273100882yiv2157060769yui_3_16_0_ym19_1_1509137848579_14240\" dir=\"ltr\"><span id=\"m_-5049667527627472058gmail-m_5467140198273100882yiv2157060769yui_3_16_0_ym19_1_1509137848579_14239\"><span id=\"m_-5049667527627472058gmail-m_5467140198273100882yiv2157060769yui_3_16_0_ym19_1_1509137848579_63941\">La premi\u00e8re conf\u00e9rence\u00a0<span id=\"m_-5049667527627472058gmail-m_5467140198273100882yiv2157060769yui_3_16_0_ym19_1_1509137848579_70502\">pour un\u00a0<\/span><\/span>dialogue Nord \/ Sud\u00a0<span id=\"m_-5049667527627472058gmail-m_5467140198273100882yiv2157060769yui_3_16_0_ym19_1_1509137848579_70439\">au sein de la<\/span>\u00a0D\u00e9croissance se tiendra \u00e0 Mexico,<span id=\"m_-5049667527627472058gmail-m_5467140198273100882yiv2157060769yui_3_16_0_ym19_1_1509137848579_92909\">\u00a0en\u00a0<span id=\"m_-5049667527627472058gmail-m_5467140198273100882yiv2157060769yui_3_16_0_ym19_1_1509137848579_72324\">coop\u00e9ration avec<\/span><\/span><span id=\"m_-5049667527627472058gmail-m_5467140198273100882yiv2157060769yui_3_16_0_ym19_1_1509137848579_92996\">\u00a0diff\u00e9rentes\u00a0<\/span>universit\u00e9s, ONG, initiatives locales et mouvements sociaux.\u00a0<span id=\"m_-5049667527627472058gmail-m_5467140198273100882yiv2157060769yui_3_16_0_ym19_1_1509137848579_77750\">Cette premi\u00e8re rencontre<\/span><span id=\"m_-5049667527627472058gmail-m_5467140198273100882yiv2157060769yui_3_16_0_ym19_1_1509137848579_75984\">\u00a0en Am\u00e9rique Latine invite \u00e0 questionner\u00a0<\/span>les\u00a0limites\u00a0<span id=\"m_-5049667527627472058gmail-m_5467140198273100882yiv2157060769yui_3_16_0_ym19_1_1509137848579_92848\">de l&rsquo;id\u00e9ologie<\/span>\u00a0du d\u00e9veloppement<span id=\"m_-5049667527627472058gmail-m_5467140198273100882yiv2157060769yui_3_16_0_ym19_1_1509137848579_83099\">,\u00a0<\/span><span id=\"m_-5049667527627472058gmail-m_5467140198273100882yui_3_16_0_ym19_1_1509137848579_129579\">ainsi que<\/span>\u00a0la pertinence de la D\u00e9croissance, pens\u00e9e n\u00e9e en Europe, dans les pays du Sud. Survivre au d\u00e9veloppement, d\u00e9colonisation de nos imaginaires,\u00a0<span id=\"m_-5049667527627472058gmail-m_5467140198273100882yiv2157060769yui_3_16_0_ym19_1_1509137848579_92986\">mais aussi<\/span>\u00a0culture,\u00a0<span id=\"m_-5049667527627472058gmail-m_5467140198273100882yiv2157060769yui_3_16_0_ym19_1_1509137848579_86772\">richesse et pauvret\u00e9, seront les principales th\u00e9matiques abord\u00e9es<\/span>.<\/span><\/p>\n<p id=\"m_-5049667527627472058gmail-m_5467140198273100882yiv2157060769yui_3_16_0_ym19_1_1509137848579_61985\"><span id=\"m_-5049667527627472058gmail-m_5467140198273100882yiv2157060769yui_3_16_0_ym19_1_1509137848579_61984\"><i>Plus d&rsquo;infos, appels \u00e0 participation sur\u00a0<a href=\"http:\/\/degrowth.descrecimiento.org\/\" target=\"_blank\" rel=\"noopener\">http:\/\/degrowth.descrecimiento.org\/<\/a><\/i><\/span><\/p>\n<p id=\"m_-5049667527627472058gmail-m_5467140198273100882yiv2157060769yui_3_16_0_ym19_1_1509137848579_61990\"><span id=\"m_-5049667527627472058gmail-m_5467140198273100882yiv2157060769yui_3_16_0_ym19_1_1509137848579_61989\"><span id=\"m_-5049667527627472058gmail-m_5467140198273100882yiv2157060769yui_3_16_0_ym19_1_1509137848579_61988\"><b id=\"m_-5049667527627472058gmail-m_5467140198273100882yiv2157060769yui_3_16_0_ym19_1_1509137848579_61987\">3) La D\u00e9croissance\u00a0s&rsquo;invite\u00a0au Parlement Europ\u00e9en :\u00a0<i id=\"m_-5049667527627472058gmail-m_5467140198273100882yiv2157060769yui_3_16_0_ym19_1_1509137848579_63979\">\u00ab\u00a0Conf\u00e9rence participative pour d\u00e9fier la pens\u00e9e \u00e9conomique des institutions europ\u00e9ennes\u00a0\u00bb<br \/>\n<\/i><\/b><\/span><\/span><span id=\"m_-5049667527627472058gmail-m_5467140198273100882yiv2157060769yui_3_16_0_ym19_1_1509137848579_61993\"><i id=\"m_-5049667527627472058gmail-m_5467140198273100882yiv2157060769yui_3_16_0_ym19_1_1509137848579_61992\">Au\u00a0Parlement Europ\u00e9en, Bruxelles (Belgique)<br \/>\n<\/i><\/span><span id=\"m_-5049667527627472058gmail-m_5467140198273100882yiv2157060769yui_3_16_0_ym19_1_1509137848579_61998\"><span id=\"m_-5049667527627472058gmail-m_5467140198273100882yiv2157060769yui_3_16_0_ym19_1_1509137848579_61997\"><i id=\"m_-5049667527627472058gmail-m_5467140198273100882yiv2157060769yui_3_16_0_ym19_1_1509137848579_61996\">Les\u00a018 et 19 s<span id=\"m_-5049667527627472058gmail-m_5467140198273100882yui_3_16_0_ym19_1_1509137848579_111231\">eptembre\u00a0<\/span>2018<\/i><\/span><\/span><\/p>\n<p dir=\"ltr\"><span id=\"m_-5049667527627472058gmail-m_5467140198273100882yiv2157060769yui_3_16_0_ym19_1_1509137848579_62088\"><span id=\"m_-5049667527627472058gmail-m_5467140198273100882yiv2157060769yui_3_16_0_ym19_1_1509137848579_62087\">Une rencontre-d\u00e9bat participative sur l<span id=\"m_-5049667527627472058gmail-m_5467140198273100882yui_3_16_0_ym19_1_1509137848579_105626\">&lsquo;apr\u00e8s<\/span>-croissance\u00a0<span id=\"m_-5049667527627472058gmail-m_5467140198273100882yui_3_16_0_ym19_1_1509137848579_105628\">se tiendra \u00e0 Bruxelles\u00a0<\/span>en pr\u00e9sence d&rsquo;une large diversit\u00e9 d&rsquo;actrices et d&rsquo;acteurs :\u00a0<span id=\"m_-5049667527627472058gmail-m_5467140198273100882yui_3_16_0_ym19_1_1509137848579_109245\">d\u00e9put\u00e9s<\/span>\u00a0de divers groupes parlementaires\u00a0<span id=\"m_-5049667527627472058gmail-m_5467140198273100882yui_3_16_0_ym19_1_1509137848579_109218\">europ\u00e9ens<\/span>, lobbyistes et membre<span id=\"m_-5049667527627472058gmail-m_5467140198273100882yui_3_16_0_ym19_1_1509137848579_111195\">s<\/span>\u00a0de la\u00a0<span id=\"m_-5049667527627472058gmail-m_5467140198273100882yui_3_16_0_ym19_1_1509137848579_134953\">C<\/span>ommission, universitaires et chercheurs, ONG, associations\u00a0et alternatives locales, repr\u00e9sentants syndicaux, de la soci\u00e9t\u00e9 civile. 10 ans jour pour jour apr\u00e8s l&rsquo;effondrement de\u00a0<span id=\"m_-5049667527627472058gmail-m_5467140198273100882yui_3_16_0_ym19_1_1509137848579_113180\">la banque d&rsquo;investissement<\/span>\u00a0Lehman Brothers, cette rencontre a pour but d&rsquo;ouvrir le d\u00e9bat sur le r\u00f4le que pourrait jouer, ou pas, l&rsquo;Union Europ\u00e9enne\u00a0dans le cadre d&rsquo;un projet de D\u00e9croissance, en confrontant\u00a0<span id=\"m_-5049667527627472058gmail-m_5467140198273100882yui_3_16_0_ym19_1_1509137848579_118554\">une vari\u00e9t\u00e9 de<\/span>\u00a0points de vue.<br \/>\n<\/span><\/span><span id=\"m_-5049667527627472058gmail-m_5467140198273100882yiv2157060769yui_3_16_0_ym19_1_1509137848579_63956\"><span id=\"m_-5049667527627472058gmail-m_5467140198273100882yiv2157060769yui_3_16_0_ym19_1_1509137848579_63955\"><span id=\"m_-5049667527627472058gmail-m_5467140198273100882yui_3_16_0_ym19_1_1509137848579_131413\">Au c\u0153ur d&rsquo;<\/span>institutions europ\u00e9ennes\u00a0<span id=\"m_-5049667527627472058gmail-m_5467140198273100882yui_3_16_0_ym19_1_1509137848579_134958\">allant aujourd&rsquo;hui\u00a0<\/span>\u00e0 l&rsquo;encontre d&rsquo;une transformation juste et soutenable de nos soci\u00e9t\u00e9s, des ateliers participatifs seront propos\u00e9s\u00a0<span id=\"m_-5049667527627472058gmail-m_5467140198273100882yui_3_16_0_ym19_1_1509137848579_120471\">pour questionner diff\u00e9rentes<\/span>\u00a0th\u00e9matiques telles que : le mod\u00e8le \u00e9conomique europ\u00e9en, la mise en place d&rsquo;un revenu de base, le but des march\u00e9s et les cons\u00e9quence environnementales et humaines du d\u00e9veloppement technologique.<br \/>\n<\/span><\/span><span id=\"m_-5049667527627472058gmail-m_5467140198273100882yiv2157060769yui_3_16_0_ym19_1_1509137848579_81299\"><span id=\"m_-5049667527627472058gmail-m_5467140198273100882yiv2157060769yui_3_16_0_ym19_1_1509137848579_81298\">Un an avant les \u00e9lections europ\u00e9ennes et la nomination d&rsquo;une nouvelle\u00a0Commission,\u00a0il s&rsquo;agit\u00a0aussi d&rsquo;impr\u00e9gner les d\u00e9bats\u00a0<span id=\"m_-5049667527627472058gmail-m_5467140198273100882yui_3_16_0_ym19_1_1509137848579_133187\">d<\/span>es enjeux et questions port\u00e9s par la D\u00e9croissance pour plus de justice sociale et environnementale.<br \/>\n<\/span><\/span><br \/>\nCette rencontre sera pr\u00e9c\u00e9d\u00e9e d&rsquo;une session universitaire pr\u00e9paratoire \u00e0 l&rsquo;Universit\u00e9 Libre de Bruxelles.<img decoding=\"async\" class=\"m_-5049667527627472058gmail-ajT CToWUd\" src=\"https:\/\/ci6.googleusercontent.com\/proxy\/RnNZfQn2o2xpggJQqefCOervMbPIci5mujDPJnvl43kv6Rtxjyh5gHN_JKVzeU-aaGz3pePFgxfoAAtZJZNx8mveVTc-11j98EfuAJVcumUenA=s0-d-e1-ft#https:\/\/ssl.gstatic.com\/ui\/v1\/icons\/mail\/images\/cleardot.gif\" \/><\/p>\n<p><i>Appels \u00e0 participation, inscriptions, informations :\u00a0<a href=\"http:\/\/www.postgrowth2018.eu\/\">http:\/\/www.postgrowth2018.eu\/<\/a><\/i><\/p>\n<div class=\"m_-5049667527627472058gmail-adL\">\n<p id=\"m_-5049667527627472058gmail-m_5467140198273100882yiv2157060769yui_3_16_0_ym19_1_1509137848579_95246\"><span id=\"m_-5049667527627472058gmail-m_5467140198273100882yiv2157060769yui_3_16_0_ym19_1_1509137848579_95250\"><span id=\"m_-5049667527627472058gmail-m_5467140198273100882yiv2157060769yui_3_16_0_ym19_1_1509137848579_95249\"><b id=\"m_-5049667527627472058gmail-m_5467140198273100882yiv2157060769yui_3_16_0_ym19_1_1509137848579_95248\"><a href=\"https:\/\/www.partipourladecroissance.net\/?attachment_id=9381\" rel=\"attachment wp-att-9381\"><img loading=\"lazy\" decoding=\"async\" class=\" wp-image-9381 alignleft\" src=\"https:\/\/www.partipourladecroissance.net\/wp-content\/uploads\/2017\/10\/rdegrowth.png\" alt=\"\" width=\"102\" height=\"113\" \/><\/a><a href=\"https:\/\/www.partipourladecroissance.net\/?attachment_id=9382\" rel=\"attachment wp-att-9382\"><img loading=\"lazy\" decoding=\"async\" class=\" wp-image-9382 alignright\" src=\"https:\/\/www.partipourladecroissance.net\/wp-content\/uploads\/2017\/10\/leipzig-300x146.jpg\" alt=\"\" width=\"158\" height=\"77\" \/><\/a>Le collectif d&rsquo;organisation des conf\u00e9rences Internationales de la D\u00e9croissance (Support Group)<br \/>\n<\/b><\/span><\/span><span id=\"m_-5049667527627472058gmail-m_5467140198273100882yui_3_16_0_ym19_1_1509137848579_118649\">Ce collectif est compos\u00e9 d&rsquo;organisateurs des pr\u00e9c\u00e9dentes \u00e9ditions de ces conf\u00e9rences.<br \/>\n<\/span><span id=\"m_-5049667527627472058gmail-m_5467140198273100882yui_3_16_0_ym19_1_1509137848579_120468\"><span id=\"m_-5049667527627472058gmail-m_5467140198273100882yui_3_16_0_ym19_1_1509137848579_124084\"><i id=\"m_-5049667527627472058gmail-m_5467140198273100882yui_3_16_0_ym19_1_1509137848579_124083\">Contact<\/i><\/span><span id=\"m_-5049667527627472058gmail-m_5467140198273100882yui_3_16_0_ym19_1_1509137848579_120467\">:\u00a0<a id=\"m_-5049667527627472058gmail-m_5467140198273100882yui_3_16_0_ym19_1_1509137848579_120466\" class=\"m_-5049667527627472058gmail-m_5467140198273100882edited-link-editor\" href=\"mailto:supportgroup@degrowth.org\" target=\"_blank\" rel=\"noreferrer noopener\" shape=\"rect\">supportgroup@degrowth<wbr \/>.org<\/a><\/span><br clear=\"none\" \/><\/span><\/p>\n<p id=\"m_-5049667527627472058gmail-m_5467140198273100882yui_3_16_0_ym19_1_1509137848579_118654\"><span id=\"m_-5049667527627472058gmail-m_5467140198273100882yui_3_16_0_ym19_1_1509137848579_118653\">Plus d&rsquo;informations sur :\u00a0<a id=\"m_-5049667527627472058gmail-m_5467140198273100882yui_3_16_0_ym19_1_1509137848579_118652\" href=\"https:\/\/degrowth.org\/conferences\/\" target=\"_blank\" rel=\"nofollow noopener\" shape=\"rect\" data-saferedirecturl=\"https:\/\/www.google.com\/url?hl=fr&amp;q=https:\/\/degrowth.org\/conferences\/&amp;source=gmail&amp;ust=1509455054798000&amp;usg=AFQjCNFzjk1STCWNTnCXoHqsDuRzHJs0hA\">https:\/\/degrowth.org\/ conferences\/<\/a><\/span><\/p>\n<p id=\"m_-5049667527627472058gmail-m_5467140198273100882yui_3_16_0_ym19_1_1509137848579_120455\"><span id=\"m_-5049667527627472058gmail-m_5467140198273100882yui_3_16_0_ym19_1_1509137848579_120454\">Pour nous suivre :<br \/>\n<\/span><a href=\"https:\/\/www.facebook.com\/researchanddegrowth\/\" target=\"_blank\" rel=\"nofollow noopener\" shape=\"rect\" data-saferedirecturl=\"https:\/\/www.google.com\/url?hl=fr&amp;q=https:\/\/www.facebook.com\/researchanddegrowth\/&amp;source=gmail&amp;ust=1509455054798000&amp;usg=AFQjCNHPpoteABl9lA1_fXE5UtrPJ9bV5Q\">Facebook<br \/>\n<\/a><a href=\"https:\/\/twitter.com\/R_Degrowth\" target=\"_blank\" rel=\"nofollow noopener\" shape=\"rect\" data-saferedirecturl=\"https:\/\/www.google.com\/url?hl=fr&amp;q=https:\/\/twitter.com\/R_Degrowth&amp;source=gmail&amp;ust=1509455054798000&amp;usg=AFQjCNEl8sIalTQHa-dTZhmXZRfP_VgXUA\">Twitter<\/a><\/p>\n<\/div>\n<\/div>\n<\/div>\n<\/div>\n<p>&nbsp;<\/p>\n","protected":false},"excerpt":{"rendered":"<p>Le collectif d&rsquo;organisation des\u00a0Conf\u00e9rences Internationales de la D\u00e9croissance\u00a0est heureux de vous annoncer\u00a0trois nouvelles\u00a0rencontres\u00a0en\u00a02018. Plus d&rsquo;informations :\u00a0En 2018 auront lieu trois grandes rencontres internationales de la d\u00e9croissance Apr\u00e8s\u00a0les conf\u00e9rences de\u00a0Paris en 2008, Barcelone en 2010,\u00a0Venise\u00a0et Montr\u00e9al en 2012,\u00a0Leipzig\u00a0en 2014 et\u00a0Budapest\u00a0l&rsquo;ann\u00e9e derni\u00e8re, &hellip; <a href=\"http:\/\/www.projet-decroissance.net\/?p=2316\">Continuer la lecture <span class=\"meta-nav\">&rarr;<\/span><\/a><\/p>\n","protected":false},"author":3,"featured_media":0,"comment_status":"closed","ping_status":"open","sticky":false,"template":"","format":"standard","meta":{"footnotes":""},"categories":[1,6],"tags":[],"class_list":["post-2316","post","type-post","status-publish","format-standard","hentry","category-actualites","category-agenda"],"_links":{"self":[{"href":"http:\/\/www.projet-decroissance.net\/index.php?rest_route=\/wp\/v2\/posts\/2316","targetHints":{"allow":["GET"]}}],"collection":[{"href":"http:\/\/www.projet-decroissance.net\/index.php?rest_route=\/wp\/v2\/posts"}],"about":[{"href":"http:\/\/www.projet-decroissance.net\/index.php?rest_route=\/wp\/v2\/types\/post"}],"author":[{"embeddable":true,"href":"http:\/\/www.projet-decroissance.net\/index.php?rest_route=\/wp\/v2\/users\/3"}],"replies":[{"embeddable":true,"href":"http:\/\/www.projet-decroissance.net\/index.php?rest_route=%2Fwp%2Fv2%2Fcomments&post=2316"}],"version-history":[{"count":10,"href":"http:\/\/www.projet-decroissance.net\/index.php?rest_route=\/wp\/v2\/posts\/2316\/revisions"}],"predecessor-version":[{"id":2385,"href":"http:\/\/www.projet-decroissance.net\/index.php?rest_route=\/wp\/v2\/posts\/2316\/revisions\/2385"}],"wp:attachment":[{"href":"http:\/\/www.projet-decroissance.net\/index.php?rest_route=%2Fwp%2Fv2%2Fmedia&parent=2316"}],"wp:term":[{"taxonomy":"category","embeddable":true,"href":"http:\/\/www.projet-decroissance.net\/index.php?rest_route=%2Fwp%2Fv2%2Fcategories&post=2316"},{"taxonomy":"post_tag","embeddable":true,"href":"http:\/\/www.projet-decroissance.net\/index.php?rest_route=%2Fwp%2Fv2%2Ftags&post=2316"}],"curies":[{"name":"wp","href":"https:\/\/api.w.org\/{rel}","templated":true}]}}