{"id":2321,"date":"2017-11-02T14:41:15","date_gmt":"2017-11-02T14:41:15","guid":{"rendered":"http:\/\/www.projet-decroissance.net\/?p=2321"},"modified":"2018-05-03T08:20:42","modified_gmt":"2018-05-03T08:20:42","slug":"degrowth-international-conferences-in-2018-malmo-in-august-mexico-city-in-june-and-european-parliament-in-september","status":"publish","type":"post","link":"http:\/\/www.projet-decroissance.net\/?p=2321","title":{"rendered":"Degrowth International Conferences in 2018: Malm\u00f6 in August, Mexico City and European Parliament in September"},"content":{"rendered":"<p><span style=\"color: #000000;\"><span style=\"font-family: Arial;\"><a href=\"https:\/\/www.partipourladecroissance.net\/?attachment_id=9379\" rel=\"attachment wp-att-9379\"><img loading=\"lazy\" decoding=\"async\" class=\"wp-image-9379 alignleft\" src=\"https:\/\/www.partipourladecroissance.net\/wp-content\/uploads\/2017\/10\/budapest-300x298.png\" alt=\"\" width=\"121\" height=\"120\" \/><\/a><a href=\"https:\/\/www.partipourladecroissance.net\/?attachment_id=9380\" rel=\"attachment wp-att-9380\"><img loading=\"lazy\" decoding=\"async\" class=\" wp-image-9380 alignright\" src=\"https:\/\/www.partipourladecroissance.net\/wp-content\/uploads\/2017\/10\/venize-300x160.png\" alt=\"\" width=\"236\" height=\"126\" \/><\/a>The Support Group of the\u00a0<a href=\"https:\/\/degrowth.org\/conferences\/\" target=\"_blank\" rel=\"noopener\" data-saferedirecturl=\"https:\/\/www.google.com\/url?hl=fr&amp;q=https:\/\/degrowth.org\/conferences\/&amp;source=gmail&amp;ust=1509719769354000&amp;usg=AFQjCNGo7zoWnGd23cHKz8PNJMQwHPesUQ\">International Degrowth Conferences<\/a>\u00a0is happy to announce three degrowth events for 2018. After the conferences in Paris (2008), Barcelona (2010), Venice and Montreal (2012), Leipzig (2014) and Budapest (2016), in 2018 there will be:<\/span><\/span><\/p>\n<p><span style=\"color: #000000;\"><span style=\"font-family: Arial;\"><b>1) 6th International Degrowth Conference for Ecological Sustainability and Social Equity: &lsquo;Dialogues in turbulent times&rsquo;<br \/>\n<\/b><\/span><\/span><span style=\"color: #000000;\"><span style=\"font-family: Arial;\"><i>Where<\/i>: Malm\u00f6 (Sweden)<br \/>\n<\/span><\/span><span style=\"color: #000000;\"><span style=\"font-family: Arial;\"><i>When<\/i>: 21-25 August 2018<\/span><\/span><\/p>\n<p><span style=\"color: #000000;\"><span style=\"font-family: Arial;\">This conference aims at expanding the geographical and thematic scope of degrowth discussions, as well as building dialogues with critical social theories, sciences and social movements. Malm\u00f6 is a perfect city to host such a conference. Vibrant and mixed, but also relaxed and down-to-earth, it has a strong presence of alternative forms of organising and a varied cultural and grassroots life. We want this conference to further consolidate these and act as a platform for mutually enriching dialogues among groups from around the globe striving for a better world.<\/span><\/span><\/p>\n<p><em><span style=\"color: #000000;\"><span style=\"font-family: Arial;\">More info at:\u00a0<a href=\"https:\/\/malmo.degrowth.org\/\" target=\"_blank\" rel=\"noopener\" data-saferedirecturl=\"https:\/\/www.google.com\/url?hl=fr&amp;q=https:\/\/malmo.degrowth.org\/&amp;source=gmail&amp;ust=1509719769354000&amp;usg=AFQjCNG7B2UR4OU_XLnoks-8mllShsr52g\">https:\/\/<span class=\"il\">malmo<\/span>.degrowth.org<wbr \/>\/<br \/>\n<\/a><\/span><\/span><\/em><em><span style=\"color: #000000;\"><span style=\"font-family: Arial;\">Find the calls for academics, activists and artists\u00a0<a href=\"https:\/\/malmo.degrowth.org\/calls-for-participation\/\" target=\"_blank\" rel=\"noopener\" data-saferedirecturl=\"https:\/\/www.google.com\/url?hl=fr&amp;q=https:\/\/malmo.degrowth.org\/calls-for-participation\/&amp;source=gmail&amp;ust=1509719769354000&amp;usg=AFQjCNH2AIheo9O_oFhf0GRp4GSdF2qC1Q\">here<\/a>\u00a0(Deadline: 31st of December):\u00a0<a href=\"https:\/\/malmo.degrowth.org\/calls-for-participation\/\" target=\"_blank\" rel=\"noopener\" data-saferedirecturl=\"https:\/\/www.google.com\/url?hl=fr&amp;q=https:\/\/malmo.degrowth.org\/calls-for-participation\/&amp;source=gmail&amp;ust=1509719769354000&amp;usg=AFQjCNH2AIheo9O_oFhf0GRp4GSdF2qC1Q\">https:\/\/<span class=\"il\">malmo<\/span>.degro<wbr \/>wth.org\/calls-for-participatio<wbr \/>n\/<\/a><\/span><\/span><\/em><\/p>\n<p style=\"text-align: center;\"><strong><span style=\"color: #000000;\"><span style=\"font-family: Arial;\"><i>Parallel to the 6th International Degrowth Conference, two complementary and twin events will take place:<\/i><\/span><\/span><\/strong><\/p>\n<p><!--more--><\/p>\n<p><span style=\"color: #000000;\"><span style=\"font-family: Arial;\"><b>2) The First North-South Conference on Degrowth: Decolonizing the social imaginary<br \/>\n<\/b><\/span><\/span><span style=\"color: #000000;\"><span style=\"font-family: Arial;\"><i>Where<\/i>: Mexico City (Mexico)<br \/>\n<\/span><\/span><span style=\"color: #000000;\"><span style=\"font-family: Arial;\"><i>When<\/i>: <del>19-21 June 2018<\/del><em><strong><span style=\"color: #ff0000;\">\u00a0-&gt; 4-6 September 2018<\/span><\/strong><\/em><\/span><\/span><\/p>\n<p><span style=\"color: #000000;\"><span style=\"font-family: Arial;\"><i>EN<\/i>: The First North-South Conference on Degrowth will be held in Mexico City, supported by universities, NGOs, and social movements. It will be an occasion to open and continue in-depth debates around the dominant illusions on economic growth. These are already ongoing debates inside and across the societies that are on their way to become modern and developed as well as those &lsquo;excelling&rsquo; in these aspects. For the first time, a Latin American country will host an international gathering on Degrowth, after five conferences in Europe and one in Canada. Decolonization of the imaginary, Survival, Cultures, and Wealth will be the main issues under discussion.<\/span><\/span><\/p>\n<p><span style=\"color: #000000;\"><span style=\"font-family: Arial;\"><i>ES<\/i>: En 2018 tendr\u00e1 lugar la Primera Conferencia Norte-Sur sobre Degrowth, M\u00e9xico 19-21 Junio 2018, apoyada por entidades universitarias, ONGs y movimientos sociales de este pa\u00eds, con el prop\u00f3sito de abrir y dar continuidad a debates de gran calado en torno a las ilusiones o quimeras dominantes sobre el crecimiento econ\u00f3mico, de las sociedades en camino de la modernidad y el desarrollo y las sociedades que sobresalen en estos aspectos. Por primera vez, un pa\u00eds Latinoamericano servir\u00e1 de sede para debatir los temas del Decrecimiento, despu\u00e9s de cinco conferencias en Europa y una en Canad\u00e1. Ser\u00e1n temas centrales de esta conferencia: la Descolonizaci\u00f3n del imaginario social, la Supervivencia, las Culturas y la Riqueza.<\/span><\/span><\/p>\n<p><a href=\"http:\/\/degrowth.descrecimiento.org\/\" target=\"_blank\" rel=\"noopener\">http:\/\/degrowth.descrecimiento.org\/<\/a><\/p>\n<p><span style=\"color: #000000;\"><span style=\"font-family: Arial;\"><b>3) Degrowth in the EU Parliament: Post-growth conference to challenge the economic thinking of EU institutions with influential EU policy-makers<br \/>\n<\/b><\/span><\/span><span style=\"color: #000000;\"><span style=\"font-family: Arial;\"><i>Where<\/i>: European parliament, Brussels (Belgium)<br \/>\n<\/span><\/span><span style=\"color: #000000;\"><span style=\"font-family: Arial;\"><i>When<\/i>: 18-19 September 2018<\/span><\/span><\/p>\n<p><span style=\"color: #000000;\"><span style=\"font-family: Arial;\">A post-growth conference supported by various stakeholders (Members of the European Parliament from different political groups, academics, NGOs and unions) will take place in the premises of the European Parliament on September 18-19 2018, coinciding with the 10th anniversary of the collapse of the US Bank Lehman Brothers that sparked the economic crisis in which we are still trapped.<br \/>\n<\/span><\/span><span style=\"color: #000000;\"><span style=\"font-family: Arial;\">Given its central location close to the heart of the European Union decision-making, the conference will offer a unique opportunity for the EU civil society to confront their views with those of EU officials and staff that defines the core of the economic model and political priorities. Considering that the latter are not compatible with a fair and ecological transformation of our societies, workshops will address the theoretical design of models used to frame the European economy, the relevance and feasibility of basic income schemes, the ultimate goal of the internal market and the environmental consequences of technological progress. The aim of these days &#8211; about one year before the next European elections and the nomination of a new Commission &#8211; will be to create a cultural contagion effect by which the thinking of policy makers will tilt towards genuine sustainability.<\/span><\/span><\/p>\n<p><span style=\"color: #000000;\"><span style=\"font-family: Arial;\">The work will be preceded by a preparatory session at the\u00a0<i>Universit\u00e9 Libre de Bruxelles<\/i>\u00a0and followed by a debriefing and exchanges on how to coalesce allies to ensure that change will actually happen.<\/span><\/span><\/p>\n<p><span style=\"color: #000000;\"><span style=\"font-family: Arial;\"><i>More information:<\/i><\/span><\/span><i>\u00a0<a href=\"http:\/\/www.postgrowth2018.eu\/\" target=\"_blank\" rel=\"noopener noreferrer\">http:\/\/www.postgrowth2018.eu\/<\/a><\/i><\/p>\n<p><span style=\"color: #000000;\"><span style=\"font-family: Arial;\"><i><b>Future conferences<\/b><\/i>: If anyone is interested to organize future international degrowth conferences, please do not hesitate to contact the Support Group.<\/span><\/span><\/p>\n<p><span style=\"color: #000000;\"><span style=\"font-family: Arial;\"><b><b id=\"m_-5049667527627472058gmail-m_5467140198273100882yiv2157060769yui_3_16_0_ym19_1_1509137848579_95248\"><a href=\"https:\/\/www.partipourladecroissance.net\/?attachment_id=9382\" rel=\"attachment wp-att-9382\"><img loading=\"lazy\" decoding=\"async\" class=\" wp-image-9382 alignright\" src=\"https:\/\/www.partipourladecroissance.net\/wp-content\/uploads\/2017\/10\/leipzig-300x146.jpg\" alt=\"\" width=\"158\" height=\"77\" \/><\/a><\/b>The Support Group (SG)<br \/>\n<\/b><\/span><\/span>The SG is the official promoter of the International Degrowth Conferences. It is composed by people who have been highly involved in the local organizing committees of the previous international conferences.<br \/>\n<span style=\"color: #000000;\"><span style=\"font-family: Arial;\"><i>Contact<\/i><\/span><\/span><span style=\"color: #000000;\"><span style=\"font-family: Arial;\">:\u00a0<a href=\"mailto:supportgroup@degrowth.org\" target=\"_blank\" rel=\"noopener\">supportgroup@degrowth<wbr \/>.org<\/a><\/span><\/span><br \/>\n<span style=\"color: #000000;\"><span style=\"font-family: Arial;\"><i>For more information\u00a0and updates\u00a0see<\/i><\/span><\/span><span style=\"color: #000000;\"><span style=\"font-family: Arial;\">:\u00a0<a href=\"https:\/\/degrowth.org\/conferences\/\" target=\"_blank\" rel=\"noopener\" data-saferedirecturl=\"https:\/\/www.google.com\/url?hl=fr&amp;q=https:\/\/degrowth.org\/conferences\/&amp;source=gmail&amp;ust=1509719769354000&amp;usg=AFQjCNGo7zoWnGd23cHKz8PNJMQwHPesUQ\">https:\/\/degrowth.<wbr \/>org\/conferences\/<br \/>\n<\/a><\/span><\/span><a href=\"https:\/\/www.facebook.com\/researchanddegrowth\/\" target=\"_blank\" rel=\"noopener\" data-saferedirecturl=\"https:\/\/www.google.com\/url?hl=fr&amp;q=https:\/\/www.facebook.com\/researchanddegrowth\/&amp;source=gmail&amp;ust=1509719769354000&amp;usg=AFQjCNHUWtK7_BaL8WxAxvklffLxfNyZFw\"><span style=\"color: #000000;\"><span style=\"font-family: Arial;\">Facebook<br \/>\n<\/span><\/span><\/a><a href=\"https:\/\/twitter.com\/R_Degrowth\" target=\"_blank\" rel=\"noopener\" data-saferedirecturl=\"https:\/\/www.google.com\/url?hl=fr&amp;q=https:\/\/twitter.com\/R_Degrowth&amp;source=gmail&amp;ust=1509719769354000&amp;usg=AFQjCNHkpFwyKB0qND1ebpkMdJ9lBSnGLQ\"><span style=\"color: #000000;\"><span style=\"font-family: Arial;\">Twitter<\/span><\/span><\/a><\/p>\n","protected":false},"excerpt":{"rendered":"<p>The Support Group of the\u00a0International Degrowth Conferences\u00a0is happy to announce three degrowth events for 2018. After the conferences in Paris (2008), Barcelona (2010), Venice and Montreal (2012), Leipzig (2014) and Budapest (2016), in 2018 there will be: 1) 6th International &hellip; <a href=\"http:\/\/www.projet-decroissance.net\/?p=2321\">Continuer la lecture <span class=\"meta-nav\">&rarr;<\/span><\/a><\/p>\n","protected":false},"author":3,"featured_media":0,"comment_status":"closed","ping_status":"open","sticky":false,"template":"","format":"standard","meta":{"footnotes":""},"categories":[35,6],"tags":[],"class_list":["post-2321","post","type-post","status-publish","format-standard","hentry","category-a-degrowth-project","category-agenda"],"_links":{"self":[{"href":"http:\/\/www.projet-decroissance.net\/index.php?rest_route=\/wp\/v2\/posts\/2321","targetHints":{"allow":["GET"]}}],"collection":[{"href":"http:\/\/www.projet-decroissance.net\/index.php?rest_route=\/wp\/v2\/posts"}],"about":[{"href":"http:\/\/www.projet-decroissance.net\/index.php?rest_route=\/wp\/v2\/types\/post"}],"author":[{"embeddable":true,"href":"http:\/\/www.projet-decroissance.net\/index.php?rest_route=\/wp\/v2\/users\/3"}],"replies":[{"embeddable":true,"href":"http:\/\/www.projet-decroissance.net\/index.php?rest_route=%2Fwp%2Fv2%2Fcomments&post=2321"}],"version-history":[{"count":6,"href":"http:\/\/www.projet-decroissance.net\/index.php?rest_route=\/wp\/v2\/posts\/2321\/revisions"}],"predecessor-version":[{"id":2386,"href":"http:\/\/www.projet-decroissance.net\/index.php?rest_route=\/wp\/v2\/posts\/2321\/revisions\/2386"}],"wp:attachment":[{"href":"http:\/\/www.projet-decroissance.net\/index.php?rest_route=%2Fwp%2Fv2%2Fmedia&parent=2321"}],"wp:term":[{"taxonomy":"category","embeddable":true,"href":"http:\/\/www.projet-decroissance.net\/index.php?rest_route=%2Fwp%2Fv2%2Fcategories&post=2321"},{"taxonomy":"post_tag","embeddable":true,"href":"http:\/\/www.projet-decroissance.net\/index.php?rest_route=%2Fwp%2Fv2%2Ftags&post=2321"}],"curies":[{"name":"wp","href":"https:\/\/api.w.org\/{rel}","templated":true}]}}