{"id":2337,"date":"2017-04-05T10:16:37","date_gmt":"2017-04-05T10:16:37","guid":{"rendered":"http:\/\/www.projet-decroissance.net\/?p=2337"},"modified":"2018-01-21T20:15:51","modified_gmt":"2018-01-21T20:15:51","slug":"invitacion-proyecto-decrecimiento-en-buenos-aires-el-15-de-diciembre","status":"publish","type":"post","link":"http:\/\/www.projet-decroissance.net\/?p=2337","title":{"rendered":"Invitaci\u00f3n: Proyecto Decrecimiento en Buenos Aires el 15 de diciembre"},"content":{"rendered":"<p style=\"text-align: center;\">Interrogantes y alcances: el de-crecimiento en el contexto Latinoamericano<br \/>\nEl \u00c1rea de Formaci\u00f3n del <a href=\"http:\/\/www.incluir.org.ar\/\">Instituto para la Inclusi\u00f3n Social<\/a><br \/>\ny el Desarrollo Humano invita a una actividad abierta y gratuita<br \/>\nde 14 a 18 horas &#8211; C\u00e9spedes 3085, timbre 2 &#8211; Tel. 4556 0752<\/p>\n<p style=\"text-align: center;\"><a href=\"http:\/\/www.projet-decroissance.net\/?attachment_id=2340\" rel=\"attachment wp-att-2340\"><img loading=\"lazy\" decoding=\"async\" class=\"alignnone size-full wp-image-2340\" src=\"http:\/\/www.projet-decroissance.net\/wp-content\/uploads\/2017\/12\/Liegey-Buenos-Aires-Degrowth.jpg\" alt=\"\" width=\"960\" height=\"426\" srcset=\"http:\/\/www.projet-decroissance.net\/wp-content\/uploads\/2017\/12\/Liegey-Buenos-Aires-Degrowth.jpg 960w, http:\/\/www.projet-decroissance.net\/wp-content\/uploads\/2017\/12\/Liegey-Buenos-Aires-Degrowth-300x133.jpg 300w, http:\/\/www.projet-decroissance.net\/wp-content\/uploads\/2017\/12\/Liegey-Buenos-Aires-Degrowth-768x341.jpg 768w\" sizes=\"auto, (max-width: 960px) 100vw, 960px\" \/><\/a><\/p>\n<p style=\"text-align: left;\">En esta ocasi\u00f3n convocamos a compartir una tarde con Vincent Liegey, co autor del libro Proyecto Decrecimiento: Manifiesto por una Dotaci\u00f3n Incondicional de Autonom\u00eda (DIA)<br \/>\nPrograma<br \/>\n14 horas \u2013 Bienvenida, caf\u00e9 y charla informal<br \/>\n14 :30 a 16 horas \u2013 Presentaci\u00f3n del libro Proyecto Decrecimiento: Manifiesto por una Dotaci\u00f3n Incondicional de Autonom\u00eda (DIA)<br \/>\nLa presentaci\u00f3n se realizar\u00e1 a trav\u00e9s de un di\u00e1logo con Vincent en el que abordaremos:<br \/>\n1. El de-crecimiento y la desposesi\u00f3n continua.<br \/>\n2. Relaciones entre el decrecimiento y otras perspectivas : ecosocialismo, ecosof\u00eda y red de econom\u00edas comunitarias.<br \/>\n3. El decrecimiento en clave de nuestra vida cotidiana.<\/p>\n<p style=\"text-align: left;\">16 a 17:30 horas \u2013 espacio abierto de debate, intercambio y comentarios con Vincent<br \/>\n17:30 horas \u2013 reflexiones finales<\/p>\n<p>La actividad se llevar\u00e1 adelante en ingl\u00e9s y castellano simult\u00e1neamente. Es gratuita y\u00a0 con inscripci\u00f3n previa obligatoria al siguiente correo\u00a0<a href=\"mailto:incluir.org@gmail.com\" target=\"_blank\" rel=\"noopener\">incluir.org@gmail.com<\/a><\/p>\n<p><strong>M\u00e1s\u00a0 informaci\u00f3n:<\/strong><br \/>\n<a href=\"https:\/\/incluirong.us7.list-manage.com\/track\/click?u=7116db672d4a0a03e6055f21e&amp;id=9578a1a1fe&amp;e=a237a4324f\" target=\"_blank\" rel=\"noopener\" data-saferedirecturl=\"https:\/\/www.google.com\/url?hl=fr&amp;q=https:\/\/incluirong.us7.list-manage.com\/track\/click?u%3D7116db672d4a0a03e6055f21e%26id%3D9578a1a1fe%26e%3Da237a4324f&amp;source=gmail&amp;ust=1512554963971000&amp;usg=AFQjCNF3jjr8MEGzpCmrPV032fx1pGayAw\">Principios\u00a0 Decrecimiento &amp; Congreso\u00a0 Budapest\u00a0<\/a><br \/>\n<a href=\"https:\/\/incluirong.us7.list-manage.com\/track\/click?u=7116db672d4a0a03e6055f21e&amp;id=c09175ed00&amp;e=a237a4324f\" target=\"_blank\" rel=\"noopener\" data-saferedirecturl=\"https:\/\/www.google.com\/url?hl=fr&amp;q=https:\/\/incluirong.us7.list-manage.com\/track\/click?u%3D7116db672d4a0a03e6055f21e%26id%3Dc09175ed00%26e%3Da237a4324f&amp;source=gmail&amp;ust=1512554963971000&amp;usg=AFQjCNGqUB8RNALWrPm3X9hIwYHaDtrn-A\">Por qu\u00e9 el\u00a0 decrecimiento<\/a><\/p>\n","protected":false},"excerpt":{"rendered":"<p>Interrogantes y alcances: el de-crecimiento en el contexto Latinoamericano El \u00c1rea de Formaci\u00f3n del Instituto para la Inclusi\u00f3n Social y el Desarrollo Humano invita a una actividad abierta y gratuita de 14 a 18 horas &#8211; C\u00e9spedes 3085, timbre 2 &hellip; <a href=\"http:\/\/www.projet-decroissance.net\/?p=2337\">Continuer la lecture <span class=\"meta-nav\">&rarr;<\/span><\/a><\/p>\n","protected":false},"author":3,"featured_media":0,"comment_status":"closed","ping_status":"open","sticky":false,"template":"","format":"standard","meta":{"footnotes":""},"categories":[6,36],"tags":[],"class_list":["post-2337","post","type-post","status-publish","format-standard","hentry","category-agenda","category-proyecto-decrecimiento"],"_links":{"self":[{"href":"http:\/\/www.projet-decroissance.net\/index.php?rest_route=\/wp\/v2\/posts\/2337","targetHints":{"allow":["GET"]}}],"collection":[{"href":"http:\/\/www.projet-decroissance.net\/index.php?rest_route=\/wp\/v2\/posts"}],"about":[{"href":"http:\/\/www.projet-decroissance.net\/index.php?rest_route=\/wp\/v2\/types\/post"}],"author":[{"embeddable":true,"href":"http:\/\/www.projet-decroissance.net\/index.php?rest_route=\/wp\/v2\/users\/3"}],"replies":[{"embeddable":true,"href":"http:\/\/www.projet-decroissance.net\/index.php?rest_route=%2Fwp%2Fv2%2Fcomments&post=2337"}],"version-history":[{"count":3,"href":"http:\/\/www.projet-decroissance.net\/index.php?rest_route=\/wp\/v2\/posts\/2337\/revisions"}],"predecessor-version":[{"id":2342,"href":"http:\/\/www.projet-decroissance.net\/index.php?rest_route=\/wp\/v2\/posts\/2337\/revisions\/2342"}],"wp:attachment":[{"href":"http:\/\/www.projet-decroissance.net\/index.php?rest_route=%2Fwp%2Fv2%2Fmedia&parent=2337"}],"wp:term":[{"taxonomy":"category","embeddable":true,"href":"http:\/\/www.projet-decroissance.net\/index.php?rest_route=%2Fwp%2Fv2%2Fcategories&post=2337"},{"taxonomy":"post_tag","embeddable":true,"href":"http:\/\/www.projet-decroissance.net\/index.php?rest_route=%2Fwp%2Fv2%2Ftags&post=2337"}],"curies":[{"name":"wp","href":"https:\/\/api.w.org\/{rel}","templated":true}]}}