{"id":2448,"date":"2019-03-06T08:33:41","date_gmt":"2019-03-06T08:33:41","guid":{"rendered":"http:\/\/www.projet-decroissance.net\/?p=2448"},"modified":"2019-03-07T09:22:32","modified_gmt":"2019-03-07T09:22:32","slug":"strategies-politique-en-temps-de-crises-environnementales-et-sociales","status":"publish","type":"post","link":"http:\/\/www.projet-decroissance.net\/?p=2448","title":{"rendered":"Strat\u00e9gies politique en temps de crises \u00e9cologiques et sociales"},"content":{"rendered":"<p>Faire de la politique autrement : voil\u00e0 un mot d\u2019ordre port\u00e9 par nombre d\u2019initiatives politiques et sociales depuis une quinzaine d\u2019ann\u00e9es. Les courants politiques agissant pour une \u00e9mancipation sociale, ancr\u00e9e dans le r\u00e9el de l\u2019effondrement \u00e9cologique en cours, sont aujourd\u2019hui tr\u00e8s actifs, cr\u00e9atifs et inform\u00e9s. Dans le m\u00eame temps, ils se confrontent \u00e0 un plafond de verre puissant li\u00e9 aux mutations financi\u00e8res, professionnelles, num\u00e9riques et m\u00e9diatiques du capitalisme, limitant leur capacit\u00e9 \u00e0 renverser les d\u00e9cisions collectives.<br \/>\nQuelles strat\u00e9gies politiques se dessinent aujourd\u2019hui pour reprendre effectivement la main sur les orientations de la soci\u00e9t\u00e9 ? Faut-il mettre un pied dans les institutions, et mille pieds dans la rue ? Comment changer la soci\u00e9t\u00e9 sans prendre le pouvoir\u2026 ni le laisser ?<\/p>\n<p>Retours d\u2019exp\u00e9rience et d\u00e9bats avec Corinne Morel-Darleux (militante \u00e9co-socialiste et \u00e9lue \u00e0 la r\u00e9gion AURA) et Vincent Liegey (essayiste et chercheur sur la d\u00e9croissance)<\/p>\n<p><iframe loading=\"lazy\" src=\"https:\/\/videos.lescommuns.org\/videos\/embed\/b2aa1681-1ce1-4d9d-b1b7-982cb9d4593f\" width=\"560\" height=\"315\" frameborder=\"0\" sandbox=\"allow-same-origin allow-scripts\" allowfullscreen=\"allowfullscreen\"><\/iframe><\/p>\n","protected":false},"excerpt":{"rendered":"<p>Faire de la politique autrement : voil\u00e0 un mot d\u2019ordre port\u00e9 par nombre d\u2019initiatives politiques et sociales depuis une quinzaine d\u2019ann\u00e9es. Les courants politiques agissant pour une \u00e9mancipation sociale, ancr\u00e9e dans le r\u00e9el de l\u2019effondrement \u00e9cologique en cours, sont aujourd\u2019hui &hellip; <a href=\"http:\/\/www.projet-decroissance.net\/?p=2448\">Continuer la lecture <span class=\"meta-nav\">&rarr;<\/span><\/a><\/p>\n","protected":false},"author":3,"featured_media":0,"comment_status":"closed","ping_status":"open","sticky":false,"template":"","format":"standard","meta":{"footnotes":""},"categories":[1],"tags":[],"class_list":["post-2448","post","type-post","status-publish","format-standard","hentry","category-actualites"],"_links":{"self":[{"href":"http:\/\/www.projet-decroissance.net\/index.php?rest_route=\/wp\/v2\/posts\/2448","targetHints":{"allow":["GET"]}}],"collection":[{"href":"http:\/\/www.projet-decroissance.net\/index.php?rest_route=\/wp\/v2\/posts"}],"about":[{"href":"http:\/\/www.projet-decroissance.net\/index.php?rest_route=\/wp\/v2\/types\/post"}],"author":[{"embeddable":true,"href":"http:\/\/www.projet-decroissance.net\/index.php?rest_route=\/wp\/v2\/users\/3"}],"replies":[{"embeddable":true,"href":"http:\/\/www.projet-decroissance.net\/index.php?rest_route=%2Fwp%2Fv2%2Fcomments&post=2448"}],"version-history":[{"count":6,"href":"http:\/\/www.projet-decroissance.net\/index.php?rest_route=\/wp\/v2\/posts\/2448\/revisions"}],"predecessor-version":[{"id":2454,"href":"http:\/\/www.projet-decroissance.net\/index.php?rest_route=\/wp\/v2\/posts\/2448\/revisions\/2454"}],"wp:attachment":[{"href":"http:\/\/www.projet-decroissance.net\/index.php?rest_route=%2Fwp%2Fv2%2Fmedia&parent=2448"}],"wp:term":[{"taxonomy":"category","embeddable":true,"href":"http:\/\/www.projet-decroissance.net\/index.php?rest_route=%2Fwp%2Fv2%2Fcategories&post=2448"},{"taxonomy":"post_tag","embeddable":true,"href":"http:\/\/www.projet-decroissance.net\/index.php?rest_route=%2Fwp%2Fv2%2Ftags&post=2448"}],"curies":[{"name":"wp","href":"https:\/\/api.w.org\/{rel}","templated":true}]}}