{"id":2462,"date":"2019-04-03T14:06:55","date_gmt":"2019-04-03T14:06:55","guid":{"rendered":"http:\/\/www.projet-decroissance.net\/?p=2462"},"modified":"2019-04-23T15:14:18","modified_gmt":"2019-04-23T15:14:18","slug":"pour-ou-contre-le-pacte-finance-climat","status":"publish","type":"post","link":"http:\/\/www.projet-decroissance.net\/?p=2462","title":{"rendered":"Pour ou contre le Pacte Finance-Climat ?"},"content":{"rendered":"<div class=\"article__chapo grid grid-spacer-large\">\n<div class=\"image_preview--img\"><a href=\"https:\/\/twitter.com\/climat2020\/status\/994272524627337217\" target=\"_blank\" rel=\"noopener noreferrer\"><img loading=\"lazy\" decoding=\"async\" class=\"alignleft\" src=\"https:\/\/s1.qwant.com\/thumbr\/0x0\/8\/e\/fa4e24bfb51a23acd5b3b23c8c66737fa1e4e532422248aff0db9e3cb78795\/crJOAlkF.jpg?u=https%3A%2F%2Fpbs.twimg.com%2Fprofile_images%2F999961421126479873%2FcrJOAlkF.jpg&amp;q=0&amp;b=1&amp;p=0&amp;a=1\" alt=\"Pacte Finance Climat on Twitter: &quot;La @VilledeLorient a ...\" width=\"222\" height=\"222\" \/><\/a><\/div>\n<p align=\"justify\"><strong>Dans un article publi\u00e9 par\u00a0<a class=\"profileLink\" href=\"https:\/\/www.facebook.com\/ledrenche\/?__tn__=K-R&amp;eid=ARAyfqSXgb6BIAY3Z_9dNZL3MGm0HKvWpxAg0HecMEGTA4gtf8kU3tDpwiJRDBr9QYnvnBYwoV8ZdRZR&amp;fref=mentions&amp;__xts__%5B0%5D=68.ARB1mEP6xH_Tqnb2C09ai83os4ursVpzlG3UMu0LLEANSmHZ1njvo0cn76F1hw3yDhrBqzBdIAr8jMvNDOtwXgC1t7PK-6Y2gpXxuxoBsk72WcFqEvKFrCpWA-V57mEWt5jIvEYasxt-oHo5qiNaeIJJDMLFBFPW3HV8Zq_U2jdS80NWG0KMOgO48P0gXa3x9h0vNZ9isGszAnlfP0g4dKZ0peua4p6zXBztMzC37ILSV2y8P2R9Ap8_AMndwCrYuYot3_NaDwmUlHpFrIleaCOkp4r_Y2oAT41ZLRMa2tpei7v3OptEn1ZkyjTBuaCX9LKtUHx1xtS989RABWncaNao7A\" target=\"_blank\" rel=\"noopener noreferrer\" data-hovercard=\"\/ajax\/hovercard\/page.php?id=1405186373070212&amp;extragetparams=%7B%22__tn__%22%3A%22%2CdK-R-R%22%2C%22eid%22%3A%22ARAyfqSXgb6BIAY3Z_9dNZL3MGm0HKvWpxAg0HecMEGTA4gtf8kU3tDpwiJRDBr9QYnvnBYwoV8ZdRZR%22%2C%22fref%22%3A%22mentions%22%7D&amp;av=381109758655647&amp;eav=AfZIFqZgPX1iZDzghDo0c39MNJYRCsiW6h-EUrwDm7I60tKt0ccQbMwI69WVcyFi9pU\" data-hovercard-prefer-more-content-show=\"1\">Le Drenche<\/a>, sous forme d\u2019argumentaires oppos\u00e9s,\u00a0<a class=\"profileLink\" href=\"https:\/\/www.facebook.com\/vincent.liegey?__tn__=K-R&amp;eid=ARCw70d0Gzed5oXnVBNmVEGJDX56KHve04iHhIQeNs70s9iHt5skFXvR8QuQ-IZdadDMWr-7Ox6eIULd&amp;fref=mentions&amp;__xts__%5B0%5D=68.ARB1mEP6xH_Tqnb2C09ai83os4ursVpzlG3UMu0LLEANSmHZ1njvo0cn76F1hw3yDhrBqzBdIAr8jMvNDOtwXgC1t7PK-6Y2gpXxuxoBsk72WcFqEvKFrCpWA-V57mEWt5jIvEYasxt-oHo5qiNaeIJJDMLFBFPW3HV8Zq_U2jdS80NWG0KMOgO48P0gXa3x9h0vNZ9isGszAnlfP0g4dKZ0peua4p6zXBztMzC37ILSV2y8P2R9Ap8_AMndwCrYuYot3_NaDwmUlHpFrIleaCOkp4r_Y2oAT41ZLRMa2tpei7v3OptEn1ZkyjTBuaCX9LKtUHx1xtS989RABWncaNao7A\" target=\"_blank\" rel=\"noopener noreferrer\" data-hovercard=\"\/ajax\/hovercard\/user.php?id=1366144101&amp;extragetparams=%7B%22__tn__%22%3A%22%2CdK-R-R%22%2C%22eid%22%3A%22ARCw70d0Gzed5oXnVBNmVEGJDX56KHve04iHhIQeNs70s9iHt5skFXvR8QuQ-IZdadDMWr-7Ox6eIULd%22%2C%22fref%22%3A%22mentions%22%7D&amp;av=381109758655647&amp;eav=AfZgTgX_YjUmAK3sAqUuh43U8itdVJK7S6vDJvkk-7MxoIOuUMh5YVLkFFkYKCQPqJM\" data-hovercard-prefer-more-content-show=\"1\">Vincent Liegey<\/a> prend le partie du contre en d\u00e9fendant l&rsquo;id\u00e9e que le Pacte Finance-Climat ne permettra pas de r\u00e9soudre la question environnementale et que pire encore il risquerait de d\u00e9stabiliser notre structure d\u00e9mocratique.<\/strong><\/p>\n<p align=\"justify\">Le double diagnostic port\u00e9 par le pacte Finance-Climat est juste. Je ne pense qu\u2019il soit n\u00e9cessaire de revenir sur les <a href=\"http:\/\/www.projet-decroissance.net\/?p=2405\" target=\"_blank\" rel=\"nofollow noopener noreferrer\">enjeux environnementaux<\/a>, tant les alertes sont claires. Le slogan \u00ab\u00a0si le climat avait \u00e9t\u00e9 une banque, on l\u2019aurait d\u00e9j\u00e0 sauv\u00e9\u00a0\u00bb est s\u00e9duisant et rappelle de mani\u00e8re salvatrice l\u2019imposture ind\u00e9cente de la gestion de la \u00ab\u00a0crise\u00a0\u00bb de 2008 qui n\u2019a fait que repousser le probl\u00e8me ou plut\u00f4t l\u2019aggraver.<\/p>\n<p align=\"justify\"><strong>Un risque de r\u00e9cup\u00e9ration par le syst\u00e8me qui ferait du profit sur le climat<\/strong><\/p>\n<p align=\"justify\">En effet la situation n\u2019a fait que s\u2019empirer, les in\u00e9galit\u00e9s exploser, et nous sommes \u00e0 l\u2019aube d\u2019un nouveau krach \u00e9conomique. Cependant, il porte en lui un risque de r\u00e9cup\u00e9ration par le syst\u00e8me en laissant croire qu\u2019un simple r\u00e9ajustement est suffisant : au lieu de financer les banques, faisons du profit sur le climat.<\/p>\n<p><!--more--><\/p>\n<p align=\"justify\">Il laisse aussi vivre le mythe de la croissance verte et donc du d\u00e9couplage or il est d\u00e9montr\u00e9 qu\u2019il n\u2019y a pas de d\u00e9veloppement \u00e9conomique sans augmentation de l\u2019impact environnemental.<\/p>\n<p align=\"justify\">Ainsi, au-del\u00e0 des bonnes intentions, ce pacte repr\u00e9sente une \u00e9tape de plus dans la dynamique du d\u00e9veloppement durable au service du \u00ab\u00a0green social washing\u00a0\u00bb vendu depuis maintenant presque deux d\u00e9cennies !<\/p>\n<p><strong>De l\u2019argent il y en a !<\/strong><\/p>\n<p align=\"justify\">L\u2019enjeu n\u2019est pas de rajouter de l\u2019argent l\u00e0 o\u00f9 il y en a d\u00e9j\u00e0 trop. \u00ab\u00a0Un pognon de dingue\u00a0\u00bb, il y en a, de l\u2019\u00e9vasion et optimisation fiscales au remboursement de la dette, de la r\u00e9mun\u00e9ration des actionnaires aux grands projets inutiles impos\u00e9s, nous ne manquons aucunement de liquidit\u00e9s. Au contraire, nous souffrons d\u2019une \u00e9conomie toujours plus d\u00e9connect\u00e9es de la r\u00e9alit\u00e9 au service d\u2019une explosion des in\u00e9galit\u00e9s et de la sp\u00e9culation.<\/p>\n<p align=\"justify\">Remettre l\u2019\u00e9conomie \u00e0 sa place est le contraire de plus d\u2019\u00e9conomie. Faire tourner la planche \u00e0 billet risque de renforcer et de justifier les d\u00e9rives de la financiarisation de l\u2019\u00e9conomie et ses m\u00e9faits sur nos d\u00e9mocraties.<\/p>\n<p><strong>\u2026Et on en a pas si besoin que \u00e7a !<\/strong><\/p>\n<p align=\"justify\">Ce dont nous avons besoin, c\u2019est de justice sociale et environnementale tout en sortant de la religion de l\u2019\u00e9conomie. A travers un projet de d\u00e9croissance nous proposons la mise en place d\u2019une <a href=\"http:\/\/www.projet-decroissance.net\/?p=2188\" target=\"_blank\" rel=\"nofollow noopener noreferrer\">dotation inconditionnelle d\u2019autonomie<\/a> coupl\u00e9e \u00e0 un <a href=\"https:\/\/lareleveetlapeste.fr\/un-revenu-maximum-acceptable-pour-limiter-la-predation-des-hyper-riches\/\" target=\"_blank\" rel=\"nofollow noopener noreferrer\">revenu maximum acceptable<\/a>. Cela consiste \u00e0 relocaliser en toute solidarit\u00e9 nos \u00e9conomies afin de les ancrer dans le r\u00e9el en posant la question de qu\u2019est-ce qu\u2019on produit ? Comment ? Pour quel usage ?<\/p>\n<p align=\"justify\"><a href=\"https:\/\/blogs.mediapart.fr\/projet-de-decroissance\/blog\/031218\/les-solutions-sont-la-alors-sarrete-reflechit-et-cest-pas-triste\" target=\"_blank\" rel=\"nofollow noopener noreferrer\">Les solutions sont l\u00e0<\/a> et ne co\u00fbtent pas grand-chose. Elles relocalisent en cr\u00e9ant des solidarit\u00e9s et de la convivialit\u00e9 tout en sortant de la religion de l\u2019\u00e9conomie\u2026 qui risque d\u2019\u00eatre renforc\u00e9e par la cr\u00e9ation mon\u00e9taire. L\u2019argent ne se mange pas, elle ne chauffe pas notre appartement l\u2019hiver, par contre, elle pervertit nos d\u00e9mocraties.<\/p>\n<p align=\"justify\"><em>Pour lire l\u2019argumentaire oppos\u00e9 par Hugo Viel, Coordinateur du Collectif Jeune du Pacte Finance Climat, retrouvez l\u2019article en int\u00e9gralit\u00e9 sur <a href=\"https:\/\/ledrenche.fr\/2019\/04\/faut-il-creer-une-banque-europeenne-pour-le-climat-5231\/\" target=\"_blank\" rel=\"noopener noreferrer\">https:\/\/ledrenche.fr\/2019\/04\/faut-il-creer-une-banque-europeenne-pour-le-climat-5231\/<\/a>, et jouez le jeu de la prise de position propos\u00e9 par Le Drenche.<\/em><\/p>\n<\/div>\n","protected":false},"excerpt":{"rendered":"<p>Dans un article publi\u00e9 par\u00a0Le Drenche, sous forme d\u2019argumentaires oppos\u00e9s,\u00a0Vincent Liegey prend le partie du contre en d\u00e9fendant l&rsquo;id\u00e9e que le Pacte Finance-Climat ne permettra pas de r\u00e9soudre la question environnementale et que pire encore il risquerait de d\u00e9stabiliser notre &hellip; <a href=\"http:\/\/www.projet-decroissance.net\/?p=2462\">Continuer la lecture <span class=\"meta-nav\">&rarr;<\/span><\/a><\/p>\n","protected":false},"author":3,"featured_media":0,"comment_status":"closed","ping_status":"open","sticky":false,"template":"","format":"standard","meta":{"footnotes":""},"categories":[1],"tags":[],"class_list":["post-2462","post","type-post","status-publish","format-standard","hentry","category-actualites"],"_links":{"self":[{"href":"http:\/\/www.projet-decroissance.net\/index.php?rest_route=\/wp\/v2\/posts\/2462","targetHints":{"allow":["GET"]}}],"collection":[{"href":"http:\/\/www.projet-decroissance.net\/index.php?rest_route=\/wp\/v2\/posts"}],"about":[{"href":"http:\/\/www.projet-decroissance.net\/index.php?rest_route=\/wp\/v2\/types\/post"}],"author":[{"embeddable":true,"href":"http:\/\/www.projet-decroissance.net\/index.php?rest_route=\/wp\/v2\/users\/3"}],"replies":[{"embeddable":true,"href":"http:\/\/www.projet-decroissance.net\/index.php?rest_route=%2Fwp%2Fv2%2Fcomments&post=2462"}],"version-history":[{"count":5,"href":"http:\/\/www.projet-decroissance.net\/index.php?rest_route=\/wp\/v2\/posts\/2462\/revisions"}],"predecessor-version":[{"id":2506,"href":"http:\/\/www.projet-decroissance.net\/index.php?rest_route=\/wp\/v2\/posts\/2462\/revisions\/2506"}],"wp:attachment":[{"href":"http:\/\/www.projet-decroissance.net\/index.php?rest_route=%2Fwp%2Fv2%2Fmedia&parent=2462"}],"wp:term":[{"taxonomy":"category","embeddable":true,"href":"http:\/\/www.projet-decroissance.net\/index.php?rest_route=%2Fwp%2Fv2%2Fcategories&post=2462"},{"taxonomy":"post_tag","embeddable":true,"href":"http:\/\/www.projet-decroissance.net\/index.php?rest_route=%2Fwp%2Fv2%2Ftags&post=2462"}],"curies":[{"name":"wp","href":"https:\/\/api.w.org\/{rel}","templated":true}]}}