{"id":2508,"date":"2019-04-30T09:26:39","date_gmt":"2019-04-30T09:26:39","guid":{"rendered":"http:\/\/www.projet-decroissance.net\/?p=2508"},"modified":"2019-04-30T10:12:06","modified_gmt":"2019-04-30T10:12:06","slug":"journee-mondiale-de-la-decroissance-la-bonne-vie-pour-toutes-et-tous","status":"publish","type":"post","link":"http:\/\/www.projet-decroissance.net\/?p=2508","title":{"rendered":"Journ\u00e9e Mondiale de la D\u00e9croissance &#8211; La bonne vie pour toutes et tous !"},"content":{"rendered":"<p><img loading=\"lazy\" decoding=\"async\" class=\"shrinkToFit alignleft\" src=\"https:\/\/www.degrowth.info\/wp-content\/uploads\/2018\/12\/degrowthday_logo_V1_notext-01.png\" alt=\"https:\/\/www.degrowth.info\/wp-content\/uploads\/2018\/12\/degrowthday_logo_V1_notext-01.png\" width=\"184\" height=\"184\" \/><\/p>\n<p style=\"text-align: justify;\"><strong>Le 1er juin 2019, de nombreuses manifestations publiques seront de nouveau organis\u00e9es dans le monde entier pour partager des alternatives face \u00e0 l&rsquo;impasse de la croissance. Nous voulons montrer qu&rsquo;une vie sobre et heureuse pour toutes et tous est possible !<\/strong><\/p>\n<p style=\"text-align: justify;\">Toutes les personnes, groupes, organisations et mouvements qui se sentent li\u00e9s \u00e0 cette id\u00e9e sont invit\u00e9s \u00e0 participer. Cr\u00e9ons des actions et des \u00e9v\u00e9nements locaux qui ouvrent des voies et soul\u00e8vent des id\u00e9es alternatives allant au-del\u00e0 d&rsquo;une soci\u00e9t\u00e9 d\u00e9pendante de la croissance \u00e9conomique dont on voit aujourd&rsquo;hui clairement les effets n\u00e9fastes sur la soci\u00e9t\u00e9. Nous voulons rendre ces id\u00e9es visibles au plus grand nombre. Nous imaginons un mouvement diversifi\u00e9 pour promouvoir la justice et sociale et environnementale, la soutenabilit\u00e9 et le bien-\u00eatre \u00e0 l&rsquo;\u00e9chelle mondiale. En mettant vos id\u00e9es en pratique, nous pouvons cr\u00e9er une fa\u00e7on de vivre ensemble plus d\u00e9mocratique et plus r\u00e9fl\u00e9chie. Une journ\u00e9e mondiale d&rsquo;action peut aider \u00e0 mettre en relation les diff\u00e9rentes initiatives existantes pour contribuer \u00e0 un mouvement color\u00e9 et diversifi\u00e9 en faveur de la d\u00e9croissance.<\/p>\n<p><!--more--><\/p>\n<p style=\"text-align: justify;\"><strong>Qu&rsquo;entend-on par \u00ab\u00a0une vie heureuse pour tous\u00a0\u00bb ?<\/strong><\/p>\n<p style=\"text-align: justify;\">Une bonne vie pour toutes et tous exige une sortie de la religion de l&rsquo;\u00e9conomie et une forme de soci\u00e9t\u00e9 qui visent le bien-\u00eatre de tous les \u00eatres humains et leurs semblables. Cela ne peut se faire que par un changement fondamental de notre mode de vie et de production actuel, ainsi que par un changement culturel global. Nous pensons que les valeurs d&rsquo;une telle soci\u00e9t\u00e9 sont l&rsquo;attention, la d\u00e9c\u00e9l\u00e9ration, la solidarit\u00e9 et la coop\u00e9ration afin de rendre possible une vie autod\u00e9termin\u00e9e et dans la dignit\u00e9 pour tous. Les mesures suppl\u00e9mentaires que nous jugeons n\u00e9cessaires sont, entre autres, une gestion prudente des ressources, l&rsquo;orientation vers l&rsquo;autonomie et une r\u00e9duction de la production et de la consommation dans les pays du Nord. Nous devons \u00e9galement d\u00e9velopper des formes plus d\u00e9mocratiques de prise de d\u00e9cision pour permettre une v\u00e9ritable participation politique et r\u00e9duire les structures mondiales de domination et d&rsquo;exploitation, telles que le racisme, le sexisme et le n\u00e9ocolonialisme, afin que chacun puisse r\u00e9ellement participer au bien vivre. <a href=\"http:\/\/www.projet-decroissance.net\/?p=2405\" target=\"_blank\" rel=\"noopener noreferrer\">Une telle approche est \u00e9galement appel\u00e9e D\u00e9croissance et vise \u00e0 faire face \u00e0 l&rsquo;effondrement de notre soci\u00e9t\u00e9<\/a>.<\/p>\n<p style=\"text-align: justify;\">Pour des contenus plus d\u00e9taill\u00e9s sur ce qu&rsquo;est la D\u00e9croissance et comment elle vise \u00e0 \u00ab\u00a0concr\u00e9tiser politiquement une transformation silencieuse de la soci\u00e9t\u00e9\u00a0\u00bb, voir les articles <em><a href=\"https:\/\/www.degrowth.info\/en\/what-is-degrowth\/\" target=\"_blank\" rel=\"noopener noreferrer\">What is degrowth<\/a><\/em> et <a href=\"http:\/\/www.projet-decroissance.net\/?p=2243\" target=\"_blank\" rel=\"noopener noreferrer\">Pour une \u00e9conomie non-violente, la D\u00e9croissance<\/a>.<\/p>\n<p style=\"text-align: justify;\"><strong>Que se passe-t-il lors de la \u00ab\u00a0Journ\u00e9e Mondiale de la D\u00e9croissance &#8211; Une vie heureuse pour tous\u00a0\u00bb en 2019 ?<\/strong><\/p>\n<p style=\"text-align: justify;\">Depuis 2013 a lieu <a href=\"https:\/\/picnic4degrowth.wordpress.com\/\" target=\"_blank\" rel=\"noopener noreferrer\">le pique-nique annuel de la d\u00e9croissance<\/a> &#8211; une journ\u00e9e d&rsquo;action mondiale qui regroupe des \u00e9v\u00e9nements de toutes sortes qui soutiennent l&rsquo;id\u00e9e de D\u00e9croissance. En Allemagne, une journ\u00e9e similaire avec la devise \u00ab\u00a0Une vie heureuse pour tous\u00a0\u00bb <a href=\"https:\/\/www.degrowth.info\/en\/our-projects\/good-life-for-all-day\/\" target=\"_blank\" rel=\"noopener noreferrer\">a eu lieu en 2018<\/a>.<\/p>\n<p style=\"text-align: justify;\">\u00c0 partir de 2019, les deux jours seront combin\u00e9s : La journ\u00e9e d&rsquo;action \u00ab\u00a0Global Degrowth Day &#8211; Une vie heureuse pour tous\u00a0\u00bb aura lieu le 1er juin 2019.<\/p>\n<p style=\"text-align: justify;\">Lors de cette journ\u00e9e, des collectifs locaux organiseront des \u00e9v\u00e9nements publics et des actions pour faire comprendre clairement qu&rsquo;ensemble, nous disons non \u00e0 l&rsquo;absence d&rsquo;alternatives. Nous voulons laisser entrevoir un champ d&rsquo;action concret d&rsquo;alternatives \u00e0 la soci\u00e9t\u00e9 de croissance capitaliste, parce qu&rsquo;une vie heureuse pour tous est possible !<\/p>\n<p style=\"text-align: justify;\">Organisez un pique-nique, \u00e9changez autour d&rsquo;une \u00ab\u00a0vie heureuse pour tous\u00a0\u00bb &#8211; le changement commence souvent par une discussion conviviale autour d&rsquo;un bon repas. Bien s\u00fbr, d&rsquo;autres formes sont possibles : qu&rsquo;il s&rsquo;agisse d&rsquo;un d\u00e9bat public avec des objecteurs de croissance, une visite \u00e0 v\u00e9lo d&rsquo;une ferme AMAP (Association pour le Maintien d&rsquo;une Agriculture Paysanne) locale, une visite au Repair Caf\u00e9 du coin, une manifestation devant une centrale \u00e0 charbon&#8230; \u00c0 vous de d\u00e9cider ! Mais nous recommandons d&rsquo;avoir, pendant, avant ou apr\u00e8s l&rsquo;\u00e9v\u00e9nement, un \u00e9change convivial, o\u00f9 les gens peuvent discuter autour d&rsquo;un verre et\/ou de quelques gourmandises.<\/p>\n<p style=\"text-align: justify;\"><strong>Participez !<\/strong><\/p>\n<p style=\"text-align: justify;\"><a href=\"https:\/\/www.degrowth.info\/en\/globalday\/\" target=\"_blank\" rel=\"noopener noreferrer\">Sur notre site web<\/a> vous trouverez une liste d&rsquo;id\u00e9es avec des exemples et des conseils utiles &#8211; comment organiser des \u00e9v\u00e9nements, comment g\u00e9rer les relations avec la presse, etc.<\/p>\n<p style=\"text-align: justify;\">Si vous savez d\u00e9j\u00e0 ce que vous allez faire, vous pouvez publier tous les \u00e9v\u00e9nements vous-m\u00eame sur le site web &#8211; si possible avant le 24 mai 2019.<\/p>\n<p style=\"text-align: justify;\">Et n&rsquo;oubliez pas de prendre des photos (ou vid\u00e9os) de votre \u00e9v\u00e9nement pour que nous puissions les collecter et les publier ensuite (sur notre site web et facebook), afin de montrer la diversit\u00e9 et la cr\u00e9ativit\u00e9 des personnes qui organisent leur \u00ab\u00a0Journ\u00e9e Mondiale de la D\u00e9croissance\u00a0\u00bb partout dans le monde !<\/p>\n<p style=\"text-align: justify;\"><strong>Qui sommes-nous ?<\/strong><\/p>\n<p style=\"text-align: justify;\">Cet \u00e9v\u00e9nement est organis\u00e9 par <a href=\"https:\/\/blogs.mediapart.fr\/projet-de-decroissance\/blog\/210618\/10e-anniversaire-des-conferences-internationales-de-la-decroissance\" target=\"_blank\" rel=\"noopener noreferrer\">le groupe de travail \u00ab\u00a0Activisme\u00a0\u00bb des r\u00e9seaux internationaux de la D\u00e9croissance<\/a>, voir <a href=\"https:\/\/www.degrowth.info\/en\/groups\/\" target=\"_blank\" rel=\"noopener noreferrer\">ceci<\/a> pour plus d&rsquo;information et nous contacter. Les nouveaux membres sont les bienvenus !<\/p>\n<p style=\"text-align: justify;\">En cas de questions, veuillez envoyer un mail \u00e0 globalday@degrowth.net<\/p>\n<p style=\"text-align: justify;\"><strong>La Journ\u00e9e Mondiale de la D\u00e9croissance est soutenue par le PPLD et les partenaires suivants :<\/strong><\/p>\n<p><a href=\"http:\/\/www.projet-decroissance.net\/?attachment_id=2477\" rel=\"attachment wp-att-2477\"><img loading=\"lazy\" decoding=\"async\" class=\"alignnone size-full wp-image-2477\" src=\"http:\/\/www.projet-decroissance.net\/wp-content\/uploads\/2019\/04\/decroissance-gd.jpg\" sizes=\"auto, (max-width: 1162px) 100vw, 1162px\" srcset=\"http:\/\/www.projet-decroissance.net\/wp-content\/uploads\/2019\/04\/decroissance-gd.jpg 1162w, http:\/\/www.projet-decroissance.net\/wp-content\/uploads\/2019\/04\/decroissance-gd-300x166.jpg 300w, http:\/\/www.projet-decroissance.net\/wp-content\/uploads\/2019\/04\/decroissance-gd-768x426.jpg 768w, http:\/\/www.projet-decroissance.net\/wp-content\/uploads\/2019\/04\/decroissance-gd-1024x568.jpg 1024w\" alt=\"\" width=\"1162\" height=\"644\" \/><\/a><\/p>\n<p style=\"text-align: justify;\"><strong>Conf\u00e9rence Internationale de la D\u00e9croissance<\/strong><\/p>\n<p style=\"text-align: justify;\">Notez que la prochaine Conf\u00e9rence Internationale de la D\u00e9croissance se tiendra \u00e0 Manchester, d\u00e9but septembre 2020. Le comit\u00e9 d&rsquo;organisation locale avait propos\u00e9 sa candidature autour du th\u00e8me \u00ab\u00a0Construire des habitats alternatifs en temps de crises \u00e9cologique et politique\u00a0\u00bb. Plus d&rsquo;informations sur ce prochain rendez-vous <a href=\"https:\/\/blogs.mediapart.fr\/projet-de-decroissance\/blog\/150419\/la-prochaine-conference-internationale-de-la-decroissance-se-tiendra-manchester\" target=\"_blank\" rel=\"noopener noreferrer\">ici<\/a>.<\/p>\n","protected":false},"excerpt":{"rendered":"<p>Le 1er juin 2019, de nombreuses manifestations publiques seront de nouveau organis\u00e9es dans le monde entier pour partager des alternatives face \u00e0 l&rsquo;impasse de la croissance. Nous voulons montrer qu&rsquo;une vie sobre et heureuse pour toutes et tous est possible &hellip; <a href=\"http:\/\/www.projet-decroissance.net\/?p=2508\">Continuer la lecture <span class=\"meta-nav\">&rarr;<\/span><\/a><\/p>\n","protected":false},"author":3,"featured_media":0,"comment_status":"closed","ping_status":"open","sticky":false,"template":"","format":"standard","meta":{"footnotes":""},"categories":[1],"tags":[],"class_list":["post-2508","post","type-post","status-publish","format-standard","hentry","category-actualites"],"_links":{"self":[{"href":"http:\/\/www.projet-decroissance.net\/index.php?rest_route=\/wp\/v2\/posts\/2508","targetHints":{"allow":["GET"]}}],"collection":[{"href":"http:\/\/www.projet-decroissance.net\/index.php?rest_route=\/wp\/v2\/posts"}],"about":[{"href":"http:\/\/www.projet-decroissance.net\/index.php?rest_route=\/wp\/v2\/types\/post"}],"author":[{"embeddable":true,"href":"http:\/\/www.projet-decroissance.net\/index.php?rest_route=\/wp\/v2\/users\/3"}],"replies":[{"embeddable":true,"href":"http:\/\/www.projet-decroissance.net\/index.php?rest_route=%2Fwp%2Fv2%2Fcomments&post=2508"}],"version-history":[{"count":11,"href":"http:\/\/www.projet-decroissance.net\/index.php?rest_route=\/wp\/v2\/posts\/2508\/revisions"}],"predecessor-version":[{"id":2519,"href":"http:\/\/www.projet-decroissance.net\/index.php?rest_route=\/wp\/v2\/posts\/2508\/revisions\/2519"}],"wp:attachment":[{"href":"http:\/\/www.projet-decroissance.net\/index.php?rest_route=%2Fwp%2Fv2%2Fmedia&parent=2508"}],"wp:term":[{"taxonomy":"category","embeddable":true,"href":"http:\/\/www.projet-decroissance.net\/index.php?rest_route=%2Fwp%2Fv2%2Fcategories&post=2508"},{"taxonomy":"post_tag","embeddable":true,"href":"http:\/\/www.projet-decroissance.net\/index.php?rest_route=%2Fwp%2Fv2%2Ftags&post=2508"}],"curies":[{"name":"wp","href":"https:\/\/api.w.org\/{rel}","templated":true}]}}