{"id":2524,"date":"2019-06-04T11:55:58","date_gmt":"2019-06-04T11:55:58","guid":{"rendered":"http:\/\/www.projet-decroissance.net\/?p=2524"},"modified":"2019-06-04T11:58:22","modified_gmt":"2019-06-04T11:58:22","slug":"face-a-leffondrement-repensons-le-role-de-lingenieur","status":"publish","type":"post","link":"http:\/\/www.projet-decroissance.net\/?p=2524","title":{"rendered":"Face \u00e0 l&rsquo;effondrement, repensons le r\u00f4le de l\u2019ing\u00e9nieur"},"content":{"rendered":"<p><strong><img loading=\"lazy\" decoding=\"async\" class=\"image-preview js-image-preview alignleft\" src=\"https:\/\/images.ecosia.org\/9u8Uyw_REuWi2O8bMSvXhPOAiVI=\/0x390\/smart\/http%3A%2F%2Famap-aura.org%2Fwp-content%2Fuploads%2F2015%2F11%2Fboite-outils-vertV3.png\" alt=\"Boite \u00e0 outils | Site officiel du R\u00e9seau AMAP Auvergne ...\" width=\"129\" height=\"130\" data-src=\"https:\/\/images.ecosia.org\/9u8Uyw_REuWi2O8bMSvXhPOAiVI=\/0x390\/smart\/http%3A%2F%2Famap-aura.org%2Fwp-content%2Fuploads%2F2015%2F11%2Fboite-outils-vertV3.png\" \/>Entre le Manifeste \u00e9tudiant pour un r\u00e9veil \u00e9cologique et l\u2019article du Monde \u00ab\u00a0\u00ab Une perte de sens totale \u00bb : le malaise grandissant des jeunes ing\u00e9nieurs face au climat\u00a0\u00bb, les signaux attestant une remise en cause par les jeunes ing\u00e9nieurs de l\u2019avenir professionnel qui leur est dessin\u00e9 se multiplient. Il est temps de remettre le sens au c\u0153ur de l\u2019enseignement et de repenser le r\u00f4le de l\u2019ing\u00e9nieur.<\/strong><\/p>\n<p><b>L\u2019enseignement des ing\u00e9nieurs s\u2019\u00e9carte de sa mission de service public<\/b><\/p>\n<p>La liste des partenaires de nos \u00e9coles d\u2019ing\u00e9nieurs fait froid dans le dos. Le syst\u00e8me \u00e9ducatif dont nous sommes issus pactise avec de nombreuses multinationales responsables de cons\u00e9quences environnementales et sociales tragiques d\u00e9sormais connues. Alors que tous les voyants de notre soci\u00e9t\u00e9 virent au rouge (catastrophe climatique, effondrement de la biodiversit\u00e9, rar\u00e9faction de ressources mais aussi atteintes aux libert\u00e9s et aux droits de l\u2019Homme, progression des in\u00e9galit\u00e9s, \u00e9vasion fiscale, instabilit\u00e9 \u00e9conomique), nous ne nous r\u00e9signons pas aux carri\u00e8res qui nous sont trac\u00e9es.<br \/>\n<!--more--><br \/>\nLa collusion entre \u00e9coles publiques et entreprises int\u00e9ress\u00e9es aboutit \u00e0 l\u2019intervention de <i>change managers<\/i>, de charg\u00e9s de <i>consulting<\/i> et autres responsables <i>costing\/pricing<\/i> dans nos \u00e9coles. Ces interventions ne consistent en rien \u00e0 former les ing\u00e9nieurs responsables que la situation actuelle appelle. En privil\u00e9giant ainsi le formatage des \u00e9tudiants aux recettes d\u00e9ploy\u00e9es dans les entreprises pourvoyeuses d\u2019emplois, nos \u00e9coles s\u2019\u00e9cartent de leur mission de service public de r\u00e9pondre \u00e0 l\u2019int\u00e9r\u00eat g\u00e9n\u00e9ral. Le client n\u2019est plus la soci\u00e9t\u00e9, ni l\u2019\u00e9tudiant lui-m\u00eame, mais les entreprises \u00e0 but lucratif demandeuses de jeunes dipl\u00f4m\u00e9s dociles et efficaces.<\/p>\n<p>Aujourd\u2019hui, un jeune ing\u00e9nieur dipl\u00f4m\u00e9 a suivi au long de sa formation des cours de marketing, de finance, de strat\u00e9gie d\u2019entreprise. Aujourd\u2019hui, un jeune ing\u00e9nieur dipl\u00f4m\u00e9 sort sans avoir eu l\u2019occasion d\u2019entendre prononc\u00e9s dans son cursus les mots <a class=\"external\" href=\"https:\/\/blogs.mediapart.fr\/projet-de-decroissance\/blog\/291018\/face-leffondrement-la-decroissance\" target=\"_blank\" rel=\"noopener noreferrer\"><i>D\u00e9croissance<\/i><\/a> ou <a class=\"external\" href=\"http:\/\/www.projet-decroissance.net\/?p=1954\" target=\"_blank\" rel=\"noopener noreferrer\"><i>low tech<\/i><\/a>. Aujourd\u2019hui, un jeune ing\u00e9nieur dipl\u00f4m\u00e9 ne sait plus comment r\u00e9parer un v\u00e9lo. Cette transformation dans les savoirs enseign\u00e9s n\u2019est pas \u00e0 la hauteur des enjeux auxquels nous sommes confront\u00e9s.<\/p>\n<p><b>Pour un nouveau rapport \u00e0 la technique<\/b><\/p>\n<p>Le rapport de l\u2019ing\u00e9nieur et de la soci\u00e9t\u00e9 \u00e0 la technique doit aujourd\u2019hui \u00eatre repens\u00e9. Il est temps de sortir de la soumission au \u00ab progr\u00e8s technique \u00bb et aux \u00ab avanc\u00e9es \u00bb qu&rsquo;on ne peut plus se permettre : course aux high tech, intelligence artificielle, transhumanisme\u2026 Face aux nombreuses externalit\u00e9s n\u00e9gatives engendr\u00e9es par ces technologies (extraction toujours plus \u00e9nergivore de mat\u00e9riaux toujours plus rares, pollutions, exploitation des mineurs par des milices arm\u00e9es\u2026), l\u2019avenir est \u00e0 la sobri\u00e9t\u00e9 et aux low tech !<\/p>\n<p style=\"text-align: center;\"><img loading=\"lazy\" decoding=\"async\" class=\"preview aligncenter\" title=\"Les \u00ab\u00a07 commandements\u00a0\u00bb des low tech de Philippe Bihouix (L\u2019\u00e2ge des low tech, \u00e9ditions du Seuil, collection Anthropoc\u00e8ne, 2014) \u00a9 Philippe Bihouix\" src=\"https:\/\/static.mediapart.fr\/etmagine\/default\/files\/2019\/05\/13\/lge-des-lowtechs-vers-une-civilisation-techniquement-soutenable-de-philippe-bihouix-11-638.jpg?width=506&amp;height=380&amp;width_format=pixel&amp;height_format=pixel\" alt=\"Les \u00ab\u00a07 commandements\u00a0\u00bb des low tech de Philippe Bihouix (L\u2019\u00e2ge des low tech, \u00e9ditions du Seuil, collection Anthropoc\u00e8ne, 2014) \u00a9 Philippe Bihouix\" width=\"435\" height=\"326\" \/><em><span class=\"legend\">Les \u00ab\u00a07 commandements\u00a0\u00bb des low tech de Philippe Bihouix (L\u2019\u00e2ge des low tech, \u00e9ditions du Seuil, collection Anthropoc\u00e8ne, 2014) \u00a9 Philippe Bihouix<\/span><\/em><\/p>\n<p>Bien qu\u2019il faille conserver des comp\u00e9tences technologiques de pointe \u2013 par exemple dans le domaine de la gestion des d\u00e9chets nucl\u00e9aires, la plupart des d\u00e9fis actuels ne sont plus techniques. Des milliers d\u2019acteurs, de communaut\u00e9s, de collectivit\u00e9s mettent en \u0153uvre les solutions permettant \u00e0 nos soci\u00e9t\u00e9s d\u2019envisager un avenir moins funeste que celui que nous promet la fuite en avant technologique perp\u00e9tuelle. Les solutions sont l\u00e0.<\/p>\n<p>Le r\u00f4le de l\u2019ing\u00e9nieur r\u00e9side donc d\u00e9sormais dans la recherche, la mise en \u0153uvre et le d\u00e9ploiement de ces solutions. Avec en t\u00eate les questions auxquelles ses comp\u00e9tences permettent de r\u00e9pondre : Pour un produit ou une solution, quels sont les v\u00e9ritables processus de fabrication ? Quels mat\u00e9riaux sont n\u00e9cessaires \u00e0 sa fabrication ? Quel impact environnemental celle-ci a-t-elle ? Comment en g\u00e9rer la fin de vie ?<\/p>\n<p>Ces questions \u00e9taient r\u00e9cemment au c\u0153ur des d\u00e9bats lors d\u2019une <a class=\"external\" href=\"https:\/\/youtu.be\/N-BzxZce-20?t=2\" target=\"_blank\" rel=\"noopener noreferrer\">conf\u00e9rence \u00ab\u00a0Ing\u00e9nieur et D\u00e9croissance\u00a0\u00bb<\/a> donn\u00e9e \u00e0 Centrale Nantes.<\/p>\n<p><iframe loading=\"lazy\" title=\"Vincent Liegey - Matinales de la Transition \u00c9cologique\" width=\"640\" height=\"360\" src=\"https:\/\/www.youtube.com\/embed\/N-BzxZce-20?start=2&#038;feature=oembed\" frameborder=\"0\" allow=\"accelerometer; autoplay; clipboard-write; encrypted-media; gyroscope; picture-in-picture; web-share\" referrerpolicy=\"strict-origin-when-cross-origin\" allowfullscreen><\/iframe><\/p>\n<p><b>De nouvelles attentes<\/b><\/p>\n<p><a class=\"external\" href=\"https:\/\/www.lemonde.fr\/campus\/article\/2019\/04\/16\/une-perte-de-sens-totale-le-blues-des-jeunes-ingenieurs-face-au-climat_5450927_4401467.html\" target=\"_blank\" rel=\"noopener noreferrer\">Nos aspirations ont chang\u00e9<\/a>. La signature par plus de 30 000 \u00e9tudiants du <a class=\"external\" href=\"https:\/\/pour-un-reveil-ecologique.fr\/\" target=\"_blank\" rel=\"noopener noreferrer\">Manifeste pour un r\u00e9veil \u00e9cologique<\/a>, publi\u00e9 en 2018, en atteste : \u00ab Au fur et \u00e0 mesure que nous nous approchons de notre premier emploi, nous nous apercevons que le syst\u00e8me dont nous faisons partie nous oriente vers des postes souvent incompatibles avec le fruit de nos r\u00e9flexions et nous enferme dans des contradictions quotidiennes \u00bb. De plus en plus de futurs dipl\u00f4m\u00e9s se refusent \u00e0 une carri\u00e8re prometteuse au sein d\u2019entreprises dont les valeurs et les agissements sont contraires \u00e0 ce que la situation exige. Les entreprises que l\u2019on c\u00f4toie au cours de nos \u00e9tudes, y compris celles se revendiquant des concepts mensongers de \u00ab d\u00e9veloppement durable \u00bb ou de \u00ab croissance verte \u00bb, ne nous font plus r\u00eaver, nous r\u00e9pugnent.<\/p>\n<p>Les contradictions entre les opportunit\u00e9s qui s\u2019offrent \u00e0 nous et pour lesquelles nous sommes form\u00e9s et nos valeurs sont grandissantes. Il est encore temps d\u2019adopter un nouveau rapport au temps et au travail, de faire dispara\u00eetre les <i>bullshit jobs<\/i> et de remettre le sens au c\u0153ur de l\u2019enseignement et du r\u00f4le de l\u2019ing\u00e9nieur. Il s\u2019agit de questionner, de remettre en cause les discours dominants ou consid\u00e9r\u00e9s comme admis. Redonnons du sens \u00e0 nos activit\u00e9s, raisonnons et agissons \u00e0 la recherche de sobri\u00e9t\u00e9, de r\u00e9silience et de convivialit\u00e9.<\/p>\n<p><i><b>Paul-Henri Fran\u00e7ois et Corentin Gaillard<br \/>\n<\/b>\u00c9l\u00e8ves ing\u00e9nieurs \u00e0 Centrale Nantes, actuellement en stage, \u00e0 Budapest, autour du th\u00e8me du r\u00f4le de l\u2019ing\u00e9nieur dans une soci\u00e9t\u00e9 de D\u00e9croissance au sein de la coop\u00e9rative sociale\u00a0<a class=\"external\" href=\"http:\/\/cargonomia.hu\/category\/actualites\/?lang=en\" target=\"_blank\" rel=\"noopener noreferrer\">Cargonomia<\/a>.<\/i><\/p>\n","protected":false},"excerpt":{"rendered":"<p>Entre le Manifeste \u00e9tudiant pour un r\u00e9veil \u00e9cologique et l\u2019article du Monde \u00ab\u00a0\u00ab Une perte de sens totale \u00bb : le malaise grandissant des jeunes ing\u00e9nieurs face au climat\u00a0\u00bb, les signaux attestant une remise en cause par les jeunes ing\u00e9nieurs &hellip; <a href=\"http:\/\/www.projet-decroissance.net\/?p=2524\">Continuer la lecture <span class=\"meta-nav\">&rarr;<\/span><\/a><\/p>\n","protected":false},"author":3,"featured_media":0,"comment_status":"closed","ping_status":"open","sticky":false,"template":"","format":"standard","meta":{"footnotes":""},"categories":[1],"tags":[],"class_list":["post-2524","post","type-post","status-publish","format-standard","hentry","category-actualites"],"_links":{"self":[{"href":"http:\/\/www.projet-decroissance.net\/index.php?rest_route=\/wp\/v2\/posts\/2524","targetHints":{"allow":["GET"]}}],"collection":[{"href":"http:\/\/www.projet-decroissance.net\/index.php?rest_route=\/wp\/v2\/posts"}],"about":[{"href":"http:\/\/www.projet-decroissance.net\/index.php?rest_route=\/wp\/v2\/types\/post"}],"author":[{"embeddable":true,"href":"http:\/\/www.projet-decroissance.net\/index.php?rest_route=\/wp\/v2\/users\/3"}],"replies":[{"embeddable":true,"href":"http:\/\/www.projet-decroissance.net\/index.php?rest_route=%2Fwp%2Fv2%2Fcomments&post=2524"}],"version-history":[{"count":7,"href":"http:\/\/www.projet-decroissance.net\/index.php?rest_route=\/wp\/v2\/posts\/2524\/revisions"}],"predecessor-version":[{"id":2531,"href":"http:\/\/www.projet-decroissance.net\/index.php?rest_route=\/wp\/v2\/posts\/2524\/revisions\/2531"}],"wp:attachment":[{"href":"http:\/\/www.projet-decroissance.net\/index.php?rest_route=%2Fwp%2Fv2%2Fmedia&parent=2524"}],"wp:term":[{"taxonomy":"category","embeddable":true,"href":"http:\/\/www.projet-decroissance.net\/index.php?rest_route=%2Fwp%2Fv2%2Fcategories&post=2524"},{"taxonomy":"post_tag","embeddable":true,"href":"http:\/\/www.projet-decroissance.net\/index.php?rest_route=%2Fwp%2Fv2%2Ftags&post=2524"}],"curies":[{"name":"wp","href":"https:\/\/api.w.org\/{rel}","templated":true}]}}