{"id":2532,"date":"2019-06-04T12:17:55","date_gmt":"2019-06-04T12:17:55","guid":{"rendered":"http:\/\/www.projet-decroissance.net\/?p=2532"},"modified":"2019-06-04T12:21:25","modified_gmt":"2019-06-04T12:21:25","slug":"la-dia-a-lag-du-mouvement-francais-pour-un-revenu-de-base","status":"publish","type":"post","link":"http:\/\/www.projet-decroissance.net\/?p=2532","title":{"rendered":"La DIA \u00e0 l&rsquo;AG du Mouvement Fran\u00e7ais pour un Revenu de Base"},"content":{"rendered":"<p><strong>Vincent Liegey \u00e9tait invit\u00e9 \u00e0 dialoguer et \u00e0 d\u00e9battre lors de la derni\u00e8re Assembl\u00e9e G\u00e9n\u00e9rale du <a href=\"https:\/\/www.revenudebase.info\/qui-sommes-nous\/\" target=\"_blank\" rel=\"noopener noreferrer\">Mouvement Fran\u00e7ais pour un Revenu de Base<\/a>. N\u00e9 en mars 2013 \u00e0 l&rsquo;occasion de l&rsquo;<a href=\"https:\/\/www.revenudebase.info\/2014\/07\/22\/initiative-citoyenne-europeenne-embuches\/\" target=\"_blank\" rel=\"noopener noreferrer\">initiative citoyenne europ\u00e9enne<\/a>, le Mouvement Fran\u00e7ais pour un Revenu de Base (MFRB) s&rsquo;est donn\u00e9 pour mission de promouvoir le revenu universel dans le d\u00e9bat public, jusqu&rsquo;\u00e0 son instauration.<\/strong><\/p>\n<p>Retrouvez <a href=\"https:\/\/www.youtube.com\/watch?v=KFeWGrxrHF8\" target=\"_blank\" rel=\"noopener noreferrer\">ici<\/a> son intervention. L&rsquo;occasion d&rsquo;aborder le sujet de la Dotation Inconditionnelle d&rsquo;Autonomie :<\/p>\n<p><iframe loading=\"lazy\" title=\"Revenu de base et d\u00e9croissance?\" width=\"640\" height=\"360\" src=\"https:\/\/www.youtube.com\/embed\/KFeWGrxrHF8?feature=oembed\" frameborder=\"0\" allow=\"accelerometer; autoplay; clipboard-write; encrypted-media; gyroscope; picture-in-picture; web-share\" referrerpolicy=\"strict-origin-when-cross-origin\" allowfullscreen><\/iframe><\/p>\n","protected":false},"excerpt":{"rendered":"<p>Vincent Liegey \u00e9tait invit\u00e9 \u00e0 dialoguer et \u00e0 d\u00e9battre lors de la derni\u00e8re Assembl\u00e9e G\u00e9n\u00e9rale du Mouvement Fran\u00e7ais pour un Revenu de Base. N\u00e9 en mars 2013 \u00e0 l&rsquo;occasion de l&rsquo;initiative citoyenne europ\u00e9enne, le Mouvement Fran\u00e7ais pour un Revenu de &hellip; <a href=\"http:\/\/www.projet-decroissance.net\/?p=2532\">Continuer la lecture <span class=\"meta-nav\">&rarr;<\/span><\/a><\/p>\n","protected":false},"author":3,"featured_media":0,"comment_status":"closed","ping_status":"open","sticky":false,"template":"","format":"standard","meta":{"footnotes":""},"categories":[1],"tags":[],"class_list":["post-2532","post","type-post","status-publish","format-standard","hentry","category-actualites"],"_links":{"self":[{"href":"http:\/\/www.projet-decroissance.net\/index.php?rest_route=\/wp\/v2\/posts\/2532","targetHints":{"allow":["GET"]}}],"collection":[{"href":"http:\/\/www.projet-decroissance.net\/index.php?rest_route=\/wp\/v2\/posts"}],"about":[{"href":"http:\/\/www.projet-decroissance.net\/index.php?rest_route=\/wp\/v2\/types\/post"}],"author":[{"embeddable":true,"href":"http:\/\/www.projet-decroissance.net\/index.php?rest_route=\/wp\/v2\/users\/3"}],"replies":[{"embeddable":true,"href":"http:\/\/www.projet-decroissance.net\/index.php?rest_route=%2Fwp%2Fv2%2Fcomments&post=2532"}],"version-history":[{"count":1,"href":"http:\/\/www.projet-decroissance.net\/index.php?rest_route=\/wp\/v2\/posts\/2532\/revisions"}],"predecessor-version":[{"id":2533,"href":"http:\/\/www.projet-decroissance.net\/index.php?rest_route=\/wp\/v2\/posts\/2532\/revisions\/2533"}],"wp:attachment":[{"href":"http:\/\/www.projet-decroissance.net\/index.php?rest_route=%2Fwp%2Fv2%2Fmedia&parent=2532"}],"wp:term":[{"taxonomy":"category","embeddable":true,"href":"http:\/\/www.projet-decroissance.net\/index.php?rest_route=%2Fwp%2Fv2%2Fcategories&post=2532"},{"taxonomy":"post_tag","embeddable":true,"href":"http:\/\/www.projet-decroissance.net\/index.php?rest_route=%2Fwp%2Fv2%2Ftags&post=2532"}],"curies":[{"name":"wp","href":"https:\/\/api.w.org\/{rel}","templated":true}]}}