{"id":2551,"date":"2019-07-10T07:46:23","date_gmt":"2019-07-10T07:46:23","guid":{"rendered":"http:\/\/www.projet-decroissance.net\/?p=2551"},"modified":"2019-07-10T07:46:23","modified_gmt":"2019-07-10T07:46:23","slug":"lettre-ouverte-a-m-aphatie-oui-organisons-la-decroissance","status":"publish","type":"post","link":"http:\/\/www.projet-decroissance.net\/?p=2551","title":{"rendered":"Lettre ouverte \u00e0 M. Aphatie : oui, organisons la d\u00e9croissance !"},"content":{"rendered":"<p><strong><a href=\"http:\/\/www.projet-decroissance.net\/?attachment_id=2552\" rel=\"attachment wp-att-2552\"><img loading=\"lazy\" decoding=\"async\" class=\"wp-image-2552 alignleft\" src=\"http:\/\/www.projet-decroissance.net\/wp-content\/uploads\/2019\/07\/apathie.jpg\" alt=\"\" width=\"203\" height=\"114\" srcset=\"http:\/\/www.projet-decroissance.net\/wp-content\/uploads\/2019\/07\/apathie.jpg 1280w, http:\/\/www.projet-decroissance.net\/wp-content\/uploads\/2019\/07\/apathie-300x169.jpg 300w, http:\/\/www.projet-decroissance.net\/wp-content\/uploads\/2019\/07\/apathie-768x432.jpg 768w, http:\/\/www.projet-decroissance.net\/wp-content\/uploads\/2019\/07\/apathie-1024x576.jpg 1024w\" sizes=\"auto, (max-width: 203px) 100vw, 203px\" \/><\/a>L&rsquo;essayiste Vincent Liegey revient sur les propos de l&rsquo;\u00e9ditorialiste qui a d\u00e9fendu la d\u00e9croissance, afin de lui expliquer qu&rsquo;il s&rsquo;agit d&rsquo;un vrai projet politique. <em>Lettre initialement publi\u00e9e dans <a href=\"https:\/\/www.marianne.net\/debattons\/billets\/lettre-ouverte-m-aphatie-oui-organisons-la-decroissance?fbclid=IwAR2fGD2Qxt5Zhz0byp2dCNNqo6YJyUxdWPuRNl4IGm-bSKemY52Ernst-2U\" target=\"_blank\" rel=\"noopener noreferrer\">Marianne<\/a> le 5 juillet 2019.<\/em><br \/>\n<\/strong><\/p>\n<div class=\"wysiwyg\">\n<div class=\"field field-name-body field-type-text-with-summary field-label-hidden wysiwyg\">\n<div class=\"field-items\">\n<div class=\"field-item even\">\n<p>Cher Monsieur Aphatie*,<\/p>\n<p>C&rsquo;est avec beaucoup d&rsquo;attention que j&rsquo;ai \u00e9cout\u00e9 votre chronique <a href=\"https:\/\/www.europe1.fr\/emissions\/ledito-de-jean-michel-aphatie\/canicule-il-faut-organiser-la-decroissance-3906234\" target=\"_blank\" rel=\"noopener noreferrer\">Canicule : \u00ab\u00a0Il faut organiser la d\u00e9croissance !\u00a0\u00bb<\/a> du 24 juin sur Europe 1. M&rsquo;int\u00e9ressant <a href=\"https:\/\/sismique.fr\/15-vincent-liegey-decroissance\/\" target=\"_blank\" rel=\"noopener noreferrer\">\u00e0 la d\u00e9croissance<\/a> depuis plus d&rsquo;une d\u00e9cennie, je souhaite revenir sur vos propos et suivre votre invitation : oui il faut organiser la D\u00e9croissance. Mais qu&rsquo;est-ce que cela implique vraiment ?<\/p>\n<h2 class=\"wysiwyg__h2\">Une canicule politique<\/h2>\n<p>Vous commencez par faire le lien entre la <em>\u00ab\u00a0canicule\u00a0\u00bb<\/em> qui serait fondamentalement <em>\u00ab\u00a0politique\u00a0\u00bb<\/em>, <em>\u00ab\u00a0tout le monde en convient\u00a0\u00bb<\/em>. Oui, le \u00ab\u00a0d\u00e9r\u00e8glement climatique\u00a0\u00bb, tout comme la chute de la biodiversit\u00e9, la rar\u00e9faction des mati\u00e8res premi\u00e8res, l&rsquo;explosion des in\u00e9galit\u00e9s, le discr\u00e9dit grandissant envers les institutions politiques et m\u00e9diatiques, les crises \u00e9conomiques, sont bel et bien le fruit de <em>\u00ab\u00a0l&rsquo;activit\u00e9 humaine\u00a0\u00bb<\/em> : la n\u00f4tre, celle de la civilisation occidentale. Nous parlons bien de <a href=\"http:\/\/www.projet-decroissance.net\/?p=2405\" target=\"_blank\" rel=\"noopener noreferrer\">la civilisation thermo-industrielle<\/a>, accro \u00e0 la croissance, dont l&rsquo;imaginaire est englu\u00e9 dans la religion de l&rsquo;\u00e9conomie, de l&rsquo;innovation, du toujours plus. Ensuite, vous fa\u00eetes, et je ne peux que vous en f\u00e9liciter, une critique juste et <a href=\"http:\/\/www.projet-decroissance.net\/?p=2229\" target=\"_blank\" rel=\"noopener noreferrer\">scientifiquement d\u00e9montr\u00e9e<\/a>, de l&rsquo;imposture de la \u00ab\u00a0croissance verte\u00a0\u00bb port\u00e9e par des \u00ab\u00a0esprits malins\u00a0\u00bb. \u00ab\u00a0Le mot est faux\u00a0\u00bb, \u00ab\u00a0le concept n&rsquo;existe pas\u00a0\u00bb.<\/p>\n<p><em>\u00ab\u00a0Normalement, th\u00e9oriquement, ce que la politique a fait, elle peut le d\u00e9faire.\u00a0\u00bb<br \/>\n<\/em><\/p>\n<p><!--more--><\/p>\n<p>Et vous continuez : <em>\u00ab\u00a0Nous savons ce que nous devons faire, et s&rsquo;il faut le r\u00e9sumer [&#8230;] nous devons moins voyager, moins consommer et moins produire [&#8230;] Ce qu&rsquo;il faut organiser c&rsquo;est la d\u00e9croissance !\u00a0\u00bb<\/em><\/p>\n<p>Pour finalement conclure : <em>\u00ab\u00a0\u00c7a, c&rsquo;est facile \u00e0 dire, et c&rsquo;est impossible \u00e0 faire.\u00a0\u00bb<br \/>\n<\/em><\/p>\n<p><em>\u00ab\u00a0Mais comment organiser la d\u00e9croissance quand sur la terre des centaines de millions de personnes ne mangent pas \u00e0 leur faim\u00a0\u00bb puis \u00ab\u00a0quand nous attend l&rsquo;explosion d\u00e9mographique [&#8230;] Comment la d\u00e9croissance dans ces conditions l\u00e0 ? Nous sommes prisonniers.\u00a0\u00bb<br \/>\n<\/em><\/p>\n<p>\u00ab\u00a0Nous ne savons pas comment changer nos modes de production pour y faire face.\u00a0\u00bb<\/p>\n<p>Pour finalement conclure : <em>\u00ab\u00a0Eh je vais vous le dire on va avoir chaud !\u00a0\u00bb<br \/>\n<\/em><\/p>\n<p>Donc, si je comprends bien et pour r\u00e9sumer de mani\u00e8re peut-\u00eatre un peu caricaturale, il faut la d\u00e9croissance sinon on va dans le mur, tous les indicateurs le montre et vous les connaissez. On en convient tous d\u2019ailleurs mais comme les oubli\u00e9s du syst\u00e8me n\u2019en voudraient pas alors on refuse le changement \u2026 on poursuit notre course en avant, notre qu\u00eate d\u00e9sesp\u00e9r\u00e9e de croissance, tout en continuant de les laisser de c\u00f4t\u00e9.<\/p>\n<h2 class=\"wysiwyg__h2\">La d\u00e9croissance : un projet<\/h2>\n<p><em>\u00ab\u00a0Tout le monde en convient\u00a0\u00bb<\/em> ? Eh bien non. Cette posture est repr\u00e9sentative d&rsquo;une croyance bien ancr\u00e9e dans nos soci\u00e9t\u00e9s : la mise en place d&rsquo;un projet de D\u00e9croissance serait pr\u00e9judiciable aux plus d\u00e9munis.<\/p>\n<p>Cher Monsieur Aphatie, je vous invite \u00e0 prendre le temps de vous documenter, d\u2019\u00e9largir votre point de vue notamment en suivant les d\u00e9bats autour des id\u00e9es de la d\u00e9croissance. Vous comprendriez que ce que nous proposons ne consiste en aucun cas \u00e0 continuer \u00e0 faire la m\u00eame chose mais en moins. il s&rsquo;agit d&rsquo;un <a href=\"http:\/\/www.projet-decroissance.net\/?p=2243\" target=\"_blank\" rel=\"noopener noreferrer\">projet de soci\u00e9t\u00e9<\/a> qui nous invite \u00e0 repenser en profondeur qu&rsquo;est-ce qu&rsquo;on produit ? Comment ? Et pour quel usage ?<\/p>\n<p>Il s&rsquo;agit de sortir d&rsquo;une vision quantitative du bien-\u00eatre vers une qu\u00eate de sens. Partant d&rsquo;un slogan provocateur rappelant qu&rsquo;une croissance infinie dans un monde fini n&rsquo;est pas possible, nous en convenons, la D\u00e9croissance pose aussi et surtout la question de la souhaitabilit\u00e9 de notre syst\u00e8me capitaliste et consum\u00e9riste. A travers ces r\u00e9flexions et d\u00e9bats, l\u2019enjeu est de construire des transitions d\u00e9mocratiques et sereines pour consommer moins mais mieux, pour produire moins mais partager mieux.<\/p>\n<p>Ainsi, nous proposons la mise en place d&rsquo;une revenu maximum acceptable accompagn\u00e9 d&rsquo;un acc\u00e8s gratuit aux besoins de base \u00e0 travers une <a href=\"http:\/\/www.projet-decroissance.net\/?p=2435\" target=\"_blank\" rel=\"noopener noreferrer\">dotation inconditionnelle d&rsquo;autonomie<\/a>. Nous proposons <a href=\"http:\/\/www.projet-decroissance.net\/?p=2188\" target=\"_blank\" rel=\"noopener noreferrer\">le r\u00e9encastrement de l&rsquo;\u00e9conomie<\/a> \u00e0 travers, par exemple, une nationalisation des banques, un non remboursement des dettes publiques, une r\u00e9appropriation d\u00e9mocratique des banques centrales et de la cr\u00e9ation mon\u00e9taire au service de la justice sociale et de la transition \u00e9nerg\u00e9tique. Nous proposons <a href=\"https:\/\/www.bastamag.net\/Ni-protectionnisme-ni-neoliberalisme-mais-une-relocalisation-ouverte-base-d-une\" target=\"_blank\" rel=\"noopener noreferrer\">la relocalisation ouverte et solidaire<\/a> de nos activit\u00e9s (fronti\u00e8res pour les biens mais pas les personnes). Nous proposons une r\u00e9gulation voire l&rsquo;interdiction des publicit\u00e9s, syst\u00e8me de fake news g\u00e9n\u00e9ralis\u00e9 et l\u00e9gitim\u00e9. La liste de nos propositions, r\u00e9flexions mais aussi <a href=\"http:\/\/cargonomia.hu\/cargonomia-une-cooperative-dactivites-decroissante-budapest\/\" target=\"_blank\" rel=\"noopener noreferrer\">exp\u00e9rimentations<\/a> est longue&#8230; et malheureusement ignor\u00e9e par les m\u00e9dias dominants&#8230;<\/p>\n<p>Nous vous rappelons aussi que la premi\u00e8re des d\u00e9croissances doit \u00eatre celle des in\u00e9galit\u00e9s. Pour avoir anim\u00e9 des centaines de d\u00e9bats, d&rsquo;ateliers participatifs autour de ces id\u00e9es partout en Europe, je ne suis pas s\u00fbr que \u201cles plus d\u00e9munis\u201d soient contre ? Bien au contraire ! La soci\u00e9t\u00e9 est pr\u00eate, des plus jeunes <a href=\"https:\/\/www.marianne.net\/tags\/gilets-jaunes\" target=\"_blank\" rel=\"noopener noreferrer\">aux gilets jaunes<\/a>, <a href=\"https:\/\/blogs.mediapart.fr\/projet-de-decroissance\/blog\/210618\/10e-anniversaire-des-conferences-internationales-de-la-decroissance\" target=\"_blank\" rel=\"noopener noreferrer\">au Nord comme au Sud<\/a>, seule l&rsquo;oligarchie ne l&rsquo;est pas ! Donc oui, <em>\u00ab\u00a0Ce qu&rsquo;il faut organiser c&rsquo;est la d\u00e9croissance\u00a0\u00bb<\/em> ! Presque \u00ab\u00a0<em>tout le monde en convient\u00a0\u00bb<\/em>&#8230; A quand un grand d\u00e9bat sur ces questions complexes mais concr\u00e8tes et pr\u00eates \u00e0 \u00eatre mises en place ?<\/p>\n<p>Allez-y et invitez-nous !!!<\/p>\n<p>*Cette lettre ne s\u2019adresse pas \u00e0 M. Aphatie en tant que citoyen, rien de personnel ici, mais \u00e0 la personne publique et m\u00e9diatique et ce qu\u2019elle repr\u00e9sente d\u2019un point de vue politique et symbolique.<\/p>\n<\/div>\n<\/div>\n<\/div>\n<\/div>\n","protected":false},"excerpt":{"rendered":"<p>L&rsquo;essayiste Vincent Liegey revient sur les propos de l&rsquo;\u00e9ditorialiste qui a d\u00e9fendu la d\u00e9croissance, afin de lui expliquer qu&rsquo;il s&rsquo;agit d&rsquo;un vrai projet politique. Lettre initialement publi\u00e9e dans Marianne le 5 juillet 2019. Cher Monsieur Aphatie*, C&rsquo;est avec beaucoup d&rsquo;attention &hellip; <a href=\"http:\/\/www.projet-decroissance.net\/?p=2551\">Continuer la lecture <span class=\"meta-nav\">&rarr;<\/span><\/a><\/p>\n","protected":false},"author":3,"featured_media":0,"comment_status":"closed","ping_status":"open","sticky":false,"template":"","format":"standard","meta":{"footnotes":""},"categories":[1],"tags":[],"class_list":["post-2551","post","type-post","status-publish","format-standard","hentry","category-actualites"],"_links":{"self":[{"href":"http:\/\/www.projet-decroissance.net\/index.php?rest_route=\/wp\/v2\/posts\/2551","targetHints":{"allow":["GET"]}}],"collection":[{"href":"http:\/\/www.projet-decroissance.net\/index.php?rest_route=\/wp\/v2\/posts"}],"about":[{"href":"http:\/\/www.projet-decroissance.net\/index.php?rest_route=\/wp\/v2\/types\/post"}],"author":[{"embeddable":true,"href":"http:\/\/www.projet-decroissance.net\/index.php?rest_route=\/wp\/v2\/users\/3"}],"replies":[{"embeddable":true,"href":"http:\/\/www.projet-decroissance.net\/index.php?rest_route=%2Fwp%2Fv2%2Fcomments&post=2551"}],"version-history":[{"count":2,"href":"http:\/\/www.projet-decroissance.net\/index.php?rest_route=\/wp\/v2\/posts\/2551\/revisions"}],"predecessor-version":[{"id":2554,"href":"http:\/\/www.projet-decroissance.net\/index.php?rest_route=\/wp\/v2\/posts\/2551\/revisions\/2554"}],"wp:attachment":[{"href":"http:\/\/www.projet-decroissance.net\/index.php?rest_route=%2Fwp%2Fv2%2Fmedia&parent=2551"}],"wp:term":[{"taxonomy":"category","embeddable":true,"href":"http:\/\/www.projet-decroissance.net\/index.php?rest_route=%2Fwp%2Fv2%2Fcategories&post=2551"},{"taxonomy":"post_tag","embeddable":true,"href":"http:\/\/www.projet-decroissance.net\/index.php?rest_route=%2Fwp%2Fv2%2Ftags&post=2551"}],"curies":[{"name":"wp","href":"https:\/\/api.w.org\/{rel}","templated":true}]}}