{"id":2567,"date":"2019-07-22T12:54:17","date_gmt":"2019-07-22T12:54:17","guid":{"rendered":"http:\/\/www.projet-decroissance.net\/?p=2567"},"modified":"2019-07-22T12:56:35","modified_gmt":"2019-07-22T12:56:35","slug":"les-sources-de-la-decroissance-expliquees-par-un-economiste-oublie","status":"publish","type":"post","link":"http:\/\/www.projet-decroissance.net\/?p=2567","title":{"rendered":"Les sources de la d\u00e9croissance expliqu\u00e9es par un \u00e9conomiste oubli\u00e9"},"content":{"rendered":"<div class=\"container-small\">\n<div class=\"HXCa9gWio7s6NQaS_E4Ht\">\n<p><strong><a href=\"http:\/\/www.projet-decroissance.net\/?attachment_id=2568\" rel=\"attachment wp-att-2568\"><img loading=\"lazy\" decoding=\"async\" class=\" wp-image-2568 alignleft\" src=\"http:\/\/www.projet-decroissance.net\/wp-content\/uploads\/2019\/07\/Nicholas_Georgescu-Roegen.jpg\" alt=\"\" width=\"171\" height=\"214\" srcset=\"http:\/\/www.projet-decroissance.net\/wp-content\/uploads\/2019\/07\/Nicholas_Georgescu-Roegen.jpg 400w, http:\/\/www.projet-decroissance.net\/wp-content\/uploads\/2019\/07\/Nicholas_Georgescu-Roegen-240x300.jpg 240w\" sizes=\"auto, (max-width: 171px) 100vw, 171px\" \/><\/a>\u00ab\u00a0Le d\u00e9veloppement durable, c&rsquo;est de la poudre de Perlimpinpin\u00a0\u00bb. Ainsi parlait\u00a0Nicholas Georgescu-Roegen, \u00e9conomiste iconoclaste\u00a0qui a explor\u00e9 dans les ann\u00e9es 70 les limites de la croissance. L&rsquo;urgence climatique et la remise en cause du mod\u00e8le industriel actuel donnent de la visibilit\u00e9 \u00e0 ses pr\u00e9conisations, qui pourraient \u00eatre des solutions pour demain.\u00a0Interview fiction et d&rsquo;outre-tombe\u00a0avec ce chercheur, d\u00e9c\u00e9d\u00e9 en 1994, consid\u00e9r\u00e9 comme le\u00a0p\u00e8re de la d\u00e9croissance.\u00a0<\/strong><\/p>\n<\/div>\n<\/div>\n<p><em>Contenu initialement publi\u00e9 le 19 juillet 2019 sur le site web du magazine <a href=\"https:\/\/www.pourleco.com\/les-bases\/retro-eco\/decroissance-nicholas-georgescu-roegen-et-le-developpement-durable\" target=\"_blank\" rel=\"noopener noreferrer\">POUR L&rsquo;\u00c9CO<\/a>.<\/em><\/p>\n<p>&nbsp;<\/p>\n<div data-poool=\"80\">\n<div class=\"_3qIIJlU8eeVwkOp8MjRke false undefined container-small\" style=\"text-align: left;\">\n<h3><em><span class=\"highlighted\"><strong>POUR L&rsquo;<\/strong><\/span>\u00c9<\/em><span class=\"highlighted\"><strong><em>CO.<\/em>\u00a0Vous qualifiez de \u00ab\u00a0faux rem\u00e8de\u00a0\u00bb et de \u00ab\u00a0poudre de Perlimpinpin\u00a0\u00bb le d\u00e9veloppement durable et son extension, \u00ab\u00a0la croissance verte\u00a0\u00bb. Pourquoi ?<\/strong><\/span><\/h3>\n<p><em><strong>Nicholas Georgescu-Roegen<\/strong><\/em>. On ne cuisine pas une omelette (fabriquer un bien ou proposer un service) sans casser des \u0153ufs. Pour comprendre la port\u00e9e de cette m\u00e9taphore, je dois d\u2019abord vous expliquer deux piliers de ma th\u00e9orie. D\u2019abord, <strong>l\u2019\u00e9conomie est une extension de notre vie biologique. <\/strong>De la m\u00eame mani\u00e8re, elle se nourrit des ressources qu&rsquo;elle trouve dans l&rsquo;environnement et y rejette des d\u00e9chets<a>. Ensuite, cette activit\u00e9 \u00e9conomique a un caract\u00e8re irr\u00e9versible, les d\u00e9chets \u00e9tant qualitativement diff\u00e9rents des ressources initiales.<\/a><\/p>\n<p><strong>Notre syst\u00e8me \u00e9conomique repose sur l\u2019utilisation d\u2019\u00e9nergie<\/strong>. Je consid\u00e8re qu\u2019il y a deux types d\u2019\u00e9nergie : le solaire, pour laquelle l&rsquo;Homme n&rsquo;a pas le contr\u00f4le du flux, et celle des ressources de la terre (p\u00e9trole, charbon) dont le stock est limit\u00e9.<br \/>\n<!--more--><br \/>\nLes soci\u00e9t\u00e9s agraires reposaient principalement sur l&rsquo;\u00e9nergie solaire, <strong>tandis que les \u00e9nergies fossiles ont servi de base au d\u00e9veloppement industriel<\/strong> des deux derniers si\u00e8cles. Dans <strong>un environnement clos comme celui de notre plan\u00e8te, ce stock se d\u00e9grade irr\u00e9m\u00e9diablement<\/strong>\u00a0: quand on a br\u00fbl\u00e9 un litre de p\u00e9trole, on ne peut pas revenir en arri\u00e8re. L\u2019\u00e9nergie <em>utilisable est continuellement transform\u00e9e en \u00e9nergie inutilisable<\/em>. Quand il n\u2019y a plus d\u2019\u0153ufs, il n\u2019y a pas d\u2019omelette.<\/p>\n<figure role=\"group\"><img loading=\"lazy\" decoding=\"async\" class=\"aligncenter\" src=\"https:\/\/pourleco.s3.eu-west-3.amazonaws.com\/assets\/files\/inline-images\/838_nicholas-georgescu-roegen.jpg\" alt=\"Nicholas Georgescu-Roegen\" width=\"405\" height=\"189\" data-entity-type=\"file\" data-entity-uuid=\"87d160a1-6e87-4e0f-8f1b-a58f02a474d2\" \/><figcaption><em>\u00a0\u00a0\u00a0\u00a0\u00a0\u00a0\u00a0\u00a0\u00a0\u00a0\u00a0\u00a0\u00a0\u00a0\u00a0\u00a0\u00a0\u00a0\u00a0\u00a0\u00a0\u00a0\u00a0\u00a0\u00a0\u00a0\u00a0\u00a0\u00a0\u00a0\u00a0\u00a0\u00a0\u00a0\u00a0 C&rsquo;est moi, Nicholas Georgescu-Roegen<br \/>\n<\/em><\/figcaption><\/figure>\n<p>Dans une seconde partie de ma vie, j\u2019habitais Nashville. Dans cette ville des Etats-Unis, j\u2019ai pu constater le d\u00e9veloppement d\u2019une soci\u00e9t\u00e9 de <strong>consommation de masse<\/strong>, marqu\u00e9e par l\u2019\u00e9mergence des grands centres commerciaux, du \u00ab\u00a0toujours plus\u00a0\u00bb, dont le comportement consum\u00e9riste r\u00e9pondait \u00e0 l\u2019objectif de croissance \u00e9conomique.<\/p>\n<p>Je me suis rendu compte que <strong>l\u2019objectif d\u2019une croissance illimit\u00e9e dans un monde fini est impossible \u00e0 tenir<\/strong>, car les ressources de base pour alimenter ce mod\u00e8le restent l\u2019\u00e9nergie fossile et son stock limit\u00e9.<\/p>\n<p>Ce concept du <strong><a href=\"https:\/\/www.pourleco.com\/les-bases\/le-dico-de-l-eco\/developpement-durable\" target=\"_blank\" rel=\"noopener noreferrer\">\u00ab\u00a0d\u00e9veloppement durable\u00a0\u00bb\u00a0<\/a><\/strong>me semblait d\u00e8s lors \u00eatre un oxymore, <em>une poudre de perlimpinpin<\/em>, car il reste bas\u00e9 sur l\u2019id\u00e9e m\u00eame de croissance.<\/p>\n<h3><span class=\"highlighted\"><strong>Maintenant que la technologie a permis l\u2019essor des \u00e9nergies renouvelables, une partie de votre th\u00e9orie ne fait-elle pas flop\u00a0?<\/strong><\/span><\/h3>\n<p>J\u2019avais au d\u00e9part un enthousiasme pour les \u00e9nergies renouvelables et tout particuli\u00e8rement pour la solution du solaire. Je pensais que <em>cette d\u00e9couverte repr\u00e9senterait une<\/em> solution au probl\u00e8me d&rsquo;\u00e9puisement des ressources fossiles auquel est confront\u00e9 l&rsquo;humanit\u00e9.<\/p>\n<p>Mais ces derni\u00e8res ann\u00e9es ont confirm\u00e9 mes doutes. On voit bien qu\u2019on arrive \u00e0 g\u00e9n\u00e9rer de l\u2019\u00e9nergie \u00e0 partir de sources naturelles (vent, soleil), mais pour ce faire, on utilise d\u2019autres ressources finies\u00a0: il faut beaucoup d&rsquo;\u00e9nergie (du p\u00e9trole) pour extraire les m\u00e9taux rares, qui sont ensuite utilis\u00e9s\u00a0pour construire un panneau photovolta\u00efque.<\/p>\n<p>Ma position correspond d\u00e9sormais \u00e0 ce que vous appelez aujourd\u2019hui les <em><strong>low tech<\/strong>\u00a0: <\/em>des infrastructures plus simples, plus sobres, avec moins de capacit\u00e9 de production\u00a0; par exemple en privil\u00e9giant le solaire thermique, qui consiste \u00e0 faire chauffer de l\u2019eau plus directement \u00e0 partir des rayons du soleil.<\/p>\n<p>\u00ab\u00a0<em>Chaque fois que nous produisons une voiture, nous d\u00e9truisons irr\u00e9vocablement une quantit\u00e9 de basse entropie qui, autrement pourrait \u00eatre utilis\u00e9e pour fabriquer une charrue ou une b\u00eache. Autrement dit, chaque fois que nous produisons une voiture, nous le faisons au prix d&rsquo;une baisse du nombre de vies humaines \u00e0 venir.<\/em>\u00a0\u00bb Nicholas Georgescu-Roegen, <em>La d\u00e9croissance<\/em> (1979), 2e \u00e9dition, 1995-56.<\/p>\n<footer>\n<div>\n<div class=\"_3qIIJlU8eeVwkOp8MjRke false undefined container-small\">\n<h3><span class=\"highlighted\"><strong>Pour changer de logiciel \u00e9conomique, vous proposiez un \u00ab\u00a0programme bio-\u00e9conomique minimal\u00a0\u00bb. Quelles sont ses mesures phares ?<\/strong><\/span><\/h3>\n<p>Ma premi\u00e8re proposition, de l\u2019ordre du bon sens, <strong>\u00e9tait d\u2019<em>interdire non seulement la guerre elle-m\u00eame, mais la production de tous les instruments de guerre.<\/em><\/strong> Le complexe militaro-industriel, premier budget mondial, est un grand consommateur d\u2019\u00e9nergie. Il g\u00e9n\u00e8re du <em>d\u00e9sordre <\/em>sans que cette activit\u00e9 ne soit positive pour les g\u00e9n\u00e9rations futures. Au-del\u00e0 de l\u2019absurdit\u00e9 \u00e9conomique, c\u2019est du bon sens politique et humain. Je proposais aussi une aide au d\u00e9veloppement, en allant vers davantage de justice sociale entre les pays du Sud et les pays du Nord.<\/p>\n<p>Je pr\u00e9conisais <strong>le d\u00e9veloppement massif d\u2019une agriculture biologique.<\/strong> L\u2019agriculture \u00ab\u00a0moderne\u00a0\u00bb utilise beaucoup trop d\u2019\u00e9nergie et est donc <em>\u00ab\u00a0anti\u00e9conomique\u00a0\u00bb.<\/em> Ce n\u2019est malheureusement pas la voie emprunt\u00e9e aujourd\u2019hui, alors qu\u2019il serait possible de nourrir toute la population avec ce syst\u00e8me agricole respectueux de l\u2019environnement, estime aujourd\u2019hui l\u2019ONU.<\/p>\n<p><img decoding=\"async\" class=\"aligncenter\" src=\"https:\/\/pourleco.s3.eu-west-3.amazonaws.com\/assets\/files\/inline-images\/Paysans-2.jpg\" alt=\"Paysan\" data-entity-type=\"file\" data-entity-uuid=\"1cc486b8-fb85-4954-bda0-323bec36aedc\" \/><\/p>\n<p>Je d\u00e9fendais \u00e9galement la logique de durabilit\u00e9 des biens, face \u00e0 ce que vous appelez aujourd\u2019hui l\u2019<strong>obsolescence programm\u00e9e.<\/strong> Je critiquais aussi les \u00ab\u00a0gadgets\u00a0\u00bb, estimant qu\u2019il fallait soigner cette <em>soif morbide<\/em> d\u2019avoir toujours plus. A quoi \u00e7a sert d\u2019avoir une voiture plus grosse\u00a0? J\u2019\u00e9tais persuad\u00e9 que notre attitude pouvait avoir un impact sur les fabricants de ces biens, et donc sur l\u2019offre.<\/p>\n<p>Enfin, la question de l<strong>\u2019innovation<\/strong>, en tant qu\u2019ancien \u00e9l\u00e8ve de Schumpeter, me semblait essentielle. Mais contrairement \u00e0 ceux qui se revendiquent de lui aujourd&rsquo;hui, j&rsquo;avais une approche critique <strong>selon laquelle toute innovation n&rsquo;est pas n\u00e9cessairement souhaitable.<\/strong><\/p>\n<p>Reprenez mon anecdote du \u00ab\u00a0cyclodrome du rasoir \u00e9lectrique.\u00a0\u00bb. Cette nouveaut\u00e9 permet \u00e0 l\u2019homme de se raser plus vite, mais au lieu de profiter de ce temps disponible pour vivre, l\u2019individu va l\u2019utiliser pour d\u00e9velopper un appareil qui sera encore plus performant. Mais pour quoi faire\u00a0?<\/p>\n<h3><span class=\"highlighted\"><strong>Vous \u00eates donc contre le Progr\u00e8s\u00a0?<\/strong><\/span><\/h3>\n<p>Je suis pour un autre type de Progr\u00e8s, celui du\u00a0\u00ab\u00a0bon sens paysan\u00a0\u00bb\u00a0: <strong>comment on fabrique le progr\u00e8s, pour quel usage et pour r\u00e9pondre \u00e0 quels besoins fondamentaux.<\/strong> Oui, <em>les progr\u00e8s des sciences sont utiles<\/em>. Mais ce sont elles, justement, qui nous disent que le mod\u00e8le industriel actuel gaspille irr\u00e9versiblement l&rsquo;\u00e9nergie, et donc, qu\u2019il faut remettre en cause la croissance.<\/p>\n<p><img loading=\"lazy\" decoding=\"async\" class=\"aligncenter\" src=\"https:\/\/pourleco.s3.eu-west-3.amazonaws.com\/assets\/files\/inline-images\/cc_les_temps_modernes_19_72dpi.jpg\" alt=\"Les temps modernes\" width=\"491\" height=\"235\" data-entity-type=\"file\" data-entity-uuid=\"889d486b-292b-43fc-a005-7609267a8a1d\" \/><\/p>\n<h3><span class=\"highlighted\"><strong>Vous avez disparu en 1994, mais vos id\u00e9es semblent conna\u00eetre une nouvelle jeunesse. Certains disent que vous \u00eates le p\u00e8re de la d\u00e9croissance. Comment expliquez-vous ce relatif bouillonnement ?<\/strong><\/span><\/h3>\n<p>Je suis effectivement consid\u00e9r\u00e9 comme l\u2019un des p\u00e8res de la d\u00e9croissance, m\u00eame si je n\u2019ai jamais directement utilis\u00e9 ce terme\u00a0: je parlais plut\u00f4t de <em>decline <\/em>(r\u00e9gression en anglais)<em>. <\/em>Ma position \u00e9tait \u00e9galement partag\u00e9e par le Club de Rome, et son fameux rapport de 1972 portant sur \u00ab\u00a0les limites de la croissance\u00a0\u00bb.<\/p>\n<p>Ces propos \u00e9conomiques ont \u00e9t\u00e9 longtemps ignor\u00e9s, mais je constate qu\u2019ils resurgissent dans le d\u00e9bat public depuis les ann\u00e9es 2000, notamment avec le mouvement fran\u00e7ais de La D\u00e9croissance, qui a repris la traduction de mes \u00e9crits en fran\u00e7ais gr\u00e2ce \u00e0 Jacques Grinevald.<\/p>\n<p>Je suis toutefois tr\u00e8s d\u00e9\u00e7u qu\u2019il faille attendre la multiplication des catastrophes pour que la population se saisisse de ces d\u00e9bats. Des initiatives \u00e9mergent \u00e0 l\u2019instar du mouvement des \u00ab\u00a0villes en transition\u00a0\u00bb. Les circuits courts progressent. C\u2019est bien. Il<strong> faut soutenir la jeune g\u00e9n\u00e9ration<\/strong>, l\u2019encourager \u00e0 cr\u00e9er de nouvelles utopies, et surtout qu\u2019elle prenne conscience que la finalit\u00e9 de l&rsquo;\u00e9conomie doit \u00eatre la <strong>\u00ab\u00a0<em>joie de vivre<\/em>\u00a0\u00bb.<\/strong><\/p>\n<p>&nbsp;<\/p>\n<\/div>\n<p><strong><em>Making-of<\/em><\/strong><\/p>\n<div class=\"_2lzk6-CYBjr774vknbKK57\">\n<p><em>Pour l&rsquo;\u00c9<\/em><em>co<\/em> explore des moyens\u00a0ludiques et p\u00e9dagogiques pour mettre en lumi\u00e8re les \u00e9conomistes d&rsquo;hier. Nous avons par exemple lanc\u00e9 une s\u00e9rie vid\u00e9o\u00a0\u00ab\u00a0Talking dead\u00a0\u00bb, <a href=\"https:\/\/www.youtube.com\/watch?v=4LZmE0SS-WU\" target=\"_blank\" rel=\"noopener noreferrer\">dont le premier \u00e9pisode fait revenir \u00e0 la vie Karl Marx<\/a>.\u00a0Ce nouveau format d&rsquo;interview posthume, pr\u00e9sentant la th\u00e9orie de\u00a0Nicholas Georgescu-Roegen,\u00a0poursuit le m\u00eame objectif.<\/p>\n<p>Rassurez-vous : cet entretien n&rsquo;est pas le fruit de notre imagination. Il a \u00e9t\u00e9 minutieusement pr\u00e9par\u00e9 avec la complicit\u00e9 de l&rsquo;ing\u00e9nieur et chercheur interdisciplinaire <span class=\"highlighted\"><a href=\"http:\/\/www.projet-decroissance.net\/?page_id=28\" target=\"_blank\" rel=\"noopener noreferrer\"><strong>Vincent Liegey<\/strong><\/a><\/span>, qui a accept\u00e9 de rentrer dans la t\u00eate et dans la peau de\u00a0Nicholas Georgescu-Roegen. L&rsquo;expertise\u00a0de<strong><span class=\"highlighted\"><a href=\"https:\/\/rehpere.com\/quentin-couix\" target=\"_blank\" rel=\"noopener noreferrer\">\u00a0Quentin Couix<\/a><\/span><\/strong>, doctorant au Centre d&rsquo;\u00e9conomie de la Sorbonne\u00a0&#8211; Universit\u00e9 Paris I, a aussi \u00e9t\u00e9\u00a0pr\u00e9cieuse. Merci \u00e0 vous deux.<\/p>\n<p>&nbsp;<\/p>\n<\/div>\n<p class=\"o4IASleAD0DC6AuIjU9nA\"><strong><em>Qui suis-je ?\u00a0<\/em><\/strong><a href=\"https:\/\/www.pourleco.com\/les-bases\/la-galerie-des-economistes\/georgescu-roegen\" target=\"_blank\" rel=\"noopener noreferrer\"><span class=\"PQISR0hDOAtLlLRiNhTAL\">Nicholas Georgescu-Roegen<\/span><\/a><\/p>\n<div class=\"_5FH-BVB20D012jj486Ho- container-small\">\n<p>Nicholas\u00a0Georgescu-Roegen\u00a0est un \u00e9conomiste \u00e0 part.\u00a0Avant de s\u2019int\u00e9resser aux sciences \u00e9conomiques, il se forme\u00a0tout d\u2019abord aux sciences dures, math\u00e9matiques en t\u00eate, comme le d\u00e9montre son doctorat\u00a0obtenu en 1930 \u00e0 l\u2019Institut de\u00a0statistique de Paris.\u00a0Il comprend\u00a0alors que <em>\u00ab\u00a0les ph\u00e9nom\u00e8nes \u00e9conomiques ne pouvaient \u00eatre d\u00e9crits par un syst\u00e8me\u00a0math\u00e9matique\u00a0\u00bb.<\/em><\/p>\n<p>A\u00a0l\u2019Universit\u00e9 d\u2019Harvard, o\u00f9 il \u00e9tudie notamment la th\u00e9orie du consommateur, il\u00a0int\u00e8gre dans les ann\u00e9es 30 l&rsquo;\u00e9quipe de Joseph Schumpeter, qui travaille alors sur la question des cycles \u00e9conomiques.<\/p>\n<p>Inspir\u00e9 par les travaux de Darwin et d\u2019autres scientifiques \u00e9m\u00e9rites\u00a0(Carnot et sa loi de\u00a0thermodynamique), ce chercheur\u00a0n\u00e9 en Roumanie en 1906 consid\u00e8re l\u2019\u00e9conomie comme une extension de notre vie biologique.\u00a0<strong>Il fondera le concept de bio-\u00e9conomie<\/strong> :\u00a0l\u2019\u00e9conomie doit prendre en compte le vivant, l\u2019environnement, les ressources \u00e9nerg\u00e9tiques.<\/p>\n<p>Ses travaux de recherche et son observation minutieuse des \u00e9volutions\u00a0\u00e9conomique, notamment dans sa ville de\u00a0Nashville\u00a0(USA),\u00a0inspirent\u00a0l&rsquo;ouvrage <em>The\u00a0Entropy\u00a0Law and\u00a0the\u00a0Economic\u00a0Process<\/em>, publi\u00e9 en 1971.\u00a0Il met progressivement en lumi\u00e8re <strong>l\u2019impasse d\u2019une croissance illimit\u00e9e dans un monde fini<\/strong>\u00a0(notre plan\u00e8te).\u00a0Son approche iconoclaste, marqu\u00e9e par sa logique\u00a0plurisciplinaire\u00a0\u2013\u00a0pr\u00e9curseur du mouvement h\u00e9t\u00e9rodoxe &#8211; va progressivement le rendre paria aux yeux des \u00e9conomistes dits classiques.<\/p>\n<p>Sa pens\u00e9e syst\u00e9mique et ses pr\u00e9conisations\u00a0(agriculture biologique, fin de la guerre, critique de la consommation de masse, etc.)\u00a0feront de lui une figure tut\u00e9laire de la d\u00e9croissance, m\u00eame si l&rsquo;\u00e9conomiste\u00a0am\u00e9ricano-roumain, d\u00e9c\u00e9d\u00e9 en 1994, ne s&rsquo;est jamais directement r\u00e9clam\u00e9 de ce mouvement.<\/p>\n<p>&nbsp;<\/p>\n<p><em><strong>R\u00e9f\u00e9rences p\u00e9dagogiques\u00a0<\/strong><\/em><\/p>\n<div>\n<ul>\n<li>[Ouvrage de r\u00e9f\u00e9rence]\u00a0<a href=\"http:\/\/classiques.uqac.ca\/contemporains\/georgescu_roegen_nicolas\/decroissance\/decroissance.html\" target=\"_blank\" rel=\"noopener noreferrer\">La D\u00e9croissance,<\/a>\u00a0<em>Entropie &#8211; \u00c9cologie &#8211; \u00c9conomie<\/em>\u00a0(1995), traduction de l&rsquo;oeuvre originale par Jacques Grinevald et Ivo Rens, 1995.<\/li>\n<li><a href=\"https:\/\/www.cairn.info\/revue-idees-economiques-et-sociales-2014-3-page-74.htm\" target=\"_blank\" rel=\"noopener noreferrer\">Nicholas Georgescu-Roegen, pour une r\u00e9volution bio\u00e9conomique, Antoine Missemer,\u00a0<\/a><\/li>\n<li><a href=\"https:\/\/www.franceculture.fr\/emissions\/la-bibliotheque-ideale-de-leco\/la-bibliotheque-ideale-de-leco-emission-du-vendredi-22-mars-2019\" target=\"_blank\" rel=\"noopener noreferrer\">[Podcast] La loi de l&rsquo;entropie et le probl\u00e8me \u00e9conomique de Nicholas Georgescu-Roegen<\/a>, La biblioth\u00e8que id\u00e9ale de l&rsquo;\u00e9co, France Inter, 22 mars 2019.<\/li>\n<li>[Documentaire vid\u00e9o]\u00a0<a href=\"https:\/\/vimeo.com\/14288450\" target=\"_blank\" rel=\"noopener noreferrer\">D\u00e9croissance : Hommage \u00e0 Nicholas Georgescu-Roegen<\/a>,\u00a0Vincent Liegey, 2011.<\/li>\n<li>[Essai]\u00a0<a href=\"http:\/\/www.projet-decroissance.net\/?page_id=28\" target=\"_blank\" rel=\"noopener noreferrer\">Un projet de d\u00e9croissance<\/a>\u00a0(<em>Utopia, 2013)<\/em><\/li>\n<\/ul>\n<\/div>\n<\/div>\n<\/div>\n<\/footer>\n<\/div>\n<\/div>\n","protected":false},"excerpt":{"rendered":"<p>\u00ab\u00a0Le d\u00e9veloppement durable, c&rsquo;est de la poudre de Perlimpinpin\u00a0\u00bb. Ainsi parlait\u00a0Nicholas Georgescu-Roegen, \u00e9conomiste iconoclaste\u00a0qui a explor\u00e9 dans les ann\u00e9es 70 les limites de la croissance. L&rsquo;urgence climatique et la remise en cause du mod\u00e8le industriel actuel donnent de la visibilit\u00e9 &hellip; <a href=\"http:\/\/www.projet-decroissance.net\/?p=2567\">Continuer la lecture <span class=\"meta-nav\">&rarr;<\/span><\/a><\/p>\n","protected":false},"author":3,"featured_media":0,"comment_status":"closed","ping_status":"open","sticky":false,"template":"","format":"standard","meta":{"footnotes":""},"categories":[1],"tags":[],"class_list":["post-2567","post","type-post","status-publish","format-standard","hentry","category-actualites"],"_links":{"self":[{"href":"http:\/\/www.projet-decroissance.net\/index.php?rest_route=\/wp\/v2\/posts\/2567","targetHints":{"allow":["GET"]}}],"collection":[{"href":"http:\/\/www.projet-decroissance.net\/index.php?rest_route=\/wp\/v2\/posts"}],"about":[{"href":"http:\/\/www.projet-decroissance.net\/index.php?rest_route=\/wp\/v2\/types\/post"}],"author":[{"embeddable":true,"href":"http:\/\/www.projet-decroissance.net\/index.php?rest_route=\/wp\/v2\/users\/3"}],"replies":[{"embeddable":true,"href":"http:\/\/www.projet-decroissance.net\/index.php?rest_route=%2Fwp%2Fv2%2Fcomments&post=2567"}],"version-history":[{"count":8,"href":"http:\/\/www.projet-decroissance.net\/index.php?rest_route=\/wp\/v2\/posts\/2567\/revisions"}],"predecessor-version":[{"id":2575,"href":"http:\/\/www.projet-decroissance.net\/index.php?rest_route=\/wp\/v2\/posts\/2567\/revisions\/2575"}],"wp:attachment":[{"href":"http:\/\/www.projet-decroissance.net\/index.php?rest_route=%2Fwp%2Fv2%2Fmedia&parent=2567"}],"wp:term":[{"taxonomy":"category","embeddable":true,"href":"http:\/\/www.projet-decroissance.net\/index.php?rest_route=%2Fwp%2Fv2%2Fcategories&post=2567"},{"taxonomy":"post_tag","embeddable":true,"href":"http:\/\/www.projet-decroissance.net\/index.php?rest_route=%2Fwp%2Fv2%2Ftags&post=2567"}],"curies":[{"name":"wp","href":"https:\/\/api.w.org\/{rel}","templated":true}]}}