{"id":2614,"date":"2020-01-04T07:50:14","date_gmt":"2020-01-04T07:50:14","guid":{"rendered":"http:\/\/www.projet-decroissance.net\/?p=2614"},"modified":"2020-01-04T08:12:22","modified_gmt":"2020-01-04T08:12:22","slug":"repenser-le-role-de-lingenieur-dun-pint-de-vue-de-la-decroissance","status":"publish","type":"post","link":"http:\/\/www.projet-decroissance.net\/?p=2614","title":{"rendered":"Repenser le r\u00f4le de l&rsquo;ing\u00e9nieur d&rsquo;un point de vue de la D\u00e9croissance"},"content":{"rendered":"<p><em><strong><a href=\"http:\/\/www.projet-decroissance.net\/?attachment_id=2627\" rel=\"attachment wp-att-2627\"><img loading=\"lazy\" decoding=\"async\" class=\" wp-image-2627 alignleft\" src=\"http:\/\/www.projet-decroissance.net\/wp-content\/uploads\/2020\/01\/74389092_10215770101389943_95709150008311808_o.jpg\" alt=\"\" width=\"182\" height=\"272\" srcset=\"http:\/\/www.projet-decroissance.net\/wp-content\/uploads\/2020\/01\/74389092_10215770101389943_95709150008311808_o.jpg 643w, http:\/\/www.projet-decroissance.net\/wp-content\/uploads\/2020\/01\/74389092_10215770101389943_95709150008311808_o-201x300.jpg 201w\" sizes=\"auto, (max-width: 182px) 100vw, 182px\" \/><\/a>C&rsquo;est le cadre d&rsquo;un projet \u00e0 Cargonomia sur \u00ab\u00a0ing\u00e9nierie et D\u00e9croissance\u00a0\u00bb men\u00e9 tout l&rsquo;\u00e9t\u00e9 par Corentin Gaillard et Paul-Henri Fran\u00e7ois et encadr\u00e9 par Vincent Liegey que le Monde est venu en reportage \u00e0 Budapest et \u00e0 Zs\u00e1mbok.<\/strong><\/em><\/p>\n<p><em><strong>Retrouver <a href=\"http:\/\/www.projet-decroissance.net\/wp-content\/uploads\/2019\/11\/Rapport-Decroissance-Ingenieur.pdf\" target=\"_blank\" rel=\"noopener noreferrer\">leur rapport de stage ici<\/a> e<\/strong><\/em><em><strong>t l&rsquo;article en une du Monde ci-dessous :<\/strong><\/em><\/p>\n<p class=\"article__title\"><strong><a href=\"https:\/\/www.lemonde.fr\/campus\/article\/2019\/11\/03\/ces-jeunes-ingenieurs-qui-choisissent-la-decroissance_6017843_4401467.html\" target=\"_blank\" rel=\"noopener noreferrer\">Ces jeunes ing\u00e9nieurs qui choisissent la d\u00e9croissance<\/a><\/strong><\/p>\n<p>A Cargonomia, laboratoire et centre de recherche et d\u2019exp\u00e9rimentation \u00ab d\u00e9croissant \u00bb bas\u00e9 \u00e0 Budapest, les \u00e9tudiants fran\u00e7ais affluent en stage.<\/p>\n<section class=\"article__content\">\n<figure class=\"article__media article__media--default \"><picture><img decoding=\"async\" class=\"loaded\" src=\"https:\/\/img.lemde.fr\/2019\/10\/03\/0\/0\/5061\/3374\/630\/0\/60\/0\/8adc0db_NDC_aFfskn0VZcz4gzBD3h7J.jpg\" alt=\"Paul-Henri Fran\u00e7ois, Lo\u00e9na Trouv\u00e9, Corentin Gaillard, Vincent Liegey et Cl\u00e9ment Choisne (de gauche \u00e0 droite) livrent de la nourriture \u00e0 v\u00e9lo dans Budapest, le 19 septembre 2019.\" data-src=\"https:\/\/img.lemde.fr\/2019\/10\/03\/0\/0\/5061\/3374\/630\/0\/60\/0\/8adc0db_NDC_aFfskn0VZcz4gzBD3h7J.jpg\" data-was-processed=\"true\" \/><\/picture>Paul-Henri Fran\u00e7ois, Lo\u00e9na Trouv\u00e9, Corentin Gaillard, Vincent Liegey et Cl\u00e9ment Choisne (de gauche \u00e0 droite) livrent de la nourriture \u00e0 v\u00e9lo dans Budapest, le 19 septembre 2019. B\u00e1lint Hirling pour \u00abLe Monde\u00bb<\/figure>\n<p class=\"article__paragraph article__paragraph--lf\">Pieds nus dans la terre, une fourche \u00e0 la main, Pierre Delaunay, fra\u00eechement dipl\u00f4m\u00e9 de CentraleSup\u00e9lec, se fait une fiert\u00e9 de retourner la ligne de compost qui lui a \u00e9t\u00e9 assign\u00e9e. Ce grand gaillard aux joues roses ne compte pas ses efforts pour soulever ces masses brunes et odorantes qui viendront fertiliser les cultures de fruits et l\u00e9gumes bio de la ferme de Zs\u00e1mbok (Hongrie). Ce qui ne l\u2019emp\u00eache pas, de temps \u00e0 autre, de papoter avec son\u00a0<em>\u00ab\u00a0camarade\u00a0\u00bb<\/em>\u00a0de compost, Paul-Henri Fran\u00e7ois, bient\u00f4t dipl\u00f4m\u00e9 de Centrale Nantes.\u00a0<em>\u00ab\u00a0Quand je pense qu\u2019un de mes copains de l\u2019\u00e9cole vient d\u2019\u00eatre recrut\u00e9 \u00e0 Goldman Sachs, \u00e0 New York, \u00e0 120\u00a0K\u00a0<\/em>[120\u00a0000\u00a0euros]\u00a0<em>par an, je me sens vraiment en d\u00e9calage\u00a0\u00bb,<\/em>\u00a0plaisante Pierre, qui vient travailler gratuitement tous les mercredis sous les ordres de Kati, la responsable de la ferme.<\/p>\n<p><!--more--><\/p>\n<section class=\"catcher catcher--small\"><span class=\"catcher__title\">Lire aussi\u00a0<\/span><span class=\"catcher__desc\"><a class=\"js-article-read-also\" href=\"https:\/\/www.lemonde.fr\/campus\/article\/2019\/11\/03\/le-rechauffement-climatique-timidement-enseigne-dans-les-ecoles-d-ingenieurs_6017841_4401467.html\" data-premium=\"\">Le r\u00e9chauffement climatique timidement enseign\u00e9 dans les \u00e9coles d\u2019ing\u00e9nieurs<\/a><\/span><\/section>\n<p class=\"article__paragraph article__paragraph--lf\">Etre ou ne pas \u00eatre \u00e0 l\u2019int\u00e9rieur du \u00ab\u00a0syst\u00e8me\u00a0\u00bb \u2013 comprendre\u00a0: les entreprises de l\u2019\u00e9conomie de march\u00e9 \u2013, la question agite, chaque ann\u00e9e, un peu plus de ces jeunes dipl\u00f4m\u00e9s ing\u00e9nieurs. Ceux qui ont choisi de ne pas \u00ab\u00a0y aller\u00a0\u00bb pr\u00e9parent \u00ab\u00a0l\u2019apr\u00e8s\u00a0\u00bb. Ils exp\u00e9rimentent de nouvelles fa\u00e7ons de faire et de se servir de leur dipl\u00f4me d\u2019ing\u00e9nieur. Ils ont en commun une conscience aigu\u00eb de la crise climatique et une analyse commune de la situation actuelle.\u00a0<em>\u00ab\u00a0Tant qu\u2019on ne sortira pas de l\u2019imaginaire de la croissance, on continuera d\u2019aller vers la catastrophe\u00a0\u00bb,<\/em>\u00a0r\u00e9sume Corentin Gaillard, 23\u00a0ans, \u00e9tudiant de Centrale Nantes, plong\u00e9 dans les th\u00e9ories de la d\u00e9croissance depuis plusieurs mois, et qui vient \u00e0 Zs\u00e1mbok toutes les semaines.<\/p>\n<blockquote class=\"article__catchphrase\">\n<p class=\"article__quote\">\u00ab\u00a0Tant qu\u2019on ne sortira pas de l\u2019imaginaire de la croissance, on continuera d\u2019aller vers la catastrophe\u00a0\u00bb<\/p>\n<\/blockquote>\n<p class=\"article__paragraph article__paragraph--lf\">Il faut s\u2019imaginer Zs\u00e1mbok\u00a0: seulement 50\u00a0kilom\u00e8tres s\u00e9parent ce village rural de 2\u00a0000\u00a0habitants de la capitale hongroise, Budapest. Une heure et demie de bus pour rejoindre ce qui ressemble \u00e0 une carte postale bucolique d\u2019une \u00e9poque que l\u2019on n\u2019a pas connue. Ici, les habitants sont nombreux \u00e0 ne poss\u00e9der qu\u2019un v\u00e9lo pour se d\u00e9placer. Les Carpates, au loin, donnent un peu de relief \u00e0 cet horizon bien plat. C\u2019est dans ce village que, depuis 2012, Matthew Hayes, ing\u00e9nieur agronome anglais engag\u00e9 dans la d\u00e9croissance, a d\u00e9cid\u00e9 de mettre en pratique les techniques de l\u2019agro\u00e9cologie et de la biodynamie. Ses fruits et l\u00e9gumes bio sont vendus sur les march\u00e9s de Budapest, et environ 40\u00a0% de sa production sont distribu\u00e9s sous forme de paniers aux habitants.<\/p>\n<p class=\"article__paragraph article__paragraph--lf\">Le mercredi, jour o\u00f9 les\u00a0<em>\u00ab\u00a0stagiaires ing\u00e9nieurs\u00a0\u00bb<\/em>\u00a0viennent lui pr\u00eater main-forte, une partie du travail de Matthew Hayes consiste \u00e0 encadrer ces Fran\u00e7ais \u00e0 l\u2019infinie bonne volont\u00e9 mais qui se dispersent souvent ou ex\u00e9cutent des gestes qu\u2019il juge impr\u00e9cis. Corentin Gaillard se souvient avec \u00e9motion de ce jour froid et pluvieux du printemps 2019 o\u00f9 il avait pris le bus \u00e0 6\u00a0h\u00a040 \u00e0 la gare de Puskas Ferenc Stadion et travers\u00e9 la campagne. En arrivant, Matthew Hayes lui avait mis une fourche dans les mains et montr\u00e9 une charrette de compost. Le compost est un rite d\u2019initiation pour ces jeunes ing\u00e9nieurs\u00a0: c\u2019est la premi\u00e8re t\u00e2che, la plus ingrate, qui leur est assign\u00e9e lorsqu\u2019ils arrivent \u00e0 Zs\u00e1mbok. Le jour m\u00eame, lui et Paul-Henri avaient publi\u00e9 une tribune sur un blog de Mediapart, intitul\u00e9e\u00a0<a href=\"https:\/\/blogs.mediapart.fr\/projet-de-decroissance\/blog\/130519\/face-leffondrement-repensons-le-role-de-l-ingenieur\">\u00ab\u00a0Face \u00e0 l\u2019effondrement, repensons le r\u00f4le de l\u2019ing\u00e9nieur\u00a0\u00bb<\/a><em>\u00a0<\/em>dans laquelle les deux \u00e9tudiants appelaient \u00e0\u00a0<em>\u00ab\u00a0sortir de la soumission au \u201cprogr\u00e8s technique\u201d et aux \u201cavanc\u00e9es\u201d\u00a0<\/em>(\u2026)<em>\u00a0course au high-tech, \u00e0 l\u2019intelligence artificielle\u00a0\u00bb\u2026\u00a0<\/em>Dr\u00f4le d\u2019effet de sens, avait-il song\u00e9, les deux pieds dans le fumier.<\/p>\n<section class=\"catcher catcher--small\"><span class=\"catcher__title\"><span class=\"icon__premium\"><span class=\"sr-only\">Article r\u00e9serv\u00e9 \u00e0 nos abonn\u00e9s<\/span><\/span>\u00a0Lire aussi\u00a0<\/span><span class=\"catcher__desc\"><a class=\"js-article-read-also\" href=\"https:\/\/www.lemonde.fr\/campus\/article\/2019\/04\/16\/une-perte-de-sens-totale-le-blues-des-jeunes-ingenieurs-face-au-climat_5450927_4401467.html\" data-premium=\"1\">\u00ab\u00a0Une perte de sens totale\u00a0\u00bb\u00a0: le malaise grandissant des jeunes ing\u00e9nieurs face au climat<\/a><\/span><\/section>\n<p class=\"article__paragraph article__paragraph--lf\">Cl\u00e9ment Choisne, l\u2019ing\u00e9nieur qui avait \u00ab\u00a0hack\u00e9\u00a0\u00bb\u00a0<a href=\"https:\/\/www.youtube.com\/watch?time_continue=2&amp;v=3LvTgiWSAAE\">la c\u00e9r\u00e9monie de remise de dipl\u00f4mes de Centrale Nantes en\u00a02018<\/a>, a v\u00e9cu mi-septembre son premier \u00ab\u00a0jour \u00e0 la ferme\u00a0\u00bb. Dans son discours, vu plus de 330\u00a0000 fois sur YouTube, il avait d\u00e9nonc\u00e9 l\u2019incurie des \u00e9coles d\u2019ing\u00e9nieurs, incapables d\u2019int\u00e9grer\u00a0<em>\u00ab\u00a0sobri\u00e9t\u00e9 et d\u00e9croissance\u00a0\u00bb<\/em>\u00a0dans leurs programmes. Depuis son fait d\u2019armes, il a cultiv\u00e9, un peu malgr\u00e9 lui, une petite notori\u00e9t\u00e9 aupr\u00e8s des jeunes de grandes \u00e9coles qui se posent les m\u00eames questions\u00a0: pour enrayer la trajectoire destructrice du r\u00e9chauffement climatique, faut-il \u00eatre ou ne pas \u00eatre dans le \u00ab\u00a0syst\u00e8me\u00a0\u00bb\u00a0?<\/p>\n<h2 class=\"article__sub-title\"><strong>Un laboratoire d\u2019initiatives \u00e0 Budapest<\/strong><\/h2>\n<p class=\"article__paragraph article__paragraph--lf\">Tous ces jeunes Fran\u00e7ais ont converg\u00e9 en Hongrie en venant en stage \u00e0 Cargonomia\u00a0: un laboratoire et centre de recherche et d\u2019exp\u00e9rimentation \u00ab\u00a0d\u00e9croissant\u00a0\u00bb cofond\u00e9 par le Fran\u00e7ais Vincent Liegey, ing\u00e9nieur pass\u00e9 par la recherche, la diplomatie et le secteur ferroviaire, install\u00e9 \u00e0 Budaspest depuis dix-sept ans. L\u2019endroit ressemble plus \u00e0 un local de r\u00e9paration de v\u00e9los qu\u2019\u00e0 un laboratoire, mais c\u2019est ici que plusieurs initiatives sont n\u00e9es ces derni\u00e8res ann\u00e9es, comme la livraison en v\u00e9lo-cargo (v\u00e9lo \u00e0 trois roues) des fruits et l\u00e9gumes bio de la ferme de Zs\u00e1mbok.<\/p>\n<figure class=\"article__media article__media--default \"><\/figure>\n<p class=\"article__paragraph article__paragraph--lf\">Cette ann\u00e9e, Vincent Liegey a vu le nombre de candidatures de jeunes ing\u00e9nieurs bondir \u00e0 la suite d\u2019une conf\u00e9rence sur la d\u00e9croissance donn\u00e9e \u00e0 Centrale Nantes<em>. \u00ab\u00a0C\u2019est un saut de paradigme qu\u2019est en train de faire cette g\u00e9n\u00e9ration. En\u00a02018, j\u2019avais re\u00e7u deux candidatures de centraliens. Un mois avant le d\u00e9but de leur stage, ils avaient pr\u00e9f\u00e9r\u00e9 renoncer car la rupture avec le syst\u00e8me et l\u2019\u00e9cole leur semblait trop brutale. Cette ann\u00e9e, je sens chez les dix ing\u00e9nieurs qui sont venus en stage une grande maturit\u00e9, m\u00eame chez les plus jeunes, sur les enjeux de la transition \u00e9cologique, et surtout une envie d\u2019agir\u00a0\u00bb,\u00a0<\/em>explique-t-il.<\/p>\n<section class=\"catcher catcher--small\"><span class=\"catcher__title\"><span class=\"icon__premium\"><span class=\"sr-only\">Article r\u00e9serv\u00e9 \u00e0 nos abonn\u00e9s<\/span><\/span>\u00a0Lire aussi\u00a0<\/span><span class=\"catcher__desc\"><a class=\"js-article-read-also\" href=\"https:\/\/www.lemonde.fr\/economie\/article\/2018\/11\/29\/faut-il-jeter-la-croissance_5390145_3234.html\" data-premium=\"1\">Mont\u00e9e des in\u00e9galit\u00e9s, changement climatique&#8230; Faut-il en finir avec la croissance\u00a0?<br \/>\n<\/a><\/span><\/section>\n<p>Et\u00a0<a href=\"https:\/\/www.lemonde.fr\/idees\/article\/2019\/11\/29\/l-objectif-de-croissance-economique-serait-incompatible-avec-une-sortie-de-la-crise-ecologique_6021038_3232.html\">\u00ab L\u2019objectif de croissance \u00e9conomique serait incompatible avec une sortie de la crise \u00e9cologique \u00bb<\/a><\/p>\n<p class=\"article__paragraph article__paragraph--lf\">Corentin et Paul-Henri, rest\u00e9s plus de six mois dans\u00a0<em>\u00ab\u00a0l\u2019\u00e9cosyst\u00e8me\u00a0\u00bb\u00a0<\/em>de<em>\u00a0<\/em>Cargonomia, ont touch\u00e9 \u00e0 tous les projets\u00a0: entretien d\u2019un jardin exp\u00e9rimental en permaculture sur une colline de Budapest, agroforesterie urbaine, rendez-vous hebdomadaire \u00e0 la ferme biologique de Zs\u00e1mbok, distribution de paniers de l\u00e9gumes, travail sur le chantier du Golya, un tiers lieu accueillant des associations, un restaurant, un bar et une salle de concerts.\u00a0<em>\u00ab\u00a0C\u2019est d\u00e9routant au d\u00e9but, on se demande quels sont les horaires, les jours de cong\u00e9, mais en d\u00e9construisant le travail, le temps, la consommation et l\u2019espace, on apprend \u00e0 vivre autrement. On lit plus, on se balade, on d\u00e9bat\u00a0\u00bb,<\/em>\u00a0raconte Corentin.<\/p>\n<section class=\"catcher catcher--small\"><span class=\"catcher__title\">Lire aussi\u00a0<\/span><span class=\"catcher__desc\"><a class=\"js-article-read-also\" href=\"https:\/\/www.lemonde.fr\/campus\/article\/2019\/10\/31\/en-seine-et-marne-le-chateau-pour-etudiants-en-quete-de-sens_6017646_4401467.html\" data-premium=\"\">En Seine-et-Marne, le ch\u00e2teau pour \u00e9tudiants en qu\u00eate de sens<\/a><\/span><\/section>\n<h2 class=\"article__sub-title\">Prise de conscience et \u00ab\u00a0sortie de route\u00a0\u00bb<\/h2>\n<p class=\"article__paragraph article__paragraph--lf\">Plusieurs \u00e9v\u00e9nements ont d\u00e9clench\u00e9 la \u00ab\u00a0sortie de route\u00a0\u00bb de ces jeunes dipl\u00f4m\u00e9s des grandes \u00e9coles, ph\u00e9nom\u00e8ne qui, s\u2019il reste minoritaire, concerne une fraction grandissante de jeunes dipl\u00f4m\u00e9s. Parmi ces moments marquants figurent la\u00a0<a href=\"https:\/\/www.franceinter.fr\/emissions\/l-invite-de-8h20-le-grand-entretien\/l-invite-de-8h20-le-grand-entretien-28-aout-2018\">d\u00e9mission\u00a0<\/a>de Nicolas Hulot, ministre de la transition \u00e9cologique et solidaire, en ao\u00fbt\u00a02018, le discours cathartique de Cl\u00e9ment Choisne en novembre de la m\u00eame ann\u00e9e, les Marches pour le climat et les actions de d\u00e9sob\u00e9issance civile, le manifeste \u00ab pour un r\u00e9veil \u00e9cologique\u00a0\u00bb (un\u00a0<a href=\"https:\/\/pour-un-reveil-ecologique.fr\/\">texte\u00a0<\/a>r\u00e9dig\u00e9 par des \u00e9tudiants de grandes \u00e9coles pour appeler notamment au boycott des entreprises polluantes), les rapports du Groupe d\u2019experts intergouvernemental sur l\u2019\u00e9volution du climat (GIEC)\u2026<\/p>\n<p class=\"article__paragraph article__paragraph--lf\">Ces jeunes pr\u00e9sents en Hongrie ont, par exemple, d\u00e9vor\u00e9 le livre de l\u2019ing\u00e9nieur sp\u00e9cialiste de la finitude des ressources mini\u00e8res Philippe Bihouix,<em>\u00a0L\u2019Age des low tech\u00a0<\/em>(Seuil, 2014). Ils sont aussi friands\u00a0<a href=\"https:\/\/www.youtube.com\/watch?reload=9&amp;v=Vjkq8V5rVy0\">des vid\u00e9os de Jean-Marc Jancovici,<\/a>\u00a0polytechnicien, expert de l\u2019\u00e9nergie et du climat, qui poste sur YouTube ses interventions \u00e0 l\u2019Ecole des mines, ou \u00e0 Sciences\u00a0Po. Ils citent \u00e9galement le rapport Meadows, \u00ab\u00a0The Limits to Growth\u00a0\u00bb, \u00e9crit par des chercheurs du Massachusetts Institute of Technology, qui mod\u00e9lisait, en\u00a01972, les cons\u00e9quences possibles du maintien de la croissance \u00e9conomique sur le long terme. A Centrale Nantes, Corentin, Paul-Henri et Cl\u00e9ment ont suivi les cours de Jean-Marc Benguigui, enseignant qui a jou\u00e9 un r\u00f4le de \u00ab\u00a0r\u00e9v\u00e9lateur\u00a0\u00bb dans leur prise de conscience.<\/p>\n<figure class=\"article__media article__media--default \"><picture><img decoding=\"async\" class=\"loaded\" src=\"https:\/\/img.lemde.fr\/2019\/10\/03\/0\/0\/5493\/3662\/630\/0\/60\/0\/4433a25_MaCG2wZIo1oSOH2YiVFGnsOk.jpg\" alt=\"Vincent Liegey, Cl\u00e9ment Choisne et Paul-Henri\u00a0Fran\u00e7ois (de gauche \u00e0 droite), \u00e0 Budapest, le 19 septembre 2019.\" data-src=\"https:\/\/img.lemde.fr\/2019\/10\/03\/0\/0\/5493\/3662\/630\/0\/60\/0\/4433a25_MaCG2wZIo1oSOH2YiVFGnsOk.jpg\" data-was-processed=\"true\" \/><\/picture><figcaption class=\"article__legend\" aria-hidden=\"\u201ctrue\u201c\">Vincent Liegey, Cl\u00e9ment Choisne et Paul-Henri\u00a0Fran\u00e7ois (de gauche \u00e0 droite), \u00e0 Budapest, le 19 septembre 2019. B\u00e1lint Hirling pour \u00abLe Monde\u00bb<\/figcaption><\/figure>\n<p class=\"article__paragraph article__paragraph--lf\">Jean-Philippe Neuville, sociologue et enseignant \u00e0 l\u2019INSA de Lyon, voit depuis cinq ans une amplification de la remise en question du\u00a0syst\u00e8me\u00a0par les \u00e9l\u00e8ves ing\u00e9nieurs, avec une nette acc\u00e9l\u00e9ration ces deux derni\u00e8res ann\u00e9es sur le th\u00e8me du climat.\u00a0<em>\u00ab\u00a0Ce qui est int\u00e9ressant, c\u2019est que les ing\u00e9nieurs n\u2019ont pas le profil de ceux qui questionnent l\u2019\u00e9nonc\u00e9 du probl\u00e8me. Ils sont form\u00e9s \u00e0 l\u2019abstraction, \u00e0 la gestion de projet, \u00e0 la recherche de solutions. Or non seulement ces jeunes remettent en cause l\u2019\u00e9nonc\u00e9, mais ils sont de plus en plus nombreux \u00e0 entrer en r\u00e9sistance.\u00a0\u00bb<\/em>\u00a0Selon le chercheur, c\u2019est une<em>\u00a0\u00ab\u00a0vague\u00a0\u00bb<\/em>\u00a0qui gonfle et qui pousse un mur\u00a0:\u00a0<em>\u00ab\u00a0Soit ce mur se fissure, soit \u00e7a passe par-dessus.\u00a0\u00bb<\/em><\/p>\n<p class=\"article__paragraph article__paragraph--lf\">De passage \u00e0 Centrale Nantes pour pr\u00e9senter leur rapport de stage en Hongrie, Corentin et Paul-Henri ont capt\u00e9 l\u2019attention d\u2019une soixantaine d\u2019\u00e9tudiants, doctorants, enseignants<b>,<\/b>\u00a0venus \u00e9couter le r\u00e9cit de leurs aventures. Juste avant, Cl\u00e9mence P\u00e9tillion, 24\u00a0ans, avait partag\u00e9 son exp\u00e9rience chez Decathlon. Elle expliquait pourquoi elle fait le choix d\u2019\u00eatre \u00ab\u00a0dans le syst\u00e8me\u00a0\u00bb, pour le changer de l\u2019int\u00e9rieur.\u00a0<em>\u00ab\u00a0On ne peut pas \u00eatre en accord sur tout au sein de son entreprise, sinon il faut monter sa bo\u00eete. Mais tant que je sens qu\u2019on peut faire des choses contre le r\u00e9chauffement climatique, je reste\u00a0\u00bb,<\/em>\u00a0d\u00e9clare la jeune femme, qui travaille sur le d\u00e9veloppement du v\u00e9lo pliable.<\/p>\n<p class=\"article__paragraph article__paragraph--lf\">Les stagiaires \u00ab\u00a0hongrois\u00a0\u00bb, eux, ont choisi une autre voie. Corentin vient de s\u2019engager dans un service civique de dix mois pour cr\u00e9er une ferme urbaine \u00e0 Nantes. Paul-Henri se lance dans le wwoofing (travail \u00e0 la ferme), avant peut-\u00eatre un jour de cr\u00e9er la sienne, en permaculture et autosuffisante en \u00e9nergie, dans le nord de la France. Quant \u00e0 Cl\u00e9ment, il poursuit son apprentissage de la d\u00e9croissance en Hongrie. Avec l\u2019id\u00e9e d\u2019appliquer, d\u00e8s son retour, les bonnes id\u00e9es de Budapest dans sa ville natale, Le\u00a0Mans.<\/p>\n<p><span class=\"meta__authors\">Par\u00a0Marine Miller &#8211;\u00a0<\/span>Publi\u00e9 le 03 novembre 2019<\/p>\n<\/section>\n","protected":false},"excerpt":{"rendered":"<p>C&rsquo;est le cadre d&rsquo;un projet \u00e0 Cargonomia sur \u00ab\u00a0ing\u00e9nierie et D\u00e9croissance\u00a0\u00bb men\u00e9 tout l&rsquo;\u00e9t\u00e9 par Corentin Gaillard et Paul-Henri Fran\u00e7ois et encadr\u00e9 par Vincent Liegey que le Monde est venu en reportage \u00e0 Budapest et \u00e0 Zs\u00e1mbok. Retrouver leur rapport &hellip; <a href=\"http:\/\/www.projet-decroissance.net\/?p=2614\">Continuer la lecture <span class=\"meta-nav\">&rarr;<\/span><\/a><\/p>\n","protected":false},"author":3,"featured_media":0,"comment_status":"closed","ping_status":"open","sticky":false,"template":"","format":"standard","meta":{"footnotes":""},"categories":[1,7],"tags":[],"class_list":["post-2614","post","type-post","status-publish","format-standard","hentry","category-actualites","category-dans-la-presse-et-sur-la-toile"],"_links":{"self":[{"href":"http:\/\/www.projet-decroissance.net\/index.php?rest_route=\/wp\/v2\/posts\/2614","targetHints":{"allow":["GET"]}}],"collection":[{"href":"http:\/\/www.projet-decroissance.net\/index.php?rest_route=\/wp\/v2\/posts"}],"about":[{"href":"http:\/\/www.projet-decroissance.net\/index.php?rest_route=\/wp\/v2\/types\/post"}],"author":[{"embeddable":true,"href":"http:\/\/www.projet-decroissance.net\/index.php?rest_route=\/wp\/v2\/users\/3"}],"replies":[{"embeddable":true,"href":"http:\/\/www.projet-decroissance.net\/index.php?rest_route=%2Fwp%2Fv2%2Fcomments&post=2614"}],"version-history":[{"count":5,"href":"http:\/\/www.projet-decroissance.net\/index.php?rest_route=\/wp\/v2\/posts\/2614\/revisions"}],"predecessor-version":[{"id":2628,"href":"http:\/\/www.projet-decroissance.net\/index.php?rest_route=\/wp\/v2\/posts\/2614\/revisions\/2628"}],"wp:attachment":[{"href":"http:\/\/www.projet-decroissance.net\/index.php?rest_route=%2Fwp%2Fv2%2Fmedia&parent=2614"}],"wp:term":[{"taxonomy":"category","embeddable":true,"href":"http:\/\/www.projet-decroissance.net\/index.php?rest_route=%2Fwp%2Fv2%2Fcategories&post=2614"},{"taxonomy":"post_tag","embeddable":true,"href":"http:\/\/www.projet-decroissance.net\/index.php?rest_route=%2Fwp%2Fv2%2Ftags&post=2614"}],"curies":[{"name":"wp","href":"https:\/\/api.w.org\/{rel}","templated":true}]}}