{"id":2620,"date":"2020-01-04T07:41:44","date_gmt":"2020-01-04T07:41:44","guid":{"rendered":"http:\/\/www.projet-decroissance.net\/?p=2620"},"modified":"2020-01-04T07:42:59","modified_gmt":"2020-01-04T07:42:59","slug":"le-monde-croissance-verte-fin-du-mythe-debut-des-possibles","status":"publish","type":"post","link":"http:\/\/www.projet-decroissance.net\/?p=2620","title":{"rendered":"Le Monde : Croissance verte : fin du mythe, d\u00e9but des possibles?"},"content":{"rendered":"<p class=\"article__desc article__desc--opinion\"><a href=\"http:\/\/www.projet-decroissance.net\/?attachment_id=2621\" rel=\"attachment wp-att-2621\"><img loading=\"lazy\" decoding=\"async\" class=\" wp-image-2621 alignleft\" src=\"http:\/\/www.projet-decroissance.net\/wp-content\/uploads\/2020\/01\/images.png\" alt=\"\" width=\"253\" height=\"93\" srcset=\"http:\/\/www.projet-decroissance.net\/wp-content\/uploads\/2020\/01\/images.png 370w, http:\/\/www.projet-decroissance.net\/wp-content\/uploads\/2020\/01\/images-300x110.png 300w\" sizes=\"auto, (max-width: 253px) 100vw, 253px\" \/><\/a><em><strong>Dans une tribune au \u00ab\u00a0Monde\u00a0\u00bb, trois chercheurs, Fran\u00e7ois Briens, Timoth\u00e9e Parrique et Vincent Liegey, expliquent qu\u2019il faut en finir avec le mythe de la croissance verte, car les \u00e9tudes scientifiques montrent que l\u2019on ne peut \u00e0 la fois faire cro\u00eetre le PIB et baisser l\u2019empreinte \u00e9cologique.<\/strong><\/em><\/p>\n<h6><picture class=\"article__media\"><img decoding=\"async\" class=\"initial lzld--loading\" src=\"https:\/\/img.lemde.fr\/2018\/12\/12\/113\/0\/2732\/1821\/688\/0\/60\/0\/4a9de88_fR551H_UrcsXeLx7z5YgH2n3.png\" alt=\"\u00ab Quels que soient les impacts environnementaux consid\u00e9r\u00e9s (consommation de mati\u00e8res premi\u00e8res, d\u2019eau et d\u2019\u00e9nergie, \u00e9missions de gaz \u00e0 effet de serre, biodiversit\u00e9, etc.), les rares cas de d\u00e9couplage observ\u00e9s jusqu\u2019\u00e0 pr\u00e9sent apparaissent tous largement insuffisants.\u00a0\u00bb\" data-was-processed=\"true\" \/><\/picture>\u00ab Quels que soient les impacts environnementaux consid\u00e9r\u00e9s (consommation de mati\u00e8res premi\u00e8res, d\u2019eau et d\u2019\u00e9nergie, \u00e9missions de gaz \u00e0 effet de serre, biodiversit\u00e9, etc.), les rares cas de d\u00e9couplage observ\u00e9s jusqu\u2019\u00e0 pr\u00e9sent apparaissent tous largement insuffisants.\u00a0\u00bb KIM BASCHET \/ LE MONDE<\/h6>\n<p class=\"article__paragraph \">Les manifestations pour le climat, les protestations, voire les poursuites judiciaires, contre l\u2019inaction de l\u2019Etat : face \u00e0 la d\u00e9gradation continue de notre milieu de vie, les politiques environnementales ne convainquent pas, et \u00e0 juste titre. Les partisans de la \u00ab croissance verte \u00bb nous promettent pourtant que l\u2019innovation technique, le d\u00e9veloppement et le d\u00e9ploiement massif de technologies \u00ab vertes \u00bb ou \u00ab intelligentes \u00bb par des m\u00e9canismes de march\u00e9, ainsi que la d\u00e9mat\u00e9rialisation de l\u2019\u00e9conomie ou le recyclage r\u00e9soudront ces probl\u00e8mes.<\/p>\n<p class=\"article__paragraph \">Cette strat\u00e9gie de croissance verte repose fondamentalement sur le concept de \u00ab\u00a0d\u00e9couplage\u00a0\u00bb entre croissance et impacts environnementaux, c\u2019est-\u00e0-dire l\u2019hypoth\u00e8se selon laquelle il serait possible de faire cro\u00eetre continuellement le produit int\u00e9rieur brut (PIB) tout en r\u00e9duisant de mani\u00e8re g\u00e9n\u00e9ralis\u00e9e l\u2019empreinte \u00e9cologique li\u00e9e aux activit\u00e9s \u00e9conomiques. Il s\u2019agit donc d\u2019un pari, dont les enjeux consid\u00e9rables devraient nous inviter \u00e0 examiner prudemment et rationnellement les possibilit\u00e9s de succ\u00e8s.<\/p>\n<p class=\"article__paragraph \">L\u2019hypoth\u00e8se d\u2019un d\u00e9couplage a-t-elle d\u00e9j\u00e0 \u00e9t\u00e9 valid\u00e9e\u00a0? C\u2019est pr\u00e9cis\u00e9ment ce qu\u2019a fait une \u00e9quipe pluridisciplinaire d\u2019universitaires dans une \u00e9tude dont\u00a0<a href=\"https:\/\/eeb.org\/library\/decoupling-debunked\/\">le rapport scientifique<\/a>\u00a0(\u00ab\u00a0Decoupling debunked. Evidence and arguments against green growth as a sole strategy for sustainability\u00a0\u00bb,\u00a0<a href=\"https:\/\/mk0eeborgicuypctuf7e.kinstacdn.com\/wp-content\/uploads\/2019\/07\/Decoupling-Debunked.pdf\">voir lien PDF<\/a>) a \u00e9t\u00e9 r\u00e9cemment publi\u00e9 par le Bureau environnemental europ\u00e9en.<\/p>\n<p class=\"article__paragraph \">Les auteurs \u2013 dont deux sont signataires de cette tribune \u2013 y expliquent d\u2019abord qu\u2019une strat\u00e9gie de croissance verte ne saurait \u00eatre en mesure de r\u00e9pondre aux d\u00e9fis environnementaux qu\u2019\u00e0 la stricte condition de garantir un d\u00e9couplage absolu, global (\u00e0 l\u2019\u00e9chelle plan\u00e9taire), d\u2019ampleur suffisante, mais aussi continuel \u2013 c\u2019est-\u00e0-dire aussi longtemps que la croissance \u00e9conomique serait poursuivie.<\/p>\n<h2 class=\"article__sub-title\">Conclusion univoque<\/h2>\n<p><!--more--><\/p>\n<p class=\"article__paragraph \">Or, existe-t-il des preuves qu\u2019un tel d\u00e9couplage est atteignable en pratique\u00a0? Pour r\u00e9pondre \u00e0 cette question, les chercheurs ont pass\u00e9 en revue la plupart des \u00e9tudes empiriques portant sur les liens entre croissance \u00e9conomique et indicateurs environnementaux de diverses natures.<\/p>\n<p class=\"article__paragraph \">Leur conclusion est univoque\u00a0: quels que soient les impacts environnementaux consid\u00e9r\u00e9s (consommation de mati\u00e8res premi\u00e8res, d\u2019eau et d\u2019\u00e9nergie, \u00e9missions de gaz \u00e0 effet de serre, artificialisation des terres, biodiversit\u00e9, polluants), les rares cas de d\u00e9couplage observ\u00e9s jusqu\u2019\u00e0 pr\u00e9sent apparaissent tous largement insuffisants, dans la mesure o\u00f9 ceux-ci n\u2019\u00e9taient que temporaires, ou tr\u00e8s largement en de\u00e7\u00e0 des objectifs jug\u00e9s n\u00e9cessaires par la communaut\u00e9 scientifique, ou alors ne concernaient qu\u2019une cat\u00e9gorie restreinte d\u2019indicateurs environnementaux, dans un p\u00e9rim\u00e8tre g\u00e9ographique restreint (ne rendant ainsi pas compte des ph\u00e9nom\u00e8nes de d\u00e9localisation des nuisances ou de leurs changements de nature potentiels), voire toutes ces raisons \u00e0 la fois.<\/p>\n<p class=\"article__paragraph \">Autrement dit, aucun exemple convaincant de d\u00e9couplage \u00e0 la hauteur des enjeux environnementaux n\u2019a \u00e9t\u00e9 observ\u00e9 jusqu\u2019\u00e0 pr\u00e9sent.<\/p>\n<p class=\"article__paragraph \">L\u2019hypoth\u00e8se d\u2019un d\u00e9couplage est-t-elle r\u00e9aliste\u00a0? Si cette absence de validation empirique ne suffit pas en soi \u00e0 infirmer l\u2019hypoth\u00e8se d\u2019un d\u00e9couplage dans le futur \u00e0 la hauteur des d\u00e9fis, de nombreux \u00e9l\u00e9ments mettent s\u00e9rieusement en doute sa plausibilit\u00e9. Les auteurs du rapport avancent un certain nombre de raisons, dont certaines expliquent en grande partie l\u2019\u00e9chec actuel des strat\u00e9gies de d\u00e9couplage pass\u00e9es, et font reconsid\u00e9rer \u00e0 la baisse les progr\u00e8s apparents \u2013 pourtant d\u00e9j\u00e0 insuffisants.<\/p>\n<h2 class=\"article__sub-title\">Frugalit\u00e9, convivialit\u00e9 et partage<\/h2>\n<p class=\"article__paragraph \">Sont par exemple mentionn\u00e9s\u00a0: les rendements d\u00e9croissants de l\u2019innovation technique et sa d\u00e9clinaison en termes d\u2019extraction accrue de mati\u00e8res premi\u00e8res et de consommation d\u2019\u00e9nergie, le potentiel limit\u00e9 de la d\u00e9mat\u00e9rialisation de l\u2019\u00e9conomie et du recyclage, la d\u00e9localisation g\u00e9ographique des nuisances environnementales, ou encore la tendance f\u00e2cheuse des solutions technologiques \u00e0 substituer un type d\u2019impact environnemental \u00e0 un autre, plut\u00f4t qu\u2019\u00e0 le r\u00e9soudre.<\/p>\n<p class=\"article__paragraph \">Pour les auteurs, si chaque argument consid\u00e9r\u00e9 individuellement suffit \u00e0 douter de la possibilit\u00e9 d\u2019op\u00e9rer un d\u00e9couplage suffisamment rapide et important, leur combinaison et leur articulation invitent \u00e0 consid\u00e9rer l\u2019hypoth\u00e8se d\u2019un d\u00e9couplage futur comme hautement improbable, et toute strat\u00e9gie politique fond\u00e9e sur cette hypoth\u00e8se comme extr\u00eamement p\u00e9rilleuse, sinon vou\u00e9e \u00e0 l\u2019\u00e9chec. Autrement dit\u00a0: l\u2019objectif de croissance \u00e9conomique serait incompatible avec une sortie de la crise \u00e9cologique.<\/p>\n<p class=\"article__paragraph \">En mettant en \u00e9vidence le caract\u00e8re infond\u00e9 et irr\u00e9aliste de l\u2019hypoth\u00e8se d\u2019un authentique d\u00e9couplage entre croissance \u00e9conomique et impacts environnementaux, cette \u00e9tude vient s\u2019ajouter \u00e0 une liste croissante de travaux scientifiques d\u00e9non\u00e7ant les apories de la croissance verte. Pourtant, la qu\u00eate de cette chim\u00e8re continue d\u2019orienter les politiques publiques et de monopoliser une part significative des ressources de notre soci\u00e9t\u00e9 (investissements, appels \u00e0 projet, recherche, etc.). Il appara\u00eet plus que jamais urgent de faire le deuil de cette croyance et de changer de paradigme, pour explorer de nouvelles voies lib\u00e9r\u00e9es de la croissance.<\/p>\n<p class=\"article__paragraph \">Dans cette perspective, les propositions et les exp\u00e9rimentations port\u00e9es par les acteurs des r\u00e9seaux de la\u00a0d\u00e9croissance, mettant par exemple l\u2019accent sur la frugalit\u00e9, le sens des limites, la convivialit\u00e9 et le partage (du travail, des ressources et des richesses) au travers de mod\u00e8les socio-\u00e9conomiques alternatifs, m\u00e9ritent toute notre attention. Elles ouvrent des pistes pour la construction collective d\u2019un avenir souhaitable et soutenable, au sujet duquel il est grand temps d\u2019engager un v\u00e9ritable d\u00e9bat, et pour ce faire, de lib\u00e9rer des ressources, des espaces et du temps.<\/p>\n<p><a href=\"https:\/\/blogs.mediapart.fr\/projet-de-decroissance\/blog\/211216\/un-projet-de-decroissance-valide-par-un-modele-scientifique\" target=\"_blank\" rel=\"noopener noreferrer\"><strong>Fran\u00e7ois Briens<\/strong><\/a>\u00a0est ing\u00e9nieur et chercheur Centre for Human Emancipation\/IRCHE, coauteur du rapport\u00a0<a href=\"https:\/\/eeb.org\/library\/decoupling-debunked\/\">\u00ab\u00a0Decoupling debunked. Evidence and arguments against green growth as a sole strategy for sustainability\u00a0\u00bb<\/a>,\u00a0<strong>Timoth\u00e9e Parrique<\/strong>\u00a0est chercheur et coauteur principal du rapport, Stockholm Resilience Centre, universit\u00e9 de Stockholm\/CERDI, universit\u00e9 Clermont-Auvergne, et\u00a0<strong>Vincent Liegey<\/strong>\u00a0est ing\u00e9nieur, coordinateur de Cargonomia, centre de recherche et d\u2019exp\u00e9rimentation sur la d\u00e9croissance \u00e0 Budapest.<\/p>\n<p>Publi\u00e9 le 29 novembre 2019 dans <a href=\"https:\/\/www.lemonde.fr\/idees\/article\/2019\/11\/29\/l-objectif-de-croissance-economique-serait-incompatible-avec-une-sortie-de-la-crise-ecologique_6021038_3232.html\" target=\"_blank\" rel=\"noopener noreferrer\">Le Monde<\/a>.<\/p>\n","protected":false},"excerpt":{"rendered":"<p>Dans une tribune au \u00ab\u00a0Monde\u00a0\u00bb, trois chercheurs, Fran\u00e7ois Briens, Timoth\u00e9e Parrique et Vincent Liegey, expliquent qu\u2019il faut en finir avec le mythe de la croissance verte, car les \u00e9tudes scientifiques montrent que l\u2019on ne peut \u00e0 la fois faire cro\u00eetre &hellip; <a href=\"http:\/\/www.projet-decroissance.net\/?p=2620\">Continuer la lecture <span class=\"meta-nav\">&rarr;<\/span><\/a><\/p>\n","protected":false},"author":3,"featured_media":0,"comment_status":"closed","ping_status":"open","sticky":false,"template":"","format":"standard","meta":{"footnotes":""},"categories":[1],"tags":[],"class_list":["post-2620","post","type-post","status-publish","format-standard","hentry","category-actualites"],"_links":{"self":[{"href":"http:\/\/www.projet-decroissance.net\/index.php?rest_route=\/wp\/v2\/posts\/2620","targetHints":{"allow":["GET"]}}],"collection":[{"href":"http:\/\/www.projet-decroissance.net\/index.php?rest_route=\/wp\/v2\/posts"}],"about":[{"href":"http:\/\/www.projet-decroissance.net\/index.php?rest_route=\/wp\/v2\/types\/post"}],"author":[{"embeddable":true,"href":"http:\/\/www.projet-decroissance.net\/index.php?rest_route=\/wp\/v2\/users\/3"}],"replies":[{"embeddable":true,"href":"http:\/\/www.projet-decroissance.net\/index.php?rest_route=%2Fwp%2Fv2%2Fcomments&post=2620"}],"version-history":[{"count":2,"href":"http:\/\/www.projet-decroissance.net\/index.php?rest_route=\/wp\/v2\/posts\/2620\/revisions"}],"predecessor-version":[{"id":2623,"href":"http:\/\/www.projet-decroissance.net\/index.php?rest_route=\/wp\/v2\/posts\/2620\/revisions\/2623"}],"wp:attachment":[{"href":"http:\/\/www.projet-decroissance.net\/index.php?rest_route=%2Fwp%2Fv2%2Fmedia&parent=2620"}],"wp:term":[{"taxonomy":"category","embeddable":true,"href":"http:\/\/www.projet-decroissance.net\/index.php?rest_route=%2Fwp%2Fv2%2Fcategories&post=2620"},{"taxonomy":"post_tag","embeddable":true,"href":"http:\/\/www.projet-decroissance.net\/index.php?rest_route=%2Fwp%2Fv2%2Ftags&post=2620"}],"curies":[{"name":"wp","href":"https:\/\/api.w.org\/{rel}","templated":true}]}}