{"id":2637,"date":"2020-03-25T14:46:05","date_gmt":"2020-03-25T14:46:05","guid":{"rendered":"http:\/\/www.projet-decroissance.net\/?p=2637"},"modified":"2021-07-16T09:02:00","modified_gmt":"2021-07-16T09:02:00","slug":"non-le-coronavirus-nest-pas-decroissant","status":"publish","type":"post","link":"http:\/\/www.projet-decroissance.net\/?p=2637","title":{"rendered":"Non, le Coronavirus n&rsquo;est pas notre D\u00e9croissance"},"content":{"rendered":"<p><strong><a href=\"https:\/\/www.partipourladecroissance.net\/wp-content\/uploads\/2020\/03\/90024409_10219224290812033_1436186035275956224_n.jpg\" rel=\"attachment wp-att-9546\"><img loading=\"lazy\" decoding=\"async\" class=\"alignleft wp-image-9546\" src=\"https:\/\/www.partipourladecroissance.net\/wp-content\/uploads\/2020\/03\/90024409_10219224290812033_1436186035275956224_n.jpg\" alt=\"\" width=\"183\" height=\"327\" \/><\/a>Le Coronavirus a pouss\u00e9 la quasi totalit\u00e9 de l\u2019humanit\u00e9 \u00e0 se confiner. En toute <a href=\"http:\/\/www.projet-decroissance.net\/?p=2620\">logique<\/a>, les cons\u00e9quences pour l\u2019environnement s\u2019av\u00e8rent<a href=\"https:\/\/www.nouvelobs.com\/planete\/20200314.OBS26038\/en-chine-la-baisse-de-la-pollution-va-epargner-plus-de-vies-humaines-que-le-virus-en-aura-coute.html\"> des plus salvatrices<\/a> avec entre autres, baisses des \u00e9missions de CO2 et de la <a href=\"https:\/\/www.partipourladecroissance.net\/wp-content\/uploads\/2020\/03\/b91074d_rSOqxHhuNGdXXVgmjwvdsucQ.jpg\">pollution atmosph\u00e9rique<\/a>. Le PIB ralentit, la plan\u00e8te s\u2019en porte mieux. Les D\u00e9croissants en ont r\u00eav\u00e9, le Coronavirus l\u2019a fait ?<\/strong><\/p>\n<p>Non. La p\u00e9riode que nous sommes en train de vivre ne ressemble en aucun cas \u00e0<a href=\"http:\/\/www.projet-decroissance.net\/?p=2555\"> la soci\u00e9t\u00e9 de D\u00e9croissance que nous pr\u00f4nons<\/a>. Ce ralentissement de l\u2019\u00e9conomie est des plus inqui\u00e9tants d\u2019un point de vue social, d\u00e9mocratique et humain. Cette r\u00e9cession subie aura m\u00eame des cons\u00e9quences totalement contraires \u00e0 ce qui pourrait et devrait \u00e9merger d\u2019une D\u00e9croissance choisie. Toutefois, il nous semble que cette crise repr\u00e9sente une opportunit\u00e9 \u00e0 saisir pour repenser notre mod\u00e8le de soci\u00e9t\u00e9, pour<a href=\"https:\/\/www.mediapart.fr\/journal\/international\/220320\/le-coronavirus-un-boomerang-qui-nous-revient-dans-la-figure\"> qu\u2019il soit en mesure d\u2019\u00e9viter ce genre de chocs ou de mieux les absorber<\/a>.<\/p>\n<p>Le Coronavirus est un r\u00e9v\u00e9lateur mais aussi un acc\u00e9l\u00e9rateur des in\u00e9galit\u00e9s : isolement des plus vuln\u00e9rables, exploitation des plus pr\u00e9caires, contamination des plus expos\u00e9s&#8230; Dans ces conditions exceptionnelles, c\u2019est une fois de plus le monde du travail qui impose sa marche \u00e0 suivre, et g\u00e9n\u00e8re encore plus d\u2019in\u00e9galit\u00e9s. De plus, la tentation autoritaire est de retour&#8230;<\/p>\n<p>Pour la D\u00e9croissance le Coronavirus n\u2019est en aucun cas une r\u00e9jouissance, bien au contraire : cette situation est un \u00e9chec de plus qui nous d\u00e9montre que seuls un choc et une sid\u00e9ration permettent de susciter du d\u00e9bat, des prises de consciences, et, esp\u00e9rons-le, des changements p\u00e9rennes dans nos comportements et une transformation en profondeur de notre mod\u00e8le de soci\u00e9t\u00e9 mortif\u00e8re.<\/p>\n<p><!--more--><\/p>\n<p>Dans une soci\u00e9t\u00e9 individualiste bas\u00e9e sur l\u2019illusion de toute puissance, il a fallu un virus pour nous rappeler le sens des limites et de la mesure, pour nous rappeler notre vuln\u00e9rabilit\u00e9, et mettre en \u00e9vidence la fragilit\u00e9 des syst\u00e8mes complexes que nous avons construits. Nous ne contr\u00f4lons pas la nature, nous en faisons partie. De m\u00eame, nous faisons face \u00e0 des limites techniques et \u00e9nerg\u00e9tiques. Quand les fronti\u00e8res se ferment ou comme pour bient\u00f4t, quand le p\u00e9trole se met \u00e0 manquer, c\u2019est toute la cha\u00eene industrielle qui s\u2019effondre. Enfin, on r\u00e9-apprend l\u2019humilit\u00e9 et le bon-sens sur le besoin de services publics, de relocalisation et de solidarit\u00e9s informelles.<\/p>\n<p>Cette situation historique, non d\u00e9sir\u00e9e et non d\u00e9sirable, est peut-\u00eatre une derni\u00e8re chance pour une sortie sereine de la soci\u00e9t\u00e9 de croissance. Comment transformer une trag\u00e9die impos\u00e9e en opportunit\u00e9 ? Depuis une semaine, nous devons r\u00e9apprendre \u00e0 ralentir, \u00e0 revoir nos priorit\u00e9s, \u00e0 nous d\u00e9sintoxiquer du travail, du productivisme et du consum\u00e9risme. Le hamster est sorti de sa roue et pourtant tout ne s\u2019est pas effondr\u00e9, la vie continue malgr\u00e9 tout\u2026<\/p>\n<p><a href=\"https:\/\/www.partipourladecroissance.net\/?attachment_id=4544\" rel=\"attachment wp-att-4544\"><img loading=\"lazy\" decoding=\"async\" class=\" wp-image-4544 aligncenter\" src=\"https:\/\/www.partipourladecroissance.net\/wp-content\/uploads\/2010\/05\/Image-2.png\" alt=\"\" width=\"160\" height=\"137\" \/><\/a>La D\u00e9croissance que nous pr\u00f4nons c\u2019est un peu ce que certains, lib\u00e9r\u00e9s du travail, vivent ces jours-ci mais sans le confinement et avec de la convivialit\u00e9, des solidarit\u00e9s, et en revenant \u00e0 l\u2019essentiel. La p\u00e9riode actuelle nous enseigne qu\u2019il est possible de ralentir, et que c\u2019est m\u00eame souhaitable, \u00e0 condition d\u2019adapter notre mod\u00e8le \u00e9conomique \u00e0 ce type de vie. L\u2019exp\u00e9rience actuelle nous montre que le politique peut et doit reprendre le pouvoir sur une \u00e9conomie qu\u2019il faut \u00e0 tout prix remettre au service de la soci\u00e9t\u00e9, plut\u00f4t que de la prot\u00e9ger, de lui donner priorit\u00e9, et de la mettre sous assistance, quitte \u00e0 sacrifier les droits les plus \u00e9l\u00e9mentaires.<\/p>\n<p>Elle nous recentre \u00e9galement sur des essentiels : l\u2019acc\u00e8s \u00e0 l\u2019alimentation, \u00e0 la sant\u00e9 apparaissent ainsi comme les deux besoins les plus vitaux. Elle questionne <a href=\"https:\/\/www.pourleco.com\/ca-clashe\/debat-des-economistes\/dominique-meda-la-crise-du-covid-19-nous-oblige-reevaluer-lutilite\">l\u2019utilit\u00e9 m\u00eame de certaines activit\u00e9s<\/a>. En nous imposant une distanciation sociale, et un repli dans des interactions virtuelles appauvries, met violemment en \u00e9vidence l\u2019un des principes centraux de la D\u00e9croissance que rappelle notre slogan <i>moins de biens,<\/i> <i>plus de liens <\/i>: la convivialit\u00e9.<\/p>\n<p>Nous reviendrons dans les jours et semaines qui viennent sur ce que <a href=\"http:\/\/www.projet-decroissance.net\/?p=2243\">la D\u00e9croissance propose pour \u00e9viter ou mieux absorber des chocs<\/a> d\u2019origine sanitaire ou autr, qui ne manqueront de se reproduire si nous ne changeons rien. Cette p\u00e9riode est une opportunit\u00e9 pour se reposer la question du sens de nos vies, de nos activit\u00e9s, de notre rapport \u00e0 l\u2019autre et \u00e0 notre environnement, de ce qu\u2019on produit ? Comment ? Pour quel usage ? De l\u2019absurdit\u00e9 du toujours plus, du bougisme permanent, de la religion de l\u2019\u00e9conomie. Comment penser et construire des transitions vers <a href=\"https:\/\/www.bastamag.net\/Ni-protectionnisme-ni-neoliberalisme-mais-une-relocalisation-ouverte-base-d-une\">de nouveaux mod\u00e8les de soci\u00e9t\u00e9s relocalis\u00e9es mais ouvertes<\/a>, justes, solidaires, soutenables mais surtout conviviales et souhaitables ?<\/p>\n<p>La D\u00e9croissance nous y invite. Le Coronavirus, pr\u00e9misse d\u2019un effondrement annonc\u00e9 et en cours, peut, avec la contrainte, nous offrir un espace pour des pas-de-c\u00f4t\u00e9. Mais la partie est loin d\u2019\u00eatre gagn\u00e9e, tant la religion de la croissance reste pr\u00e9sente et l\u2019histoire nous montre que le retour \u00e0 la \u00ab normale \u00bb est le plus souvent la norme. <a href=\"http:\/\/www.projet-decroissance.net\/?p=2405\"><em>P\u00e9dagogie des catastrophes<\/em> ou <em>strat\u00e9gie du choc<\/em><\/a>, \u00e0 nous de nous emparer de cette opportunit\u00e9, en restant bien confin\u00e9s, mais solidaires.<\/p>\n","protected":false},"excerpt":{"rendered":"<p>Le Coronavirus a pouss\u00e9 la quasi totalit\u00e9 de l\u2019humanit\u00e9 \u00e0 se confiner. En toute logique, les cons\u00e9quences pour l\u2019environnement s\u2019av\u00e8rent des plus salvatrices avec entre autres, baisses des \u00e9missions de CO2 et de la pollution atmosph\u00e9rique. Le PIB ralentit, la &hellip; <a href=\"http:\/\/www.projet-decroissance.net\/?p=2637\">Continuer la lecture <span class=\"meta-nav\">&rarr;<\/span><\/a><\/p>\n","protected":false},"author":2,"featured_media":0,"comment_status":"closed","ping_status":"open","sticky":false,"template":"","format":"standard","meta":{"footnotes":""},"categories":[1],"tags":[],"class_list":["post-2637","post","type-post","status-publish","format-standard","hentry","category-actualites"],"_links":{"self":[{"href":"http:\/\/www.projet-decroissance.net\/index.php?rest_route=\/wp\/v2\/posts\/2637","targetHints":{"allow":["GET"]}}],"collection":[{"href":"http:\/\/www.projet-decroissance.net\/index.php?rest_route=\/wp\/v2\/posts"}],"about":[{"href":"http:\/\/www.projet-decroissance.net\/index.php?rest_route=\/wp\/v2\/types\/post"}],"author":[{"embeddable":true,"href":"http:\/\/www.projet-decroissance.net\/index.php?rest_route=\/wp\/v2\/users\/2"}],"replies":[{"embeddable":true,"href":"http:\/\/www.projet-decroissance.net\/index.php?rest_route=%2Fwp%2Fv2%2Fcomments&post=2637"}],"version-history":[{"count":3,"href":"http:\/\/www.projet-decroissance.net\/index.php?rest_route=\/wp\/v2\/posts\/2637\/revisions"}],"predecessor-version":[{"id":2650,"href":"http:\/\/www.projet-decroissance.net\/index.php?rest_route=\/wp\/v2\/posts\/2637\/revisions\/2650"}],"wp:attachment":[{"href":"http:\/\/www.projet-decroissance.net\/index.php?rest_route=%2Fwp%2Fv2%2Fmedia&parent=2637"}],"wp:term":[{"taxonomy":"category","embeddable":true,"href":"http:\/\/www.projet-decroissance.net\/index.php?rest_route=%2Fwp%2Fv2%2Fcategories&post=2637"},{"taxonomy":"post_tag","embeddable":true,"href":"http:\/\/www.projet-decroissance.net\/index.php?rest_route=%2Fwp%2Fv2%2Ftags&post=2637"}],"curies":[{"name":"wp","href":"https:\/\/api.w.org\/{rel}","templated":true}]}}