{"id":2713,"date":"2020-08-31T19:37:55","date_gmt":"2020-08-31T19:37:55","guid":{"rendered":"http:\/\/www.projet-decroissance.net\/?p=2713"},"modified":"2020-08-31T19:42:05","modified_gmt":"2020-08-31T19:42:05","slug":"la-decroissance-redonner-le-pouvoir-au-citoyen","status":"publish","type":"post","link":"http:\/\/www.projet-decroissance.net\/?p=2713","title":{"rendered":"La D\u00e9croissance\u00a0: redonner le pouvoir au citoyen\u00a0?"},"content":{"rendered":"<p style=\"text-align: left;\">Ce 20 f\u00e9vrier 2018, Vincent Liegey (ing\u00e9nieur, conf\u00e9rencier, militant d\u00e9croissant) \u00e9tait l\u2019invit\u00e9 de la radio MicroRebelles (webradio alternative du Pas-de-Calais), un \u00e9change radiophonique qui prend tout son \u00e9paisseur au regard de la p\u00e9riode d\u2019incertitude que nous traversons.<\/p>\n<p style=\"text-align: left;\">Souvent raill\u00e9, parfois ignor\u00e9, la D\u00e9croissance suit sa progression. La crise de la Covid 19, sans parler des prochaines qui en d\u00e9couleront, nous r\u00e9v\u00e8le dans quelle impasse nous enferme notre mod\u00e8le de soci\u00e9t\u00e9.<\/p>\n<p style=\"text-align: left;\">Dans cet entretien Vincent Liegey, chantre de la d\u00e9croissance, nous donne des pistes de r\u00e9flexion afin de nous r\u00e9approprier nos vies et notre destin\u00e9e commune. Comment faire soci\u00e9t\u00e9, vivre ensemble dans une soci\u00e9t\u00e9 post-covid et de post-croissance\u00a0? La D\u00e9croissance nous invite au d\u00e9bat. Elle redonne de la force aux convictions politiques et nous conf\u00e8re des outils intellectuels pour lutter contre la pens\u00e9e dominante.<\/p>\n<p style=\"text-align: left;\">Faisons un pas de c\u00f4t\u00e9, sortons de nos pr\u00e9notions et faisons nous confiance. Redonnons du pouvoir \u00e0 notre citoyennet\u00e9\u00a0\u2026<\/p>\n<p style=\"text-align: left;\"><a href=\"https:\/\/www.micros-rebelles.fr\/site\/manifeste-pour-une-dotation-inconditionnelle-dautonomie\/\">https:\/\/www.micros-rebelles.fr\/site\/manifeste-pour-une-dotation-inconditionnelle-dautonomie\/<\/a><\/p>\n","protected":false},"excerpt":{"rendered":"<p>Ce 20 f\u00e9vrier 2018, Vincent Liegey (ing\u00e9nieur, conf\u00e9rencier, militant d\u00e9croissant) \u00e9tait l\u2019invit\u00e9 de la radio MicroRebelles (webradio alternative du Pas-de-Calais), un \u00e9change radiophonique qui prend tout son \u00e9paisseur au regard de la p\u00e9riode d\u2019incertitude que nous traversons. Souvent raill\u00e9, parfois &hellip; <a href=\"http:\/\/www.projet-decroissance.net\/?p=2713\">Continuer la lecture <span class=\"meta-nav\">&rarr;<\/span><\/a><\/p>\n","protected":false},"author":3,"featured_media":2714,"comment_status":"closed","ping_status":"open","sticky":false,"template":"","format":"standard","meta":{"footnotes":""},"categories":[1],"tags":[],"class_list":["post-2713","post","type-post","status-publish","format-standard","has-post-thumbnail","hentry","category-actualites"],"_links":{"self":[{"href":"http:\/\/www.projet-decroissance.net\/index.php?rest_route=\/wp\/v2\/posts\/2713","targetHints":{"allow":["GET"]}}],"collection":[{"href":"http:\/\/www.projet-decroissance.net\/index.php?rest_route=\/wp\/v2\/posts"}],"about":[{"href":"http:\/\/www.projet-decroissance.net\/index.php?rest_route=\/wp\/v2\/types\/post"}],"author":[{"embeddable":true,"href":"http:\/\/www.projet-decroissance.net\/index.php?rest_route=\/wp\/v2\/users\/3"}],"replies":[{"embeddable":true,"href":"http:\/\/www.projet-decroissance.net\/index.php?rest_route=%2Fwp%2Fv2%2Fcomments&post=2713"}],"version-history":[{"count":2,"href":"http:\/\/www.projet-decroissance.net\/index.php?rest_route=\/wp\/v2\/posts\/2713\/revisions"}],"predecessor-version":[{"id":2716,"href":"http:\/\/www.projet-decroissance.net\/index.php?rest_route=\/wp\/v2\/posts\/2713\/revisions\/2716"}],"wp:featuredmedia":[{"embeddable":true,"href":"http:\/\/www.projet-decroissance.net\/index.php?rest_route=\/wp\/v2\/media\/2714"}],"wp:attachment":[{"href":"http:\/\/www.projet-decroissance.net\/index.php?rest_route=%2Fwp%2Fv2%2Fmedia&parent=2713"}],"wp:term":[{"taxonomy":"category","embeddable":true,"href":"http:\/\/www.projet-decroissance.net\/index.php?rest_route=%2Fwp%2Fv2%2Fcategories&post=2713"},{"taxonomy":"post_tag","embeddable":true,"href":"http:\/\/www.projet-decroissance.net\/index.php?rest_route=%2Fwp%2Fv2%2Ftags&post=2713"}],"curies":[{"name":"wp","href":"https:\/\/api.w.org\/{rel}","templated":true}]}}