{"id":2789,"date":"2021-09-04T08:41:38","date_gmt":"2021-09-04T08:41:38","guid":{"rendered":"http:\/\/www.projet-decroissance.net\/?p=2789"},"modified":"2022-09-18T14:04:53","modified_gmt":"2022-09-18T14:04:53","slug":"decroissance-par-vincent-liegey-nouveau-livre-dans-la-nouvelle-collection-fake-or-not-tana-edition","status":"publish","type":"post","link":"http:\/\/www.projet-decroissance.net\/?p=2789","title":{"rendered":"D\u00e9croissance, par Vincent Liegey, nouveau livre  dans la nouvelle collection Fake or Not (Tana Edition)"},"content":{"rendered":"<p style=\"text-align: center;\"><strong>Chez <a href=\"https:\/\/www.lisez.com\/livre-grand-format\/decroissance-fake-or-not-decrypter-nos-societes-de-croissance-sans-fake-news-developpement-durable-low-tech-sobriete-energie-renouvelable-vivre-ensemble\/9791030103946\" target=\"_blank\" rel=\"noopener\">Tana Editions, Collection Fake or Not, 13,90 euro<\/a><\/strong><\/p>\n<p><a href=\"http:\/\/www.projet-decroissance.net\/?attachment_id=2790\" rel=\"attachment wp-att-2790\"><img loading=\"lazy\" decoding=\"async\" class=\" wp-image-2790 alignleft\" src=\"http:\/\/www.projet-decroissance.net\/wp-content\/uploads\/2021\/09\/Liegey-Decroissance-Tana-fake-or-not.jpg\" alt=\"\" width=\"362\" height=\"526\" srcset=\"http:\/\/www.projet-decroissance.net\/wp-content\/uploads\/2021\/09\/Liegey-Decroissance-Tana-fake-or-not.jpg 530w, http:\/\/www.projet-decroissance.net\/wp-content\/uploads\/2021\/09\/Liegey-Decroissance-Tana-fake-or-not-206x300.jpg 206w\" sizes=\"auto, (max-width: 362px) 100vw, 362px\" \/><\/a>D\u00e9terminer s\u2019il est encore possible et souhaitable d\u2019appuyer sur l\u2019acc\u00e9l\u00e9rateur de l\u2019\u00e9conomie mondiale est aujourd\u2019hui une question majeure. Concilier la pr\u00e9servation de la plan\u00e8te et la course \u00e0 la croissance avec le d\u00e9veloppement durable ne rel\u00e8ve pas de l\u2019\u00e9vidence, et dire de la d\u00e9croissance qu\u2019elle ne peut que mener \u00e0 la r\u00e9cession, \u00e0 l\u2019anarchie et \u00e0 la fin de toute innovation est au contraire trop simpliste. Pour d\u00e9m\u00ealer le vrai du faux, le chercheur expert sur la d\u00e9croissance <a href=\"http:\/\/www.projet-decroissance.net\/?page_id=28\" target=\"_blank\" rel=\"noopener\">Vincent Liegey<\/a> r\u00e9sume les vrais ordres de grandeur et explique les notions cl\u00e9s pour permettre \u00e0 chacun de se saisir de ce sujet clivant et d\u2019en d\u00e9battre, dans toute sa complexit\u00e9.<\/p>\n<p>Vincent Liegey est ing\u00e9nieur, chercheur interdisciplinaire sp\u00e9cialiste de la d\u00e9croissance, essayiste et conf\u00e9rencier. Il est coauteur du livre <a href=\"http:\/\/www.projet-decroissance.net\/\" target=\"_blank\" rel=\"noopener\">Un projet de d\u00e9croissance<\/a> et a publi\u00e9 avec Anitra Nelson <a href=\"https:\/\/www.plutobooks.com\/9780745342023\/exploring-degrowth\/\" target=\"_blank\" rel=\"noopener\">Exploring Degrowth, a critical guide<\/a>, chez Pluto Press. Il vit \u00e0 Budapest, o\u00f9 il coordonne <a href=\"http:\/\/cargonomia.hu\/category\/francais\/?lang=en\" target=\"_blank\" rel=\"noopener\">Cargonomia<\/a>, un centre de recherche et d\u2019exp\u00e9rimentation sur la d\u00e9croissance, qui place le v\u00e9lo cargo au coeur d\u2019un dispositif de circuit court alimentaire.<\/p>\n<p><!--more--><\/p>\n<div style=\"width: 640px;\" class=\"wp-video\"><!--[if lt IE 9]><script>document.createElement('video');<\/script><![endif]-->\n<video class=\"wp-video-shortcode\" id=\"video-2789-1\" width=\"640\" height=\"640\" preload=\"metadata\" controls=\"controls\"><source type=\"video\/mp4\" src=\"http:\/\/www.projet-decroissance.net\/wp-content\/uploads\/2021\/09\/Decroissance-Liegey-Vincent-Tana-Fake-or-not.mp4?_=1\" \/><a href=\"http:\/\/www.projet-decroissance.net\/wp-content\/uploads\/2021\/09\/Decroissance-Liegey-Vincent-Tana-Fake-or-not.mp4\">http:\/\/www.projet-decroissance.net\/wp-content\/uploads\/2021\/09\/Decroissance-Liegey-Vincent-Tana-Fake-or-not.mp4<\/a><\/video><\/div>\n<p>&nbsp;<\/p>\n<p>Le livre, comme la D\u00e9croissance, est comment\u00e9 et pr\u00e9sent\u00e9 tous les jours dans les m\u00e9dias, voici une liste non exhaustive des interviews et d\u00e9bats autour de celui-ci :<\/p>\n<ul>\n<li><a href=\"https:\/\/www.franceinter.fr\/emissions\/la-terre-au-carre\/la-terre-au-carre-du-mardi-14-septembre-2021\" target=\"_blank\" rel=\"noopener\" data-saferedirecturl=\"https:\/\/www.google.com\/url?q=https:\/\/www.franceinter.fr\/emissions\/la-terre-au-carre\/la-terre-au-carre-du-mardi-14-septembre-2021&amp;source=gmail&amp;ust=1632820794105000&amp;usg=AFQjCNE7Bh_v7mox7d6dOfDpP3RElOAaYw\">Dans la Terre au Carr\u00e9 sur France Inter<\/a><\/li>\n<li><a href=\"https:\/\/www.rfi.fr\/fr\/podcasts\/c-est-pas-du-vent\/20210917-la-d%C3%A9croissance-un-projet-de-soci%C3%A9t%C3%A9-d%C3%A9sirable-pour-tous\" target=\"_blank\" rel=\"noopener\" data-saferedirecturl=\"https:\/\/www.google.com\/url?q=https:\/\/www.rfi.fr\/fr\/podcasts\/c-est-pas-du-vent\/20210917-la-d%25C3%25A9croissance-un-projet-de-soci%25C3%25A9t%25C3%25A9-d%25C3%25A9sirable-pour-tous&amp;source=gmail&amp;ust=1632820794105000&amp;usg=AFQjCNEwcMzwrDYWV-OZMo1OIlBiy53Spw\">Dans C&rsquo;est pas du Vent sur RFI<\/a><\/li>\n<\/ul>\n<p><a href=\"http:\/\/www.projet-decroissance.net\/?attachment_id=2807\" rel=\"attachment wp-att-2807\"><img loading=\"lazy\" decoding=\"async\" class=\"alignnone size-full wp-image-2807\" src=\"http:\/\/www.projet-decroissance.net\/wp-content\/uploads\/2021\/09\/Liegey-Decroissance-20-minutes.png\" alt=\"\" width=\"1294\" height=\"736\" srcset=\"http:\/\/www.projet-decroissance.net\/wp-content\/uploads\/2021\/09\/Liegey-Decroissance-20-minutes.png 1294w, http:\/\/www.projet-decroissance.net\/wp-content\/uploads\/2021\/09\/Liegey-Decroissance-20-minutes-300x171.png 300w, http:\/\/www.projet-decroissance.net\/wp-content\/uploads\/2021\/09\/Liegey-Decroissance-20-minutes-1024x582.png 1024w, http:\/\/www.projet-decroissance.net\/wp-content\/uploads\/2021\/09\/Liegey-Decroissance-20-minutes-768x437.png 768w\" sizes=\"auto, (max-width: 1294px) 100vw, 1294px\" \/><\/a><\/p>\n<ul>\n<li><a href=\"https:\/\/www.20minutes.fr\/economie\/3129575-20210922-pauvrete-progres-recession-chercheur-essayiste-vincent-liegey-debunke-idees-recues-decroissance\" target=\"_blank\" rel=\"noopener\" data-saferedirecturl=\"https:\/\/www.google.com\/url?q=https:\/\/www.20minutes.fr\/economie\/3129575-20210922-pauvrete-progres-recession-chercheur-essayiste-vincent-liegey-debunke-idees-recues-decroissance&amp;source=gmail&amp;ust=1632820794105000&amp;usg=AFQjCNEiZ-CGOmGriFj-Xdi37kyECBV6-g\">En vid\u00e9o sur 20 minutes<\/a><\/li>\n<li><a href=\"https:\/\/www.facebook.com\/pangaafr\/videos\/820583255305585\" target=\"_blank\" rel=\"noopener\" data-saferedirecturl=\"https:\/\/www.google.com\/url?q=https:\/\/www.facebook.com\/pangaafr\/videos\/820583255305585&amp;source=gmail&amp;ust=1632820794105000&amp;usg=AFQjCNEoEnKsGgmDnpPnDLRIyks5UCEB8w\">En vid\u00e9o, sur Pang\u00e4a<\/a><\/li>\n<\/ul>\n<p><a href=\"http:\/\/www.projet-decroissance.net\/?attachment_id=2808\" rel=\"attachment wp-att-2808\"><img loading=\"lazy\" decoding=\"async\" class=\"size-full wp-image-2808 aligncenter\" src=\"http:\/\/www.projet-decroissance.net\/wp-content\/uploads\/2021\/09\/Capture-de\u0301cran-2021-09-22-a\u0300-08.23.31.png\" alt=\"\" width=\"1454\" height=\"692\" srcset=\"http:\/\/www.projet-decroissance.net\/wp-content\/uploads\/2021\/09\/Capture-de\u0301cran-2021-09-22-a\u0300-08.23.31.png 1454w, http:\/\/www.projet-decroissance.net\/wp-content\/uploads\/2021\/09\/Capture-de\u0301cran-2021-09-22-a\u0300-08.23.31-300x143.png 300w, http:\/\/www.projet-decroissance.net\/wp-content\/uploads\/2021\/09\/Capture-de\u0301cran-2021-09-22-a\u0300-08.23.31-1024x487.png 1024w, http:\/\/www.projet-decroissance.net\/wp-content\/uploads\/2021\/09\/Capture-de\u0301cran-2021-09-22-a\u0300-08.23.31-768x366.png 768w\" sizes=\"auto, (max-width: 1454px) 100vw, 1454px\" \/><\/a><\/p>\n<p>A HEC Paris, au cours d&rsquo;un d<a href=\"https:\/\/www.youtube.com\/watch?v=ceFALBL7fZg&amp;ab_channel=Esp%27R\" target=\"_blank\" rel=\"noopener\" data-saferedirecturl=\"https:\/\/www.google.com\/url?q=https:\/\/www.youtube.com\/watch?v%3DceFALBL7fZg%26ab_channel%3DEsp%2527R&amp;source=gmail&amp;ust=1632820794105000&amp;usg=AFQjCNF1cEPl1xJ-J-Dd-rdwxM51qSSCzA\">\u00e9bat avec Lucile Schmid et Yannick Jadot<\/a>.<\/p>\n<p>Enfin, retrouver le son de\u00a0<a href=\"https:\/\/soundcloud.com\/radiogroundcontrol\/fake-or-not-lautonomie-alimentaire-et-la-decroissance-en-ville-cest-possible\" target=\"_blank\" rel=\"noopener\" data-saferedirecturl=\"https:\/\/www.google.com\/url?q=https:\/\/soundcloud.com\/radiogroundcontrol\/fake-or-not-lautonomie-alimentaire-et-la-decroissance-en-ville-cest-possible&amp;source=gmail&amp;ust=1632820794105000&amp;usg=AFQjCNG6WzBl7UPbGTPbg66SoJuB0nIvhA\">la soir\u00e9e de lancement de la collection Fake or Not au Ground Control<\/a>\u00a0avec Laure Noualhat et aussi Fr\u00e9d\u00e9ric Wallet, qui publie Manger Demain dans la m\u00eame collection.<\/p>\n<p>Et aussi :<\/p>\n<ul>\n<li><a href=\"https:\/\/www.monde-diplomatique.fr\/2021\/10\/LIEGEY\/63599\" target=\"_blank\" rel=\"noopener\">Eloge de la D\u00e9croissance<\/a>, par Vincent Liegey dans Le Monde Diplomatique d&rsquo;Octobre 2021.<\/li>\n<li><a href=\"https:\/\/www.la-croix.com\/Debats\/radicalite-ecologique-cest-aller-racine-problemes-2021-09-29-1201177972\" target=\"_blank\" rel=\"noopener\">\u00ab La radicalit\u00e9 \u00e9cologique, c\u2019est aller \u00e0 la racine des probl\u00e8mes \u00bb<\/a>, interview dans La Croix.<\/li>\n<li>En podcast avec un focus sur <a href=\"https:\/\/shows.acast.com\/siecle-digital-culture-numerique\/episodes\/vincent-liegey-la-decroissance-et-la-tech\" target=\"_blank\" rel=\"noopener\">D\u00e9croissance et technique.<\/a><\/li>\n<li><a href=\"https:\/\/lepetitjournal.com\/expat-business\/actu-business\/vincent-liegey-decroissance-320772\" target=\"_blank\" rel=\"noopener\">\u00ab La d\u00e9croissance entend responsabiliser les citoyens \u00bb<\/a>, interview dans LePetitJournal.com.<\/li>\n<li>Interview dans <a href=\"https:\/\/www.mouvement-up.fr\/articles\/la-decroissance-propose-daller-vers-une-croissance-soutenable-et-durable\/\" target=\"_blank\" rel=\"noopener\">Mouvement Up<\/a>.<\/li>\n<li>Interview dans l&rsquo;excellent magazine <a href=\"https:\/\/boutique.kaizen-magazine.com\/bimestriels\/685-kaizen-59.html\" target=\"_blank\" rel=\"noopener\">Kaizen<\/a> :<\/li>\n<\/ul>\n<p><a href=\"http:\/\/www.projet-decroissance.net\/?attachment_id=2818\" rel=\"attachment wp-att-2818\"><img loading=\"lazy\" decoding=\"async\" class=\"alignnone wp-image-2818\" src=\"http:\/\/www.projet-decroissance.net\/wp-content\/uploads\/2021\/09\/Capture-de\u0301cran-2021-10-16-a\u0300-13.04.26.png\" alt=\"\" width=\"209\" height=\"278\" srcset=\"http:\/\/www.projet-decroissance.net\/wp-content\/uploads\/2021\/09\/Capture-de\u0301cran-2021-10-16-a\u0300-13.04.26.png 1072w, http:\/\/www.projet-decroissance.net\/wp-content\/uploads\/2021\/09\/Capture-de\u0301cran-2021-10-16-a\u0300-13.04.26-226x300.png 226w, http:\/\/www.projet-decroissance.net\/wp-content\/uploads\/2021\/09\/Capture-de\u0301cran-2021-10-16-a\u0300-13.04.26-770x1024.png 770w, http:\/\/www.projet-decroissance.net\/wp-content\/uploads\/2021\/09\/Capture-de\u0301cran-2021-10-16-a\u0300-13.04.26-768x1022.png 768w\" sizes=\"auto, (max-width: 209px) 100vw, 209px\" \/>\u00a0<\/a><a href=\"http:\/\/www.projet-decroissance.net\/?attachment_id=2817\" rel=\"attachment wp-att-2817\"><img loading=\"lazy\" decoding=\"async\" class=\"alignnone wp-image-2817\" src=\"http:\/\/www.projet-decroissance.net\/wp-content\/uploads\/2021\/09\/Capture-de\u0301cran-2021-10-16-a\u0300-13.05.09.png\" alt=\"\" width=\"353\" height=\"236\" srcset=\"http:\/\/www.projet-decroissance.net\/wp-content\/uploads\/2021\/09\/Capture-de\u0301cran-2021-10-16-a\u0300-13.05.09.png 2132w, http:\/\/www.projet-decroissance.net\/wp-content\/uploads\/2021\/09\/Capture-de\u0301cran-2021-10-16-a\u0300-13.05.09-300x200.png 300w, http:\/\/www.projet-decroissance.net\/wp-content\/uploads\/2021\/09\/Capture-de\u0301cran-2021-10-16-a\u0300-13.05.09-1024x684.png 1024w, http:\/\/www.projet-decroissance.net\/wp-content\/uploads\/2021\/09\/Capture-de\u0301cran-2021-10-16-a\u0300-13.05.09-768x513.png 768w, http:\/\/www.projet-decroissance.net\/wp-content\/uploads\/2021\/09\/Capture-de\u0301cran-2021-10-16-a\u0300-13.05.09-1536x1026.png 1536w, http:\/\/www.projet-decroissance.net\/wp-content\/uploads\/2021\/09\/Capture-de\u0301cran-2021-10-16-a\u0300-13.05.09-2048x1368.png 2048w\" sizes=\"auto, (max-width: 353px) 100vw, 353px\" \/><\/a><\/p>\n<ul>\n<li>Recension dans <a href=\"https:\/\/www.confluences.fr\/2021\/10\/eloge-decroissance-vincent-liegey\/\" target=\"_blank\" rel=\"noopener\">Confluences :<\/a><\/li>\n<\/ul>\n<p><em>\u00ab\u00a0La vertu de cet ouvrage r\u00e9side ainsi dans son approche positive. A sa lecture, on comprend que d\u00e9croissance ne rime pas avec r\u00e9gression m\u00eame si le terme peut pr\u00eater \u00e0 confusion. La d\u00e9croissance apparait ainsi non pas comme un cadre fig\u00e9, mais comme l\u2019occasion de repenser le lien social et d\u2019\u00e9voluer vers plus de solidarit\u00e9. \u00ab La d\u00e9croissance, \u00e7a n\u2019est pas demander aux pauvres de se serrer encore plus la ceinture\u00a0\u00bb explique l\u2019auteur, \u00ab\u00a0plus on est riche, plus consomme, plus on devrait remettre en cause son mode de vie\u00a0\u00bb. \u00ab\u00a0Une soci\u00e9t\u00e9 d\u00e9croissante doit \u00eatre inclusive pour les plus pr\u00e9caires. \u00bb\u00a0\u00bb<\/em><\/p>\n<ul>\n<li>A l&rsquo;honneur dans <a href=\"https:\/\/www.arretsurimages.net\/discussions\/decroissance-oui-il-faut-arreter-amazon\" target=\"_blank\" rel=\"noopener\">Arr\u00eat Sur Images :<\/a><\/li>\n<\/ul>\n<p><a href=\"http:\/\/www.projet-decroissance.net\/?attachment_id=2816\" rel=\"attachment wp-att-2816\"><img loading=\"lazy\" decoding=\"async\" class=\"alignnone size-full wp-image-2816\" src=\"http:\/\/www.projet-decroissance.net\/wp-content\/uploads\/2021\/09\/Capture-de\u0301cran-2021-10-26-a\u0300-09.48.29.png\" alt=\"\" width=\"2544\" height=\"928\" srcset=\"http:\/\/www.projet-decroissance.net\/wp-content\/uploads\/2021\/09\/Capture-de\u0301cran-2021-10-26-a\u0300-09.48.29.png 2544w, http:\/\/www.projet-decroissance.net\/wp-content\/uploads\/2021\/09\/Capture-de\u0301cran-2021-10-26-a\u0300-09.48.29-300x109.png 300w, http:\/\/www.projet-decroissance.net\/wp-content\/uploads\/2021\/09\/Capture-de\u0301cran-2021-10-26-a\u0300-09.48.29-1024x374.png 1024w, http:\/\/www.projet-decroissance.net\/wp-content\/uploads\/2021\/09\/Capture-de\u0301cran-2021-10-26-a\u0300-09.48.29-768x280.png 768w, http:\/\/www.projet-decroissance.net\/wp-content\/uploads\/2021\/09\/Capture-de\u0301cran-2021-10-26-a\u0300-09.48.29-1536x560.png 1536w, http:\/\/www.projet-decroissance.net\/wp-content\/uploads\/2021\/09\/Capture-de\u0301cran-2021-10-26-a\u0300-09.48.29-2048x747.png 2048w\" sizes=\"auto, (max-width: 2544px) 100vw, 2544px\" \/><\/a><\/p>\n<ul>\n<li>En d\u00e9bat dans <a href=\"https:\/\/www.arte.tv\/fr\/videos\/106453-002-A\/cop26-face-a-la-crise-climatique-croissance-verte-ou-decroissance\/\" target=\"_blank\" rel=\"noopener\">28 minutes sur Arte<\/a> :<\/li>\n<\/ul>\n<p><a href=\"http:\/\/www.projet-decroissance.net\/?attachment_id=2833\" rel=\"attachment wp-att-2833\"><img loading=\"lazy\" decoding=\"async\" class=\"alignnone wp-image-2833\" src=\"http:\/\/www.projet-decroissance.net\/wp-content\/uploads\/2021\/09\/252705680_1359349524517089_2598441366530009756_n.jpg\" alt=\"\" width=\"531\" height=\"531\" srcset=\"http:\/\/www.projet-decroissance.net\/wp-content\/uploads\/2021\/09\/252705680_1359349524517089_2598441366530009756_n.jpg 1080w, http:\/\/www.projet-decroissance.net\/wp-content\/uploads\/2021\/09\/252705680_1359349524517089_2598441366530009756_n-300x300.jpg 300w, http:\/\/www.projet-decroissance.net\/wp-content\/uploads\/2021\/09\/252705680_1359349524517089_2598441366530009756_n-1024x1024.jpg 1024w, http:\/\/www.projet-decroissance.net\/wp-content\/uploads\/2021\/09\/252705680_1359349524517089_2598441366530009756_n-150x150.jpg 150w, http:\/\/www.projet-decroissance.net\/wp-content\/uploads\/2021\/09\/252705680_1359349524517089_2598441366530009756_n-768x768.jpg 768w\" sizes=\"auto, (max-width: 531px) 100vw, 531px\" \/><\/a><\/p>\n<ul>\n<li>Sur <a href=\"https:\/\/www.blast-info.fr\/articles\/2021\/en-finir-avec-les-idees-recues-sur-la-decroissance-hXQluQT5Sc6eUmuLdwey6Q\" target=\"_blank\" rel=\"noopener\">Blast<\/a> : En finir avec les id\u00e9es re\u00e7ues sur la d\u00e9croissance.<\/li>\n<\/ul>\n<p><a href=\"http:\/\/www.projet-decroissance.net\/?attachment_id=2827\" rel=\"attachment wp-att-2827\"><img loading=\"lazy\" decoding=\"async\" class=\"alignnone size-full wp-image-2827\" src=\"http:\/\/www.projet-decroissance.net\/wp-content\/uploads\/2021\/09\/Capture-de\u0301cran-2021-12-02-a\u0300-09.26.40.png\" alt=\"\" width=\"2258\" height=\"1156\" srcset=\"http:\/\/www.projet-decroissance.net\/wp-content\/uploads\/2021\/09\/Capture-de\u0301cran-2021-12-02-a\u0300-09.26.40.png 2258w, http:\/\/www.projet-decroissance.net\/wp-content\/uploads\/2021\/09\/Capture-de\u0301cran-2021-12-02-a\u0300-09.26.40-300x154.png 300w, http:\/\/www.projet-decroissance.net\/wp-content\/uploads\/2021\/09\/Capture-de\u0301cran-2021-12-02-a\u0300-09.26.40-1024x524.png 1024w, http:\/\/www.projet-decroissance.net\/wp-content\/uploads\/2021\/09\/Capture-de\u0301cran-2021-12-02-a\u0300-09.26.40-768x393.png 768w, http:\/\/www.projet-decroissance.net\/wp-content\/uploads\/2021\/09\/Capture-de\u0301cran-2021-12-02-a\u0300-09.26.40-1536x786.png 1536w, http:\/\/www.projet-decroissance.net\/wp-content\/uploads\/2021\/09\/Capture-de\u0301cran-2021-12-02-a\u0300-09.26.40-2048x1048.png 2048w\" sizes=\"auto, (max-width: 2258px) 100vw, 2258px\" \/><\/a><\/p>\n<ul>\n<li>Sur <a href=\"https:\/\/information.tv5monde.com\/video\/economie-et-si-la-decroissance-etait-la-solution\" target=\"_blank\" rel=\"noopener\">TV5 Monde<\/a> : Economie : et si la d\u00e9croissance \u00e9tait la solution ?<\/li>\n<\/ul>\n<p><a href=\"http:\/\/www.projet-decroissance.net\/?attachment_id=2830\" rel=\"attachment wp-att-2830\"><img loading=\"lazy\" decoding=\"async\" class=\"alignnone size-full wp-image-2830\" src=\"http:\/\/www.projet-decroissance.net\/wp-content\/uploads\/2021\/09\/Capture-de\u0301cran-2021-12-02-a\u0300-09.40.08.png\" alt=\"\" width=\"1474\" height=\"834\" srcset=\"http:\/\/www.projet-decroissance.net\/wp-content\/uploads\/2021\/09\/Capture-de\u0301cran-2021-12-02-a\u0300-09.40.08.png 1474w, http:\/\/www.projet-decroissance.net\/wp-content\/uploads\/2021\/09\/Capture-de\u0301cran-2021-12-02-a\u0300-09.40.08-300x170.png 300w, http:\/\/www.projet-decroissance.net\/wp-content\/uploads\/2021\/09\/Capture-de\u0301cran-2021-12-02-a\u0300-09.40.08-1024x579.png 1024w, http:\/\/www.projet-decroissance.net\/wp-content\/uploads\/2021\/09\/Capture-de\u0301cran-2021-12-02-a\u0300-09.40.08-768x435.png 768w\" sizes=\"auto, (max-width: 1474px) 100vw, 1474px\" \/><\/a><\/p>\n<ul>\n<li>Le livre a aussi \u00e9t\u00e9\u00a0<a href=\"https:\/\/www.youtube.com\/watch?v=xrPR4ODGT4Q&amp;ab_channel=labaseParis\"><b>en d\u00e9bat \u00e0 la Base<\/b>\u00a0avec L\u00e9na Lazare, porte-parole des Jeunes pour le climat<\/a>.<\/li>\n<li>Retrouver aussi une excellentes\u00a0<a href=\"https:\/\/lareleveetlapeste.fr\/la-decroissance-est-avant-tout-celle-des-inegalites\/\">interview dans le non moins excellent La Rel\u00e8ve et la Peste<\/a>\u00a0:<\/li>\n<\/ul>\n<p style=\"text-align: center;\"><strong>\u00ab La d\u00e9croissance est avant tout celle des in\u00e9galit\u00e9s \u00bb<\/strong><\/p>\n<p style=\"text-align: center;\"><strong>\u00ab\u00a0Plus on est riche, plus la d\u00e9croissance va amener \u00e0 se remettre en question et changer son mode de vie ; plus on est pauvre, et plus la d\u00e9croissance va\u00a0permettre de r\u00e9approprier des espaces de libert\u00e9 et de s\u00e9curit\u00e9.\u00a0\u00bb<\/strong><\/p>\n<ul>\n<li><a href=\"https:\/\/www.la-croix.com\/Debats\/COP26-Nous-faisons-face-limites-notre-modele-civilisation-2021-11-05-1201183801\">Tribune libre dans La Croix<\/a>\u00a0:\u00a0<b>COP26 : \u00ab Nous faisons face aux limites de notre mod\u00e8le de civilisation \u00bb<\/b><\/li>\n<\/ul>\n<p>Enfin, puisque le but d&rsquo;un livre est avant tout de faire vivre les d\u00e9bats, nous remercions toutes les recensions et critiques publi\u00e9es, entre autres, en particulier :<\/p>\n<ul>\n<li><a href=\"https:\/\/blogs.alternatives-economiques.fr\/harribey\/2021\/11\/17\/la-decroissance-de-vincent-liegey-et-le-travail-les-revenus-la-monnaie-etc\" target=\"_blank\" rel=\"noopener\">Jean-Marie Haribey dans Alternatives Economiques<\/a>\u00a0:\u00a0La d\u00e9croissance de Vincent Liegey et le travail, les revenus, la monnaie, etc.<\/li>\n<\/ul>\n<p><a href=\"http:\/\/www.projet-decroissance.net\/?attachment_id=2832\" rel=\"attachment wp-att-2832\"><img loading=\"lazy\" decoding=\"async\" class=\"alignnone size-full wp-image-2832\" src=\"http:\/\/www.projet-decroissance.net\/wp-content\/uploads\/2021\/09\/Capture-de\u0301cran-2021-11-18-a\u0300-15.32.18.png\" alt=\"\" width=\"1580\" height=\"1220\" srcset=\"http:\/\/www.projet-decroissance.net\/wp-content\/uploads\/2021\/09\/Capture-de\u0301cran-2021-11-18-a\u0300-15.32.18.png 1580w, http:\/\/www.projet-decroissance.net\/wp-content\/uploads\/2021\/09\/Capture-de\u0301cran-2021-11-18-a\u0300-15.32.18-300x232.png 300w, http:\/\/www.projet-decroissance.net\/wp-content\/uploads\/2021\/09\/Capture-de\u0301cran-2021-11-18-a\u0300-15.32.18-1024x791.png 1024w, http:\/\/www.projet-decroissance.net\/wp-content\/uploads\/2021\/09\/Capture-de\u0301cran-2021-11-18-a\u0300-15.32.18-768x593.png 768w, http:\/\/www.projet-decroissance.net\/wp-content\/uploads\/2021\/09\/Capture-de\u0301cran-2021-11-18-a\u0300-15.32.18-1536x1186.png 1536w\" sizes=\"auto, (max-width: 1580px) 100vw, 1580px\" \/><\/a><\/p>\n<p style=\"text-align: center;\"><strong>Y a-t-il alors des choses sur lesquelles les r\u00e9serves sont n\u00e9cessaires, de mon point de vue bien s\u00fbr\u00a0?<\/strong><\/p>\n<ul>\n<li><a href=\"https:\/\/ladecroissance.xyz\/2021\/11\/10\/decroissance-dans-la-collection-fake-or-not-par-vincent-liegey\/\" target=\"_blank\" rel=\"noopener\">Michel Lepesant pour la Maison Commune de la D\u00e9croissance<\/a> :<\/li>\n<\/ul>\n<p><strong><a href=\"http:\/\/www.projet-decroissance.net\/?attachment_id=2835\" rel=\"attachment wp-att-2835\"><img loading=\"lazy\" decoding=\"async\" class=\"alignnone size-full wp-image-2835\" src=\"http:\/\/www.projet-decroissance.net\/wp-content\/uploads\/2021\/09\/Capture-de\u0301cran-2021-12-02-a\u0300-09.52.11.png\" alt=\"\" width=\"1820\" height=\"670\" srcset=\"http:\/\/www.projet-decroissance.net\/wp-content\/uploads\/2021\/09\/Capture-de\u0301cran-2021-12-02-a\u0300-09.52.11.png 1820w, http:\/\/www.projet-decroissance.net\/wp-content\/uploads\/2021\/09\/Capture-de\u0301cran-2021-12-02-a\u0300-09.52.11-300x110.png 300w, http:\/\/www.projet-decroissance.net\/wp-content\/uploads\/2021\/09\/Capture-de\u0301cran-2021-12-02-a\u0300-09.52.11-1024x377.png 1024w, http:\/\/www.projet-decroissance.net\/wp-content\/uploads\/2021\/09\/Capture-de\u0301cran-2021-12-02-a\u0300-09.52.11-768x283.png 768w, http:\/\/www.projet-decroissance.net\/wp-content\/uploads\/2021\/09\/Capture-de\u0301cran-2021-12-02-a\u0300-09.52.11-1536x565.png 1536w\" sizes=\"auto, (max-width: 1820px) 100vw, 1820px\" \/><\/a><\/strong><\/p>\n<p style=\"text-align: center;\"><strong>\u00ab\u00a0Autrement dit, le mouvement de la d\u00e9croissance n\u2019a pas fini son travail th\u00e9orique. Et nous avons m\u00eame pu relever dans le livre de Vincent quelques unes de ces pistes qu\u2019il reste \u00e0 approfondir, \u00e0 explorer pour les consolider. Elles se trouvent plut\u00f4t \u00e0 la fin du livre, quand il s\u2019agit d\u2019aller au-del\u00e0 des limites de la croissance\u00a0\u00bb<\/strong><\/p>\n<p style=\"text-align: center;\">&#8230;<\/p>\n<ul>\n<li>Chez <a href=\"https:\/\/mrmondialisation.org\/fake-or-not-en-finir-avec-le-mythe-de-la-croissance\/\">Mr Mondialisation<\/a> : \u201cFake or Not\u201d : en finir avec le mythe de la croissance<\/li>\n<\/ul>\n<h4 style=\"text-align: center;\"><b>Notre si\u00e8cle s\u2019est laiss\u00e9 persuader que la croissance \u00e9conomique \u00e9tait immuable : comme une fatalit\u00e9 inh\u00e9rente \u00e0 notre condition et en dehors de laquelle rien d\u2019autre n\u2019\u00e9tait possible. Pourtant, ce mod\u00e8le est loin de fonctionner. Il est m\u00eame plut\u00f4t en passe de tout broyer autour de lui, sans pr\u00e9avis, \u00e0 l\u2019exception de quelques privil\u00e9gi\u00e9s. Animaux, \u00e9cosyst\u00e8mes, ressources naturelles, paysages, justice, sant\u00e9, lien social, bonheur\u2026 et l\u2019ensemble des populations ; les plus vuln\u00e9rables en premi\u00e8re ligne. Alors pourquoi n\u2019en sort-on pas ? C\u2019est que les pr\u00e9jug\u00e9s ont la dent dure et la d\u00e9sinformation n\u2019arrange rien. Pour y rem\u00e9dier, la collection \u201cFake or Not\u201d des \u00e9ditions Tana s\u2019est donc charg\u00e9e de r\u00e9unir et d\u00e9crypter de mani\u00e8re compl\u00e8te et ultra-document\u00e9e les infos clefs de notre temps. Retour sur ces nouvelles encyclop\u00e9dies du savoir engag\u00e9.<\/b><\/h4>\n<ul>\n<li>Dans <a href=\"https:\/\/www.demain-en-mains.info\/chronique-litt%C3%A9raire-et-si-vous-tentiez-vous-aussi-la-%C2%AB-d%C3%A9croissance-%C2%BB\" target=\"_blank\" rel=\"noopener\">l&rsquo;excellent nouveau m\u00e9dia Demain en mains<\/a> :<\/li>\n<\/ul>\n<p><a href=\"http:\/\/www.projet-decroissance.net\/?attachment_id=2838\" rel=\"attachment wp-att-2838\"><img loading=\"lazy\" decoding=\"async\" class=\"alignnone size-full wp-image-2838\" src=\"http:\/\/www.projet-decroissance.net\/wp-content\/uploads\/2021\/09\/Capture-de\u0301cran-2021-12-02-a\u0300-10.03.28.png\" alt=\"\" width=\"2312\" height=\"1174\" srcset=\"http:\/\/www.projet-decroissance.net\/wp-content\/uploads\/2021\/09\/Capture-de\u0301cran-2021-12-02-a\u0300-10.03.28.png 2312w, http:\/\/www.projet-decroissance.net\/wp-content\/uploads\/2021\/09\/Capture-de\u0301cran-2021-12-02-a\u0300-10.03.28-300x152.png 300w, http:\/\/www.projet-decroissance.net\/wp-content\/uploads\/2021\/09\/Capture-de\u0301cran-2021-12-02-a\u0300-10.03.28-1024x520.png 1024w, http:\/\/www.projet-decroissance.net\/wp-content\/uploads\/2021\/09\/Capture-de\u0301cran-2021-12-02-a\u0300-10.03.28-768x390.png 768w, http:\/\/www.projet-decroissance.net\/wp-content\/uploads\/2021\/09\/Capture-de\u0301cran-2021-12-02-a\u0300-10.03.28-1536x780.png 1536w, http:\/\/www.projet-decroissance.net\/wp-content\/uploads\/2021\/09\/Capture-de\u0301cran-2021-12-02-a\u0300-10.03.28-2048x1040.png 2048w\" sizes=\"auto, (max-width: 2312px) 100vw, 2312px\" \/><\/a><\/p>\n<p><a href=\"https:\/\/anchor.fm\/plansb\/episodes\/Climat-ou-pas-climat--pourquoi-la-DECROISSANCE-e1d0451\" target=\"_blank\" rel=\"noopener\">Grand angle sur la cha\u00eene Plan(s) B<\/a> :<iframe loading=\"lazy\" title=\"YouTube video player\" src=\"https:\/\/www.youtube.com\/embed\/6wwQDHOAQIE\" width=\"560\" height=\"315\" frameborder=\"0\" allowfullscreen=\"allowfullscreen\"><\/iframe><\/p>\n<p><a href=\"https:\/\/www.lecho.be\/opinions\/general\/vincent-liegey-la-nature-humaine-n-est-pas-celle-de-l-homo-economicus\/10358783\" target=\"_blank\" rel=\"noopener\">Interview dans l&rsquo;Echo : \u00ab\u00a0La nature humaine n&rsquo;est pas celle de l&rsquo;homo economicus\u00a0\u00bb<\/a><\/p>\n<p><a href=\"http:\/\/www.projet-decroissance.net\/?attachment_id=2843\" rel=\"attachment wp-att-2843\"><img loading=\"lazy\" decoding=\"async\" class=\"alignnone size-full wp-image-2843\" src=\"http:\/\/www.projet-decroissance.net\/wp-content\/uploads\/2021\/09\/Capture-de\u0301cran-2022-01-17-a\u0300-09.35.55.png\" alt=\"\" width=\"1278\" height=\"602\" srcset=\"http:\/\/www.projet-decroissance.net\/wp-content\/uploads\/2021\/09\/Capture-de\u0301cran-2022-01-17-a\u0300-09.35.55.png 1278w, http:\/\/www.projet-decroissance.net\/wp-content\/uploads\/2021\/09\/Capture-de\u0301cran-2022-01-17-a\u0300-09.35.55-300x141.png 300w, http:\/\/www.projet-decroissance.net\/wp-content\/uploads\/2021\/09\/Capture-de\u0301cran-2022-01-17-a\u0300-09.35.55-1024x482.png 1024w, http:\/\/www.projet-decroissance.net\/wp-content\/uploads\/2021\/09\/Capture-de\u0301cran-2022-01-17-a\u0300-09.35.55-768x362.png 768w\" sizes=\"auto, (max-width: 1278px) 100vw, 1278px\" \/><\/a><br \/>\n&#8230;<\/p>\n<p><a href=\"http:\/\/www.projet-decroissance.net\/?attachment_id=2842\" rel=\"attachment wp-att-2842\"><img loading=\"lazy\" decoding=\"async\" class=\"alignnone size-full wp-image-2842\" src=\"http:\/\/www.projet-decroissance.net\/wp-content\/uploads\/2021\/09\/Capture-de\u0301cran-2022-01-17-a\u0300-09.35.30.png\" alt=\"\" width=\"1306\" height=\"464\" srcset=\"http:\/\/www.projet-decroissance.net\/wp-content\/uploads\/2021\/09\/Capture-de\u0301cran-2022-01-17-a\u0300-09.35.30.png 1306w, http:\/\/www.projet-decroissance.net\/wp-content\/uploads\/2021\/09\/Capture-de\u0301cran-2022-01-17-a\u0300-09.35.30-300x107.png 300w, http:\/\/www.projet-decroissance.net\/wp-content\/uploads\/2021\/09\/Capture-de\u0301cran-2022-01-17-a\u0300-09.35.30-1024x364.png 1024w, http:\/\/www.projet-decroissance.net\/wp-content\/uploads\/2021\/09\/Capture-de\u0301cran-2022-01-17-a\u0300-09.35.30-768x273.png 768w\" sizes=\"auto, (max-width: 1306px) 100vw, 1306px\" \/><\/a><\/p>\n<p>Interview dans Marianne : \u00ab\u00a0<a href=\"https:\/\/www.marianne.net\/agora\/entretiens-et-debats\/vincent-liegey-la-decroissance-invite-a-sortir-democratiquement-de-limpasse-ecologique\" target=\"_blank\" rel=\"noopener\">La d\u00e9croissance invite \u00e0 sortir d\u00e9mocratiquement de l&rsquo;impasse \u00e9cologique<\/a>\u00a0\u00bb<\/p>\n<p><a href=\"http:\/\/www.projet-decroissance.net\/?attachment_id=2856\" rel=\"attachment wp-att-2856\"><img loading=\"lazy\" decoding=\"async\" class=\"alignnone size-full wp-image-2856\" src=\"http:\/\/www.projet-decroissance.net\/wp-content\/uploads\/2021\/09\/Capture-de\u0301cran-2022-04-29-a\u0300-09.29.36.png\" alt=\"\" width=\"1178\" height=\"276\" srcset=\"http:\/\/www.projet-decroissance.net\/wp-content\/uploads\/2021\/09\/Capture-de\u0301cran-2022-04-29-a\u0300-09.29.36.png 1178w, http:\/\/www.projet-decroissance.net\/wp-content\/uploads\/2021\/09\/Capture-de\u0301cran-2022-04-29-a\u0300-09.29.36-300x70.png 300w, http:\/\/www.projet-decroissance.net\/wp-content\/uploads\/2021\/09\/Capture-de\u0301cran-2022-04-29-a\u0300-09.29.36-1024x240.png 1024w, http:\/\/www.projet-decroissance.net\/wp-content\/uploads\/2021\/09\/Capture-de\u0301cran-2022-04-29-a\u0300-09.29.36-768x180.png 768w\" sizes=\"auto, (max-width: 1178px) 100vw, 1178px\" \/><\/a><a href=\"http:\/\/www.projet-decroissance.net\/?attachment_id=2857\" rel=\"attachment wp-att-2857\"><img loading=\"lazy\" decoding=\"async\" class=\"alignnone size-full wp-image-2857\" src=\"http:\/\/www.projet-decroissance.net\/wp-content\/uploads\/2021\/09\/Capture-de\u0301cran-2022-04-29-a\u0300-09.30.13.png\" alt=\"\" width=\"1246\" height=\"832\" srcset=\"http:\/\/www.projet-decroissance.net\/wp-content\/uploads\/2021\/09\/Capture-de\u0301cran-2022-04-29-a\u0300-09.30.13.png 1246w, http:\/\/www.projet-decroissance.net\/wp-content\/uploads\/2021\/09\/Capture-de\u0301cran-2022-04-29-a\u0300-09.30.13-300x200.png 300w, http:\/\/www.projet-decroissance.net\/wp-content\/uploads\/2021\/09\/Capture-de\u0301cran-2022-04-29-a\u0300-09.30.13-1024x684.png 1024w, http:\/\/www.projet-decroissance.net\/wp-content\/uploads\/2021\/09\/Capture-de\u0301cran-2022-04-29-a\u0300-09.30.13-768x513.png 768w\" sizes=\"auto, (max-width: 1246px) 100vw, 1246px\" \/><\/a> <a href=\"http:\/\/www.projet-decroissance.net\/?attachment_id=2858\" rel=\"attachment wp-att-2858\"><img loading=\"lazy\" decoding=\"async\" class=\"alignnone size-full wp-image-2858\" src=\"http:\/\/www.projet-decroissance.net\/wp-content\/uploads\/2021\/09\/Capture-de\u0301cran-2022-04-29-a\u0300-09.30.24.png\" alt=\"\" width=\"1222\" height=\"570\" srcset=\"http:\/\/www.projet-decroissance.net\/wp-content\/uploads\/2021\/09\/Capture-de\u0301cran-2022-04-29-a\u0300-09.30.24.png 1222w, http:\/\/www.projet-decroissance.net\/wp-content\/uploads\/2021\/09\/Capture-de\u0301cran-2022-04-29-a\u0300-09.30.24-300x140.png 300w, http:\/\/www.projet-decroissance.net\/wp-content\/uploads\/2021\/09\/Capture-de\u0301cran-2022-04-29-a\u0300-09.30.24-1024x478.png 1024w, http:\/\/www.projet-decroissance.net\/wp-content\/uploads\/2021\/09\/Capture-de\u0301cran-2022-04-29-a\u0300-09.30.24-768x358.png 768w\" sizes=\"auto, (max-width: 1222px) 100vw, 1222px\" \/><\/a><\/p>\n<p>Interview dans vert.eco : \u00ab <a href=\"https:\/\/vert.eco\/articles\/vincent-liegey-une-majorite-de-personnes-aspire-a-rompre-le-systeme-et-a-aller-vers-des-modes-de-vie-plus-conviviaux\" target=\"_blank\" rel=\"noopener\">Une majorit\u00e9 de personnes aspire \u00e0 rompre le syst\u00e8me et \u00e0 aller vers des modes de vie plus conviviaux<\/a> \u00bb<\/p>\n<p><a href=\"http:\/\/www.projet-decroissance.net\/?attachment_id=2859\" rel=\"attachment wp-att-2859\"><img loading=\"lazy\" decoding=\"async\" class=\"alignnone size-full wp-image-2859\" src=\"http:\/\/www.projet-decroissance.net\/wp-content\/uploads\/2021\/09\/Capture-de\u0301cran-2022-04-29-a\u0300-09.32.56.png\" alt=\"\" width=\"1444\" height=\"1046\" srcset=\"http:\/\/www.projet-decroissance.net\/wp-content\/uploads\/2021\/09\/Capture-de\u0301cran-2022-04-29-a\u0300-09.32.56.png 1444w, http:\/\/www.projet-decroissance.net\/wp-content\/uploads\/2021\/09\/Capture-de\u0301cran-2022-04-29-a\u0300-09.32.56-300x217.png 300w, http:\/\/www.projet-decroissance.net\/wp-content\/uploads\/2021\/09\/Capture-de\u0301cran-2022-04-29-a\u0300-09.32.56-1024x742.png 1024w, http:\/\/www.projet-decroissance.net\/wp-content\/uploads\/2021\/09\/Capture-de\u0301cran-2022-04-29-a\u0300-09.32.56-768x556.png 768w\" sizes=\"auto, (max-width: 1444px) 100vw, 1444px\" \/><\/a><\/p>\n<p>Intervention et d\u00e9bat avec l&rsquo;Obsoco aux journ\u00e9es Alterre Bourgogne-Franche-Comt\u00e9 \u00ab\u00a0<a href=\"https:\/\/youtu.be\/9QUVWLld_Og\" target=\"_blank\" rel=\"noopener\">Quelles pistes pour un mod\u00e8le d\u00e9sirable ?<\/a>\u00a0\u00bb<\/p>\n<p><iframe loading=\"lazy\" title=\"YouTube video player\" src=\"https:\/\/www.youtube.com\/embed\/9QUVWLld_Og\" width=\"560\" height=\"315\" frameborder=\"0\" allowfullscreen=\"allowfullscreen\"><\/iframe><\/p>\n<p>Interview sur Novethic : \u00ab\u00a0<a href=\"https:\/\/www.novethic.fr\/actualite\/economie\/isr-rse\/vincent-liegey-reevaluer-ce-qui-compte-vraiment-ce-qui-nous-rend-heureux-est-au-c-ur-de-la-decroissance-150664.html\" target=\"_blank\" rel=\"noopener\">LA D\u00c9CROISSANCE, C&rsquo;EST SE R\u00c9APPROPRIER LE SENS DES LIMITES ET PASSER \u00c0 L&rsquo;\u00c2GE ADULTE<\/a>\u00a0\u00bb<\/p>\n<p><a href=\"http:\/\/www.projet-decroissance.net\/?attachment_id=2860\" rel=\"attachment wp-att-2860\"><img loading=\"lazy\" decoding=\"async\" class=\"alignnone size-full wp-image-2860\" src=\"http:\/\/www.projet-decroissance.net\/wp-content\/uploads\/2021\/09\/Capture-de\u0301cran-2022-04-29-a\u0300-09.37.29.png\" alt=\"\" width=\"1430\" height=\"652\" srcset=\"http:\/\/www.projet-decroissance.net\/wp-content\/uploads\/2021\/09\/Capture-de\u0301cran-2022-04-29-a\u0300-09.37.29.png 1430w, http:\/\/www.projet-decroissance.net\/wp-content\/uploads\/2021\/09\/Capture-de\u0301cran-2022-04-29-a\u0300-09.37.29-300x137.png 300w, http:\/\/www.projet-decroissance.net\/wp-content\/uploads\/2021\/09\/Capture-de\u0301cran-2022-04-29-a\u0300-09.37.29-1024x467.png 1024w, http:\/\/www.projet-decroissance.net\/wp-content\/uploads\/2021\/09\/Capture-de\u0301cran-2022-04-29-a\u0300-09.37.29-768x350.png 768w\" sizes=\"auto, (max-width: 1430px) 100vw, 1430px\" \/><\/a>Le bar \u00e0 podcasts : \u00ab\u00a0<a href=\"https:\/\/podcast.ausha.co\/le-bar-a-podcasts\/9-vincent-liegey-de-l-urgence-de-ralentir\" target=\"_blank\" rel=\"noopener\">de l&rsquo;urgence de ralentir<\/a>\u00a0\u00bb<br \/>\n<iframe id=\"ausha-Vvx8\" style=\"border: none; width: 100%; height: 220px;\" src=\"https:\/\/player.ausha.co\/index.html?podcastId=b349wsX6W6VB&amp;playlist=false&amp;color=%2372238e&amp;v=3&amp;playerId=ausha-Vvx8\" height=\"220\" frameborder=\"0\"><\/iframe><script src=\"https:\/\/player.ausha.co\/ausha-player.js\"><\/script><br \/>\n&#8230;<\/p>\n","protected":false},"excerpt":{"rendered":"<p>Chez Tana Editions, Collection Fake or Not, 13,90 euro D\u00e9terminer s\u2019il est encore possible et souhaitable d\u2019appuyer sur l\u2019acc\u00e9l\u00e9rateur de l\u2019\u00e9conomie mondiale est aujourd\u2019hui une question majeure. Concilier la pr\u00e9servation de la plan\u00e8te et la course \u00e0 la croissance avec &hellip; <a href=\"http:\/\/www.projet-decroissance.net\/?p=2789\">Continuer la lecture <span class=\"meta-nav\">&rarr;<\/span><\/a><\/p>\n","protected":false},"author":3,"featured_media":2790,"comment_status":"closed","ping_status":"open","sticky":true,"template":"","format":"standard","meta":{"footnotes":""},"categories":[1,7,8],"tags":[13,39,38],"class_list":["post-2789","post","type-post","status-publish","format-standard","has-post-thumbnail","hentry","category-actualites","category-dans-la-presse-et-sur-la-toile","category-multimedias","tag-decroissance","tag-fake-news","tag-livre"],"_links":{"self":[{"href":"http:\/\/www.projet-decroissance.net\/index.php?rest_route=\/wp\/v2\/posts\/2789","targetHints":{"allow":["GET"]}}],"collection":[{"href":"http:\/\/www.projet-decroissance.net\/index.php?rest_route=\/wp\/v2\/posts"}],"about":[{"href":"http:\/\/www.projet-decroissance.net\/index.php?rest_route=\/wp\/v2\/types\/post"}],"author":[{"embeddable":true,"href":"http:\/\/www.projet-decroissance.net\/index.php?rest_route=\/wp\/v2\/users\/3"}],"replies":[{"embeddable":true,"href":"http:\/\/www.projet-decroissance.net\/index.php?rest_route=%2Fwp%2Fv2%2Fcomments&post=2789"}],"version-history":[{"count":22,"href":"http:\/\/www.projet-decroissance.net\/index.php?rest_route=\/wp\/v2\/posts\/2789\/revisions"}],"predecessor-version":[{"id":2880,"href":"http:\/\/www.projet-decroissance.net\/index.php?rest_route=\/wp\/v2\/posts\/2789\/revisions\/2880"}],"wp:featuredmedia":[{"embeddable":true,"href":"http:\/\/www.projet-decroissance.net\/index.php?rest_route=\/wp\/v2\/media\/2790"}],"wp:attachment":[{"href":"http:\/\/www.projet-decroissance.net\/index.php?rest_route=%2Fwp%2Fv2%2Fmedia&parent=2789"}],"wp:term":[{"taxonomy":"category","embeddable":true,"href":"http:\/\/www.projet-decroissance.net\/index.php?rest_route=%2Fwp%2Fv2%2Fcategories&post=2789"},{"taxonomy":"post_tag","embeddable":true,"href":"http:\/\/www.projet-decroissance.net\/index.php?rest_route=%2Fwp%2Fv2%2Ftags&post=2789"}],"curies":[{"name":"wp","href":"https:\/\/api.w.org\/{rel}","templated":true}]}}