{"id":406,"date":"2012-11-29T08:09:10","date_gmt":"2012-11-29T08:09:10","guid":{"rendered":"http:\/\/www.projet-decroissance.net\/?p=406"},"modified":"2012-12-29T21:28:49","modified_gmt":"2012-12-29T21:28:49","slug":"energie-localisation-usages-et-sobriete-dans-rouge-et-vert-des-alternatifs","status":"publish","type":"post","link":"http:\/\/www.projet-decroissance.net\/?p=406","title":{"rendered":"Energie : localisation, usages, et sobri\u00e9t\u00e9 dans \u00ab\u00a0Rouge et Vert\u00a0\u00bb des Alternatifs"},"content":{"rendered":"<p><a href=\"http:\/\/www.alternatifs.org\/spip\/rouge-et-vert-no328\"><img loading=\"lazy\" decoding=\"async\" class=\"alignleft\" alt=\"\" src=\"http:\/\/www.alternatifs.org\/spip\/local\/cache-vignettes\/L143xH200\/arton819-35694.jpg\" width=\"143\" height=\"200\" \/><\/a><strong>Les Objecteurs de Croissance cherchent des r\u00e9ponses communes \u00e0 des enjeux qui peuvent para\u00eetre avoir des solutions incompatibles (1). <\/strong><br \/>\n&#8211; Lutter contre les in\u00e9galit\u00e9s sociales : nord\/sud, ainsi que dans chaque territoire,<br \/>\n&#8211; Echapper aux p\u00e9rils environnementaux : d\u00e9pl\u00e9tion des ressources, rapidit\u00e9 du changement climatique, et pollutions,<br \/>\n&#8211; Retrouver le sens de nos vies : ali\u00e9nation au travail, frustrations de la soci\u00e9t\u00e9 consum\u00e9riste, culture concurrentielle, d\u00e9cisions qui \u00e9chappent aux citoyens, adaptation au techno-scientisme, etc&#8230;<!--more--><\/p>\n<p>La question \u00e9nerg\u00e9tique est au centre des ces probl\u00e9matiques. Notre mode de soci\u00e9t\u00e9 consum\u00e9riste est dans une impasse : pillage des pays riches en ressources, gaspillage et pollutions.<br \/>\nLe nucl\u00e9aire, qui nous a \u00e9t\u00e9 impos\u00e9 sans concertation, est un alli\u00e9 z\u00e9l\u00e9 du capitalisme qui incarne \u00e0 la fois la d\u00e9mesure humaine, sa folie et son irresponsabilit\u00e9.<br \/>\nSi les \u00e9nergies renouvelables sont pr\u00e9sent\u00e9es comme une option pour faire face \u00e0 la d\u00e9pl\u00e9tion p\u00e9troli\u00e8re, elles ne permettront pas de le compenser compl\u00e8tement. Le techno-scientisme ne nous sauvera pas, et la voie \u00ab verte \u00bb du capitalisme ne sera ni durable, ni souhaitable.<\/p>\n<p>Face \u00e0 ce constat dramatique, notre devoir est d&rsquo;agir et de proposer d&rsquo;autres modes de vie, et de faire pression sur les pouvoirs publics, afin d&rsquo;enclencher une politique publique \u00e9nerg\u00e9tique vertueuse et responsable fond\u00e9e sur la sobri\u00e9t\u00e9, le sens, des choix d\u00e9mocratiques, la relocalisation, ou encore le ralentissement.<\/p>\n<p style=\"text-align: center;\"><strong>Relocaliser<\/strong><\/p>\n<p>Les objecteurs de croissance pr\u00f4nent une reconversion industrielle, d\u00e9centralis\u00e9e et \u00e9mancip\u00e9e des superstitions scientistes et \u00e9conomistes.<br \/>\nNous proposons une civilisation organis\u00e9e autour de centres de production de taille r\u00e9duite. Nous pr\u00f4nons une r\u00e9duction du gaspillage de l\u2019\u00e9nergie, avec l\u2019adoption g\u00e9n\u00e9ralis\u00e9e des \u00e9nergies renouvelables, avec des petites unit\u00e9s de production. Citons l\u2019\u00e9olien, le solaire, l\u2019hydro\u00e9lectrique, la biomasse, les courants marins, la houle.<br \/>\nIl faudra naturellement contr\u00f4ler l\u2019impact environnemental de ces solutions depuis la conception jusqu\u2019\u00e0 la fin de la vie et au traitement de leurs d\u00e9chets, afin de ne pas remplacer un probl\u00e8me par un autre.<\/p>\n<p style=\"text-align: center;\"><strong>D\u00e9coloniser l\u2019imaginaire<\/strong><\/p>\n<p>Il s\u2019agit surtout de responsabiliser les individus via le rapport d\u2019usage ; il s\u2019oppose au rapport de consommation et d\u2019accumulation. Le principe de gratuit\u00e9 de l\u2019usage simple et du rench\u00e9rissement du m\u00e9susage est essentiel pour limiter le gaspillage, dans le domaine des biens communs. Ce syst\u00e8me de facturation est d\u00e9j\u00e0 exp\u00e9riment\u00e9 pour l\u2019eau.<br \/>\nDe m\u00eame, l\u2019acc\u00e8s \u00e0 la gratuit\u00e9 aux transports publics de proximit\u00e9 pour tous, accompagn\u00e9 d\u2019un rench\u00e9rissement du m\u00e9susage des transports, rendrait la question \u00ab de la cause des d\u00e9placements \u00bb prioritaire \u00e0 celles des \u00ab moyens \u00bb. Cela contribuerait largement \u00e0 la diminution de l\u2019usage de la voiture et par l\u00e0 m\u00eame \u00e0 une diminution importante de la consommation.<\/p>\n<p style=\"text-align: center;\"><strong>La d\u00e9mocratisation des choix publics<\/strong><\/p>\n<p>Les limites entre le bon-usage et le m\u00e9susage ne peuvent pas \u00eatre d\u00e9cr\u00e9t\u00e9es arbitrairement par des gouvernants. Ces questions doivent faire l\u2019objet de d\u00e9bats citoyens, participatifs et locaux. Il est plus impliquant de d\u00e9cider directement des moyens de partager les ressources que de personnaliser les \u00e9lections autour d\u2019individus (2).<br \/>\nD\u00e9mocratiser les choix publics impose n\u00e9cessairement une nouvelle organisation sociale, l&rsquo;ind\u00e9pendance des m\u00e9dias et une limitation drastique de la publicit\u00e9.<\/p>\n<p>Le d\u00e9bat ne doit pas uniquement porter sur l\u2019usage, mais aussi sur les moyens. En France, le lobby pro-nucl\u00e9aire a \u00e9t\u00e9 assez puissant pour imposer le nucl\u00e9aire en privant les citoyens d\u2019un d\u00e9bat. Maintenant, apr\u00e8s quelques d\u00e9cennies, la majorit\u00e9 des organisations politiques et associatives qui ont acc\u00e8s aux m\u00e9dias, restent, en France dans l\u2019imaginaire du mode de vie consum\u00e9riste actuel : un \u00e9ventuel d\u00e9bat risquerait d\u2019\u00eatre biais\u00e9 puisque les questions de l\u2019usage et des modes de vies n\u2019y trouveraient pas leur place.<\/p>\n<p style=\"text-align: center;\"><strong>Sortir du nucl\u00e9aire : une urgence pour notre s\u00e9curit\u00e9<\/strong><\/p>\n<p>Pour en finir avec le risque nucl\u00e9aire, avec sa prolif\u00e9ration, et avec la porosit\u00e9 des parois entre les parois entre le nucl\u00e9aire civil et le nucl\u00e9aire militaire ; la sortie du nucl\u00e9aire s\u2019impose.<\/p>\n<p>Depuis 1979 on compte en France environ 700 \u00ab \u00e9v\u00e8nements significatifs pour la s\u00fbret\u00e9 par an \u00bb, une tendance fortement \u00e0 la hausse depuis 2005. La pression \u00e9conomique li\u00e9e \u00e0 la lib\u00e9ralisation, et la financiarisation des march\u00e9s, rongent les marges de s\u00fbret\u00e9. La probabilit\u00e9 d\u2019accident nucl\u00e9aire augmente consid\u00e9rablement. De plus, on ne peut pas g\u00e9rer l\u2019apr\u00e8s accident.<\/p>\n<p>Mais on ne peut construire les 120000 \u00e9oliennes industrielles qui permettraient de remplacer le nucl\u00e9aire en quelques ann\u00e9es, ni couvrir la France de panneaux photovolta\u00efques. La seule possibilit\u00e9 est de faire fonctionner les centrales thermiques fossiles qui ne sont utilis\u00e9es que pendant les p\u00e9riodes de pointe. Comme la plupart des autres pays dans le monde.<\/p>\n<p>Qu\u2019en serait-il alors de l\u2019augmentation pr\u00e9visible des gaz \u00e0 effet de serre ?<br \/>\nLa contribution des transports \u00e0 la production des gaz \u00e0 effet de serre est le double de celle de la production d\u2019\u00e9lectricit\u00e9 : aussi une r\u00e9duction de 10 % de l\u2019un aura un effet de 1,3 % pour la contribution \u00e0 l\u2019\u00e9lectricit\u00e9, contre 2,6 % pour les transports. R\u00e9duisons surtout les transports sur route.<br \/>\nDeuxi\u00e8me \u00e9l\u00e9ment important : le nucl\u00e9aire est marginal dans le monde en ce qui concerne la consommation d\u2019\u00e9nergie primaire (5 %) aussi le remplacer par du thermique fossile ne devrait pas g\u00e9n\u00e9rer beaucoup plus de gaz \u00e0 effet de serre.<\/p>\n<p>La question des d\u00e9chets reste enti\u00e8re &#8230;<\/p>\n<p style=\"text-align: center;\"><strong>Une fois sorti du nucl\u00e9aire il faudra sortir du fossile&#8230; et de la centralit\u00e9 de la valeur travail<\/strong><\/p>\n<p>La sortie du fossile est un enjeu de civilisation, car on en revient aux \u00e9conomies d\u2019\u00e9nergie qui sont coupl\u00e9es avec une r\u00e9duction de la production des biens mat\u00e9riels. Se pose alors le probl\u00e8me des emplois salari\u00e9s dont chacun est d\u00e9pendant pour survivre. Peu importe la qualit\u00e9 de l\u2019emploi, il faut un emploi !<\/p>\n<p>Pour sortir du fossile, cassons les hyper-connexions entre l\u2019acc\u00e8s aux ressources fondamentales et l\u2019obligation d\u2019avoir acc\u00e8s \u00e0 des emplois (qui sont structurellement rares)<\/p>\n<p>Un des outils \u00e9conomiques et sociaux susceptibles d&rsquo;initier cette transition, est l&rsquo;instauration d&rsquo;une Dotation Inconditionnelle d&rsquo;Autonomie (DIA) coupl\u00e9 \u00e0 un revenu maximum autoris\u00e9 (RMA) (3). Il a pour objectif de faire d\u00e9cro\u00eetre les in\u00e9galit\u00e9s, de sortir du capitalisme et du productivisme, de se d\u00e9sali\u00e9ner du travail, d&rsquo;imaginer un autre rapport \u00e0 l&rsquo;argent tout en mettant en exergue d&rsquo;autres comportements, de relocaliser.<\/p>\n<p>(1) <a href=\"http:\/\/www.decroissance2012.fr\/?p=127\">http:\/\/www.decroissance2012.fr\/?p=127<\/a><br \/>\n(2) <a href=\"http:\/\/www.decroissance2012.fr\/?page_id=84\">http:\/\/www.decroissance2012.fr\/?page_id=84<\/a><br \/>\n(3) <a href=\"http:\/\/www.partipourladecroissance.net\/?p=4144\">http:\/\/www.partipourladecroissance.net\/?p=4144<\/a> &#8211; <a href=\"http:\/\/www.partipourladecroissance.net\/?p=6263\">http:\/\/www.partipourladecroissance.net\/?p=6263<\/a><\/p>\n<p><strong>source <\/strong>: <a href=\"http:\/\/www.alternatifs.org\/spip\/rouge-et-vert-no328\">http:\/\/www.alternatifs.org\/spip\/rouge-et-vert-no328<\/a><\/p>\n<p><strong>fichier pdf<\/strong> : <a href=\"http:\/\/www.alternatifs.org\/spip\/IMG\/pdf_rouge_vert328.pdf\">http:\/\/www.alternatifs.org\/spip\/IMG\/pdf_rouge_vert328.pdf<\/a><\/p>\n<p style=\"text-align: right;\">Publi\u00e9 en juillet 2011<\/p>\n","protected":false},"excerpt":{"rendered":"<p>Les Objecteurs de Croissance cherchent des r\u00e9ponses communes \u00e0 des enjeux qui peuvent para\u00eetre avoir des solutions incompatibles (1). &#8211; Lutter contre les in\u00e9galit\u00e9s sociales : nord\/sud, ainsi que dans chaque territoire, &#8211; Echapper aux p\u00e9rils environnementaux : d\u00e9pl\u00e9tion des &hellip; <a href=\"http:\/\/www.projet-decroissance.net\/?p=406\">Continuer la lecture <span class=\"meta-nav\">&rarr;<\/span><\/a><\/p>\n","protected":false},"author":4,"featured_media":0,"comment_status":"closed","ping_status":"open","sticky":false,"template":"","format":"standard","meta":{"footnotes":""},"categories":[7],"tags":[15,20,19],"class_list":["post-406","post","type-post","status-publish","format-standard","hentry","category-dans-la-presse-et-sur-la-toile","tag-energie","tag-relocalisation","tag-transport"],"_links":{"self":[{"href":"http:\/\/www.projet-decroissance.net\/index.php?rest_route=\/wp\/v2\/posts\/406","targetHints":{"allow":["GET"]}}],"collection":[{"href":"http:\/\/www.projet-decroissance.net\/index.php?rest_route=\/wp\/v2\/posts"}],"about":[{"href":"http:\/\/www.projet-decroissance.net\/index.php?rest_route=\/wp\/v2\/types\/post"}],"author":[{"embeddable":true,"href":"http:\/\/www.projet-decroissance.net\/index.php?rest_route=\/wp\/v2\/users\/4"}],"replies":[{"embeddable":true,"href":"http:\/\/www.projet-decroissance.net\/index.php?rest_route=%2Fwp%2Fv2%2Fcomments&post=406"}],"version-history":[{"count":5,"href":"http:\/\/www.projet-decroissance.net\/index.php?rest_route=\/wp\/v2\/posts\/406\/revisions"}],"predecessor-version":[{"id":506,"href":"http:\/\/www.projet-decroissance.net\/index.php?rest_route=\/wp\/v2\/posts\/406\/revisions\/506"}],"wp:attachment":[{"href":"http:\/\/www.projet-decroissance.net\/index.php?rest_route=%2Fwp%2Fv2%2Fmedia&parent=406"}],"wp:term":[{"taxonomy":"category","embeddable":true,"href":"http:\/\/www.projet-decroissance.net\/index.php?rest_route=%2Fwp%2Fv2%2Fcategories&post=406"},{"taxonomy":"post_tag","embeddable":true,"href":"http:\/\/www.projet-decroissance.net\/index.php?rest_route=%2Fwp%2Fv2%2Ftags&post=406"}],"curies":[{"name":"wp","href":"https:\/\/api.w.org\/{rel}","templated":true}]}}