{"id":415,"date":"2012-11-29T08:29:25","date_gmt":"2012-11-29T08:29:25","guid":{"rendered":"http:\/\/www.projet-decroissance.net\/?p=415"},"modified":"2012-12-29T08:30:22","modified_gmt":"2012-12-29T08:30:22","slug":"reveoltons-nous","status":"publish","type":"post","link":"http:\/\/www.projet-decroissance.net\/?p=415","title":{"rendered":"R\u00eav(e)oltons-nous !"},"content":{"rendered":"<p><img loading=\"lazy\" decoding=\"async\" class=\"alignleft\" style=\"margin: 8px;\" src=\"http:\/\/www.ladecroissance.net\/images\/journal78_pe.jpg\" alt=\"\" width=\"120\" height=\"156\" \/>D\u00e9bat dans le <a href=\"http:\/\/www.ladecroissance.net\/?chemin=journal&amp;numero=78\">journal de la joie de vivre de mars 2011 (n\u00b078)<\/a> avec Serge Latouche, Philippe Corcuff et Anne-Isabelle Veillot<\/p>\n<p style=\"text-align: center;\"><strong>Voici la contribution du Parti Pour La D\u00e9croissance<\/strong><\/p>\n<p style=\"text-align: left;\">Les r\u00e9cents \u00e9v\u00e8nements se d\u00e9roulant en Afrique du nord et au Moyen-Orient ont montr\u00e9 que la volont\u00e9 populaire est encore capable d&rsquo;avoir une prise sur des pouvoirs politiques soutenus par l&rsquo;oligarchie. Ces populations ont su prendre en main leur destin et faire le choix de la d\u00e9mocratie. M\u00eame si le projet de D\u00e9croissance ne se retrouve pas au centre des revendications de ces soul\u00e8vements, on ne peut que les soutenir et saluer la volont\u00e9 de ces peuples de se r\u00e9approprier leurs choix de vie.<\/p>\n<p>La f\u00eate et l&rsquo;enthousiasme, faute de projet alternatif soutenable mais surtout souhaitable, risque de tourner court. En effet, ces r\u00e9volutions courent malheureusement le risque de participer \u00e0 l\u2019uniformisation du monde autour de la soci\u00e9t\u00e9 de croissance qui fait de nous des travailleurs-consommateurs compulsifs, engourdis par la publicit\u00e9 et la t\u00e9l\u00e9vision.<!--more--><\/p>\n<p>Les motifs de r\u00e9voltes en Occident ne manquent \u00e9galement pas. Le saccage exponentiel et programm\u00e9 (extractions des gaz et huiles de schistes, OGM, etc.) de la nature, l&rsquo;augmentation des in\u00e9galit\u00e9s sociales, la rar\u00e9faction des mati\u00e8res premi\u00e8res et l&rsquo;augmentation de leur prix, ainsi que de celui des denr\u00e9es de premi\u00e8re n\u00e9cessit\u00e9, le m\u00e9pris affich\u00e9 de la caste dirigeante pour la population forment un tableau explosif depuis plusieurs ann\u00e9es.<\/p>\n<p>La hausse continue des prix, li\u00e9e \u00e0 la sp\u00e9culation mais surtout \u00e0 l&rsquo;\u00e9puisement d&rsquo;un certain nombre de mati\u00e8res premi\u00e8res (1), va vraisemblablement, comme en 2008, toucher les plus faibles et entra\u00eener une forte r\u00e9cession, voire des r\u00e9voltes de la faim, ici-m\u00eame en Europe, et risque de cristalliser tous les m\u00e9contentements pour d\u00e9boucher sur un mouvement populaire, comme on le voit actuellement de l&rsquo;autre c\u00f4t\u00e9 de la M\u00e9diterran\u00e9e.<\/p>\n<p>Cet esprit de r\u00e9volte a plus de chance de conqu\u00e9rir tous les ind\u00e9cis qui, touch\u00e9s directement dans leur confort, vont enfin se mobiliser car il est toujours plus facile de \u00ab s&rsquo;unir contre \u00bb que s&rsquo;unir autour d&rsquo;un projet dans une difficile recherche de consensus.<\/p>\n<p>Dans cette configuration, ce n&rsquo;est pas forc\u00e9ment le syst\u00e8me croissanciste qui serait remis en cause mais seulement ses exc\u00e8s et ses outrances. D&rsquo;autant plus qu&rsquo;on ne peut ignorer le danger qui guette tout acte rapide et incontr\u00f4lable comme une r\u00e9volte : la r\u00e9cup\u00e9ration par l&rsquo;extr\u00eame-droite qui parvient toujours \u00e0 s\u00e9duire en temps de crise par le repli sur soi et la d\u00e9signation d&rsquo;un ennemi externe \u00e0 sa d\u00e9finition de la soci\u00e9t\u00e9.<\/p>\n<p>Une crise provoque frustration et appelle \u00e0 la violence et \u00e0 la recherche de coupables. L&rsquo;enjeu aujourd&rsquo;hui pour la D\u00e9croissance est de cr\u00e9er de la r\u00e9flexion, du recul et de l&rsquo;analyse l\u00e0 o\u00f9 il y a frustration et col\u00e8re, et de cr\u00e9er de la solidarit\u00e9, des liens sociaux et humains l\u00e0 o\u00f9 la droite cherche \u00e0 diviser en d\u00e9signant des boucs \u00e9missaires. A nous de maintenir une aspiration au partage et \u00e0 la convivialit\u00e9 fond\u00e9e sur une compr\u00e9hension sans concession des causes de la crise.<\/p>\n<p>Mais, les projets de D\u00e9croissance demandent une prise de conscience et un temps de r\u00e9flexion qui ne sont pas adapt\u00e9s au bouleversement rapide que constitue une r\u00e9volte. Ces id\u00e9aux remettent en cause les fondements de notre soci\u00e9t\u00e9 de croissance dans toutes les sph\u00e8res de notre vie quotidienne : individuelle, familiale, collective et politique. Pour convaincre, il faut laisser \u00e0 la pens\u00e9e critique le temps de faire son travail pour atteindre la masse critique.<\/p>\n<p>Pour autant, \u00eatre objecteur de croissance, c&rsquo;est d\u00e9j\u00e0 se r\u00e9volter au quotidien : \u00eatre dans la simplicit\u00e9 volontaire, participer \u00e0 une alternative concr\u00e8te, colporter la D\u00e9croissance \u00e0 travers des livres, un journal, des actions, une participation \u00e0 des \u00e9lections, ce sont d\u00e9j\u00e0 des actes de r\u00e9sistance au syst\u00e8me croissanciste. Cette r\u00e9volte s&rsquo;inscrit dans une r\u00e9flexion qui guide l&rsquo;action.<\/p>\n<p>Aujourd&rsquo;hui, l&rsquo;enjeu est plus que jamais entre D\u00e9croissance ou barbarie.<\/p>\n<p>Si, comme Herv\u00e9 Kempf, nous pensons qu&rsquo;il faut en finir avec l&rsquo;oligarchie, nous restons conscients que cela n&rsquo;est pas suffisant. Ainsi, la D\u00e9croissance, dans son r\u00f4le de poil \u00e0 gratter id\u00e9ologique, en s&rsquo;appuyant aussi sur ses alternatives concr\u00e8tes et ses r\u00e9flexions autour d&rsquo;un projet politique, doit \u00eatre pr\u00e9sente pour \u00e0 la fois expliquer l&rsquo;origine des crises pr\u00e9sentes et \u00e0 venir, et proposer des pistes de sortie, de transition vers de nouveaux projets de soci\u00e9t\u00e9s soutenables et souhaitables.<\/p>\n<p>Afin d\u2019obtenir une am\u00e9lioration imm\u00e9diate de notre situation d\u00e9mocratique, un soul\u00e8vement populaire, m\u00eame si l&rsquo;on ne peut pr\u00e9voir \u00e0 quoi il aboutirait pr\u00e9cis\u00e9ment, peut repr\u00e9senter une \u00e9tape vers une soci\u00e9t\u00e9 de D\u00e9croissance. Alors, laissons surgir l&rsquo;espoir d&rsquo;une soci\u00e9t\u00e9 meilleure et prenons en main notre destin !<\/p>\n<p><em><strong>Anne-Isabelle Veillot,<\/strong> co-candidate aux \u00e9lections cantonales avec Yvelines-D\u00e9croissance<br \/>\n<a href=\"http:\/\/www.partipourladecroissance.net\/?cat=38\">http:\/\/www.partipourladecroissance.net\/?cat=38<\/a><br \/>\nTexte r\u00e9dig\u00e9 collectivement<\/em><\/p>\n<p>(1) \u00ab Une r\u00e9cession temporaire\u2026 ou la fin de la croissance ? \u00bb, texte de Richard Heinberg,<br \/>\n<a href=\"http:\/\/www.partipourladecroissance.net\/?p=4425\">http:\/\/www.partipourladecroissance.net\/?p=4425<\/a> et aussi dans la D\u00e9croissance de septembre 2010<\/p>\n","protected":false},"excerpt":{"rendered":"<p>D\u00e9bat dans le journal de la joie de vivre de mars 2011 (n\u00b078) avec Serge Latouche, Philippe Corcuff et Anne-Isabelle Veillot Voici la contribution du Parti Pour La D\u00e9croissance Les r\u00e9cents \u00e9v\u00e8nements se d\u00e9roulant en Afrique du nord et au &hellip; <a href=\"http:\/\/www.projet-decroissance.net\/?p=415\">Continuer la lecture <span class=\"meta-nav\">&rarr;<\/span><\/a><\/p>\n","protected":false},"author":4,"featured_media":0,"comment_status":"closed","ping_status":"open","sticky":false,"template":"","format":"standard","meta":{"footnotes":""},"categories":[7],"tags":[13],"class_list":["post-415","post","type-post","status-publish","format-standard","hentry","category-dans-la-presse-et-sur-la-toile","tag-decroissance"],"_links":{"self":[{"href":"http:\/\/www.projet-decroissance.net\/index.php?rest_route=\/wp\/v2\/posts\/415","targetHints":{"allow":["GET"]}}],"collection":[{"href":"http:\/\/www.projet-decroissance.net\/index.php?rest_route=\/wp\/v2\/posts"}],"about":[{"href":"http:\/\/www.projet-decroissance.net\/index.php?rest_route=\/wp\/v2\/types\/post"}],"author":[{"embeddable":true,"href":"http:\/\/www.projet-decroissance.net\/index.php?rest_route=\/wp\/v2\/users\/4"}],"replies":[{"embeddable":true,"href":"http:\/\/www.projet-decroissance.net\/index.php?rest_route=%2Fwp%2Fv2%2Fcomments&post=415"}],"version-history":[{"count":1,"href":"http:\/\/www.projet-decroissance.net\/index.php?rest_route=\/wp\/v2\/posts\/415\/revisions"}],"predecessor-version":[{"id":416,"href":"http:\/\/www.projet-decroissance.net\/index.php?rest_route=\/wp\/v2\/posts\/415\/revisions\/416"}],"wp:attachment":[{"href":"http:\/\/www.projet-decroissance.net\/index.php?rest_route=%2Fwp%2Fv2%2Fmedia&parent=415"}],"wp:term":[{"taxonomy":"category","embeddable":true,"href":"http:\/\/www.projet-decroissance.net\/index.php?rest_route=%2Fwp%2Fv2%2Fcategories&post=415"},{"taxonomy":"post_tag","embeddable":true,"href":"http:\/\/www.projet-decroissance.net\/index.php?rest_route=%2Fwp%2Fv2%2Ftags&post=415"}],"curies":[{"name":"wp","href":"https:\/\/api.w.org\/{rel}","templated":true}]}}