{"id":418,"date":"2012-11-29T08:32:14","date_gmt":"2012-11-29T08:32:14","guid":{"rendered":"http:\/\/www.projet-decroissance.net\/?p=418"},"modified":"2012-12-29T10:41:46","modified_gmt":"2012-12-29T10:41:46","slug":"la-decroissance-sera-t-elle-autoritaire","status":"publish","type":"post","link":"http:\/\/www.projet-decroissance.net\/?p=418","title":{"rendered":"La d\u00e9croissance sera-t-elle autoritaire ?"},"content":{"rendered":"<p><img loading=\"lazy\" decoding=\"async\" class=\"alignleft\" alt=\"\" src=\"http:\/\/www.ladecroissance.net\/images\/journal74_pe.jpg\" width=\"120\" height=\"156\" \/>La d\u00e9croissance sera-t-elle autoritaire ?<br \/>\nD\u00e9bat dans le journal de la joie de vivre de Novembre 2010 (n\u00b074) avec Yves Cochet, Florence Leray et Vincent Liegey<\/p>\n<p>Voici la contribution du Parti Pour La D\u00e9croissance<\/p>\n<p>Une d\u00e9croissance autoritaire ne serait plus la D\u00e9croissance telle que nous la concevons. Plus qu\u2019une mise en garde sur l\u2019aberration du \u00ab toujours plus \u00bb, la D\u00e9croissance doit avant tout nous permettre de nous r\u00e9approprier nos choix de vie. En cela, elle ne peut \u00eatre que choisie, collective, participative et d\u00e9mocratique.<!--more--><\/p>\n<p>Un regard objectif sur les faits, notamment les questions \u00e9nerg\u00e9tiques, conduit \u00e0 une vision d\u2019avenir tr\u00e8s pessimiste, voire catastrophiste. On ne peut exclure une r\u00e9cession autoritaire, l\u2019\u00e9mergence d\u2019une \u00ab dictature verte \u00bb dont l\u2019action s\u2019effectuerait par coercition, ou un contr\u00f4le dogmatique des usages de la soci\u00e9t\u00e9 civile. L\u2019histoire a montr\u00e9 que les crises engendrent souvent replis identitaires, recherche de boucs \u00e9missaires, emballements guerriers et reculs d\u00e9mocratiques. Dans ce sens, on peut penser que Serge Latouche, \u00e0 travers sa p\u00e9dagogie des catastrophes, ou encore les peakistes, \u00e0 travers leur catastrophisme \u00e9clair\u00e9, ont raison.<\/p>\n<p>Toutefois, pour qui a envie de vivre et de construire, d\u00e8s maintenant, une soci\u00e9t\u00e9 soutenable et d\u00e9sirable, il est important de croire en l\u2019id\u00e9al d\u2019une D\u00e9croissance fond\u00e9e sur la d\u00e9mocratie. Quand bien m\u00eame les ressources seraient illimit\u00e9es, la soci\u00e9t\u00e9 de croissance accumulerait encore dramatiquement ces crises : sociale, \u00e9conomique, culturelle et politique. La d\u00e9croissance n\u2019est donc pas une fin en soi, c\u2019est d\u2019abord un cheminement vers un autre paradigme.<\/p>\n<p>C\u2019est cette forme de D\u00e9croissance qui favorisera une sortie choisie de la soci\u00e9t\u00e9 de croissance, notamment en d\u00e9finissant d\u00e9mocratiquement les notions de bon usage et de m\u00e9susage. Les changements ne pourront s\u2019effectuer qu\u2019\u00e0 travers une forte participation et adh\u00e9sion \u00e0 nos id\u00e9es, ce que nous avions appel\u00e9 la strat\u00e9gie de masse critique lors de la cr\u00e9ation de l\u2019Association d\u2019Objecteurs de Croissance [1].<\/p>\n<p>Aujourd\u2019hui, nous nous retrouvons face \u00e0 une forte contradiction : nous n\u2019avons qu\u2019une quinzaine d\u2019ann\u00e9es pour mener \u00e0 bien des changements culturels et soci\u00e9taux qui ne peuvent se r\u00e9aliser que sur plusieurs g\u00e9n\u00e9rations. Dans une soci\u00e9t\u00e9 o\u00f9 l\u2019individualisme et le d\u00e9sengagement politique sont de plus en plus fr\u00e9quents, l\u2019enjeu est de trouver des leviers pour \u00ab repolitiser la soci\u00e9t\u00e9 et resocialiser la politique \u00bb.<br \/>\nC\u2019est pourquoi il parait n\u00e9cessaire de participer \u00e0 la construction d\u2019un mouvement Politique [2] susceptible de contribuer \u00e0 la mise en place d\u00e9mocratique d\u2019une transition vers ce projet.<\/p>\n<p>Ainsi, plusieurs d\u2019entre nous se sont engag\u00e9s, depuis 2008, dans plusieurs campagnes \u00e9lectorales avec la m\u00eame ambition : faire de la politique autrement afin de diffuser les id\u00e9es de la D\u00e9croissance. Notre symbole est l\u2019escargot [3], et nous nous appuyons sur les quatre niveaux Politiques de la D\u00e9croissance :<br \/>\n&#8211; individuel, \u00e0 travers la simplicit\u00e9 volontaire et la d\u00e9colonisation de l\u2019imaginaire ;<br \/>\n&#8211; collectif, \u00e0 travers les alternatives concr\u00e8tes ;<br \/>\n&#8211; celui de la visibilit\u00e9, \u00e0 travers la participation aux \u00e9lections, les passages dans les m\u00e9dias, l\u2019organisation de rencontres-d\u00e9bats ;<br \/>\n&#8211; celui du projet : projet de transition et aussi projet de ce que peuvent \u00eatre des soci\u00e9t\u00e9s de D\u00e9croissance.<br \/>\nIl y a autant d\u2019objecteurs de croissance que de chemins qui m\u00e8nent \u00e0 la D\u00e9croissance. Nous devons ouvrir tous les chemins possibles, aux quatre niveaux politiques diff\u00e9rents, dans le respect de leur diversit\u00e9 et en mettant en avant leur compl\u00e9mentarit\u00e9.<\/p>\n<p>La D\u00e9croissance perdrait tout son sens si elle ne devait s\u2019inscrire que dans une approche r\u00e9aliste et cynique du monde et, ainsi, sombrer dans l\u2019autoritarisme, ou l\u2019\u00e9co-fascisme. Quelles que soient les crises \u00e0 venir, leurs \u00e9ch\u00e9ances, leur gravit\u00e9, toute graine qui aura \u00e9t\u00e9 sem\u00e9e, tout ce qui aura \u00e9t\u00e9 r\u00e9fl\u00e9chi, exp\u00e9riment\u00e9, construit ici et l\u00e0, sera un espoir de r\u00e9sistance contre toute forme de barbaries, autoritarisme compris !<\/p>\n<p>La D\u00e9croissance sera d\u00e9mocratique ou ne sera pas. Tel est notre d\u00e9fi !<\/p>\n<p>Parti Pour la D\u00e9croissance (Texte \u00e9crit collectivement)<\/p>\n<p>[1] Plateforme de convergence de l\u2019AdOC : http:\/\/www.partipourladecroissance.net\/?page_id=4708<br \/>\nhttp:\/\/actu.adoc-france.org\/plateforme-de-convergence\/la-plate-forme-de-convergence\/<br \/>\n[2] Au sens de la vie de la Cit\u00e9.<br \/>\n[3] Projet \u00ab Escargot pr\u00e9sident \u00bb, s\u2019inscrivant dans l\u2019appel Objecteurs de Croissance 2012 : cliquez pour t\u00e9l\u00e9charger le pdf<\/p>\n","protected":false},"excerpt":{"rendered":"<p>La d\u00e9croissance sera-t-elle autoritaire ? D\u00e9bat dans le journal de la joie de vivre de Novembre 2010 (n\u00b074) avec Yves Cochet, Florence Leray et Vincent Liegey Voici la contribution du Parti Pour La D\u00e9croissance Une d\u00e9croissance autoritaire ne serait plus &hellip; <a href=\"http:\/\/www.projet-decroissance.net\/?p=418\">Continuer la lecture <span class=\"meta-nav\">&rarr;<\/span><\/a><\/p>\n","protected":false},"author":4,"featured_media":0,"comment_status":"closed","ping_status":"open","sticky":false,"template":"","format":"standard","meta":{"footnotes":""},"categories":[7],"tags":[13,23],"class_list":["post-418","post","type-post","status-publish","format-standard","hentry","category-dans-la-presse-et-sur-la-toile","tag-decroissance","tag-democratie"],"_links":{"self":[{"href":"http:\/\/www.projet-decroissance.net\/index.php?rest_route=\/wp\/v2\/posts\/418","targetHints":{"allow":["GET"]}}],"collection":[{"href":"http:\/\/www.projet-decroissance.net\/index.php?rest_route=\/wp\/v2\/posts"}],"about":[{"href":"http:\/\/www.projet-decroissance.net\/index.php?rest_route=\/wp\/v2\/types\/post"}],"author":[{"embeddable":true,"href":"http:\/\/www.projet-decroissance.net\/index.php?rest_route=\/wp\/v2\/users\/4"}],"replies":[{"embeddable":true,"href":"http:\/\/www.projet-decroissance.net\/index.php?rest_route=%2Fwp%2Fv2%2Fcomments&post=418"}],"version-history":[{"count":4,"href":"http:\/\/www.projet-decroissance.net\/index.php?rest_route=\/wp\/v2\/posts\/418\/revisions"}],"predecessor-version":[{"id":432,"href":"http:\/\/www.projet-decroissance.net\/index.php?rest_route=\/wp\/v2\/posts\/418\/revisions\/432"}],"wp:attachment":[{"href":"http:\/\/www.projet-decroissance.net\/index.php?rest_route=%2Fwp%2Fv2%2Fmedia&parent=418"}],"wp:term":[{"taxonomy":"category","embeddable":true,"href":"http:\/\/www.projet-decroissance.net\/index.php?rest_route=%2Fwp%2Fv2%2Fcategories&post=418"},{"taxonomy":"post_tag","embeddable":true,"href":"http:\/\/www.projet-decroissance.net\/index.php?rest_route=%2Fwp%2Fv2%2Ftags&post=418"}],"curies":[{"name":"wp","href":"https:\/\/api.w.org\/{rel}","templated":true}]}}