{"id":441,"date":"2012-11-29T19:40:04","date_gmt":"2012-11-29T19:40:04","guid":{"rendered":"http:\/\/www.projet-decroissance.net\/?p=441"},"modified":"2012-12-30T18:09:26","modified_gmt":"2012-12-30T18:09:26","slug":"les-retraites-soutenir-le-mouvement-et-apres","status":"publish","type":"post","link":"http:\/\/www.projet-decroissance.net\/?p=441","title":{"rendered":"Les retraites : soutenir le mouvement, et apr\u00e8s ?"},"content":{"rendered":"<p><strong>Un sympathisant nous a envoy\u00e9 un petit ressenti sur la situation sociale de notre pays. Avec sa permission, nous vous en rendons compte tant son malaise est aussi partag\u00e9 par beaucoup d\u2019entre nous (pas toutes et tous). Le constat est s\u00e9v\u00e8re mais malheureusement juste.<\/strong><\/p>\n<p><img loading=\"lazy\" decoding=\"async\" class=\"aligncenter\" alt=\"\" src=\"http:\/\/www.partipourladecroissance.net\/wp-content\/uploads\/2010\/10\/lehavre-2-oct-2.jpg\" width=\"264\" height=\"230\" \/><\/p>\n<p>Une dizaine de jours apr\u00e8s le lancement d\u2019une gr\u00e8ve reconductible, toujours plus suivie et toujours plus soutenue par l&rsquo;opinion publique, j\u2019ai un sentiment amer.<\/p>\n<p>A quoi rime tout cela ?<\/p>\n<p><!--more--><\/p>\n<p>Hier (mardi 19 octobre), je suis all\u00e9 manifester. C&rsquo;est devenu une habitude, renforc\u00e9e par de longues discussions avec mes coll\u00e8gues et mes amis. Je suis effar\u00e9 par l\u2019absence de r\u00e9flexion, de d\u00e9bat de fond, de questionnement. Aux manif&rsquo;, lorsque l\u2019on \u00e9coute les slogans, que l\u2019on lit les tracts, je suis d\u00e9sol\u00e9 mais je trouve cela dramatique.<\/p>\n<p>\u00c7a l&rsquo;est encore davantage en \u00e9coutant les Duflot, Aubry, Besancenot et M\u00e9lenchon\u2026 Tous sont en train de se positionner pour r\u00e9cup\u00e9rer le mouvement mais, surtout, pour ne pas remettre en question notre mod\u00e8le de soci\u00e9t\u00e9. Tous sont dans une posture \u00e9lectoraliste et opportuniste, pour d\u00e9fendre des acquis sociaux qui ne font pas grand sens si l\u2019on ouvre les yeux sur l\u2019absurdit\u00e9 de cette soci\u00e9t\u00e9 de croissance !Il faut comprendre que, m\u00eame si une retraite \u00e0 60 ans, ou \u00e0 un \u00e2ge plus pr\u00e9coce encore, \u00e9tait possible, cela resterait absurde puisque l&rsquo;enjeu est ailleurs. Il est dans le questionnement sur la centralit\u00e9 du travail, sur le sens de nos vies et de ce que l&rsquo;on produit et comment, non dans le fait de se demander combien d&rsquo;ann\u00e9es il est acceptable de se livrer \u00e0 une activit\u00e9 absurde et ali\u00e9nante.<\/p>\n<p>L\u2019appel aux lyc\u00e9ens est encore plus tragique : quel sens, \u00e0 16 ans (et j\u2019ai fait la m\u00eame chose en mon temps), y a-t-il \u00e0 descendre dans la rue, non pas pour une vie meilleure ou pour une r\u00e9appropriation de nos choix de vie, maintenant, mais pour s&rsquo;ennuyer en retraite \u00e0 regarder Drucker \u00e0 la TV, \u00e0 tondre la pelouse de son petit pavillon de banlieue ou encore \u00e0 laver sa belle bagnole dans 44 ans plut\u00f4t que 46 !<\/p>\n<p>Je suis d\u00e9sol\u00e9 mais j\u2019ai un sentiment d&rsquo;amertume et de malaise par rapport \u00e0 tout \u00e7a\u2026<\/p>\n<p>Et puis apr\u00e8s, on fera quoi ? Comme pour le r\u00e9f\u00e9rendum sur le TCE, comme pour le mouvement social contre le CPE, il va y avoir retrait de la r\u00e9forme mais de toute mani\u00e8re elle reviendra, sous une autre forme, dans 2-3 ans par le Parti Socialiste ou par d&rsquo;autres, donc \u00e0 quoi bon ?<\/p>\n<p>Tout le monde va rentrer, en ayant la certitude d&rsquo;avoir gagn\u00e9 une bataille, sans se poser plus de questions, bien au chaud chez soi et s&rsquo;installer sur son canap\u00e9 devant la t\u00e9l\u00e9vision en mangeant des plats pr\u00e9par\u00e9s achet\u00e9s au supermarch\u00e9 du coin, en bagnole, apr\u00e8s une dure semaine de labeur dans une entreprise de merde \u00e0 produire ou \u00e0 essayer de vendre des conneries !<\/p>\n<p>A quoi rime tout cela ?<\/p>\n<p>Lorsque l\u2019on \u00e9coute la radio, que l\u2019on lit les journaux, il n\u2019y a rien : pas d\u00e9bat de fond, pas de r\u00e9flexion ! Juste des faits sur, ici un abribus cass\u00e9, l\u00e0 Bussereau (Secr\u00e9taire d&rsquo;Etat aux transports) qui raconte n\u2019importe quoi sur l\u2019approvisionnement de gazole, de manoeuvre de culpabilisation du citoyen \u00e0 la sauce Borloo ou Lagarde, ou bien encore ici la queue dans les stations service, les trains qui soi-disant roulent normalement, etc. Ou pire, des arguments d\u00e9magogiques et malhonn\u00eates tels que : \u00ab\u00a0il ne s\u2019agit pas d\u2019un choix id\u00e9ologique\u00a0\u00bb, \u00ab\u00a0la soci\u00e9t\u00e9 vieillit il faut allonger le temps de travail\u00a0\u00bb\u2026 , en plus avec le soutien d\u2019Angela (une bien pensante allemande) et de David (le sauveur du PIB anglais).<\/p>\n<p><img decoding=\"async\" class=\"aligncenter\" alt=\"\" src=\"http:\/\/www.partipourladecroissance.net\/wp-content\/uploads\/2010\/10\/oct-2010-metz.jpg\" \/><\/p>\n<p>Et bien s\u00fbr, en parall\u00e8le, la strat\u00e9gie de guerre civile mise en place par Sarko continue : le probl\u00e8me des banlieues, de l&rsquo;ins\u00e9curit\u00e9 puis des roms, les \u00e9ternels casseurs et les gr\u00e9vistes fain\u00e9ants maintenant. Que va-t-il se passer dans une semaine si blocage il y a ? Quelle issue \u00e0 cette affaire ?<\/p>\n<p>Le d\u00e9but d&rsquo;une vraie prise ou crise de conscience ?<\/p>\n<p>Je reste toutefois solidaire avec les camarades gr\u00e9vistes, qui vont y laisser des plumes, mais j\u2019ai bien peur que tout cela ne se finisse mal (tensions entre gr\u00e9vistes et non gr\u00e9vistes, radicalisation du mouvement, provocations de la police, blocage et d\u00e9blocage dans la violence, lyc\u00e9ens, \u00e9tudiants, vrais faux casseurs, etc.) et pour pas grand-chose.<\/p>\n<p>On est tr\u00e8s loin du pas de c\u00f4t\u00e9. Pourtant, j&rsquo;essaie de rester optimiste car \u00e0 chaque manif&rsquo;, il se passe des rencontres, des discussions, un enrichissement mais aussi de la convivialit\u00e9 autour des id\u00e9es de la D\u00e9croissance. Alors, comme les coll\u00e8gues messins qui ont \u00e9crits : \u00ab N&rsquo;attendons pas la retraite pour vivre la D\u00e9croissance \u00bb. N&rsquo;attendons pas non plus demain pour vivre dignement le pr\u00e9sent.<\/p>\n<p>Un objecteur de croissance<\/p>\n<p style=\"text-align: right;\">Publi\u00e9 en octobre 2010<\/p>\n","protected":false},"excerpt":{"rendered":"<p>Un sympathisant nous a envoy\u00e9 un petit ressenti sur la situation sociale de notre pays. Avec sa permission, nous vous en rendons compte tant son malaise est aussi partag\u00e9 par beaucoup d\u2019entre nous (pas toutes et tous). Le constat est &hellip; <a href=\"http:\/\/www.projet-decroissance.net\/?p=441\">Continuer la lecture <span class=\"meta-nav\">&rarr;<\/span><\/a><\/p>\n","protected":false},"author":4,"featured_media":0,"comment_status":"closed","ping_status":"open","sticky":false,"template":"","format":"standard","meta":{"footnotes":""},"categories":[1],"tags":[24],"class_list":["post-441","post","type-post","status-publish","format-standard","hentry","category-actualites","tag-retraite"],"_links":{"self":[{"href":"http:\/\/www.projet-decroissance.net\/index.php?rest_route=\/wp\/v2\/posts\/441","targetHints":{"allow":["GET"]}}],"collection":[{"href":"http:\/\/www.projet-decroissance.net\/index.php?rest_route=\/wp\/v2\/posts"}],"about":[{"href":"http:\/\/www.projet-decroissance.net\/index.php?rest_route=\/wp\/v2\/types\/post"}],"author":[{"embeddable":true,"href":"http:\/\/www.projet-decroissance.net\/index.php?rest_route=\/wp\/v2\/users\/4"}],"replies":[{"embeddable":true,"href":"http:\/\/www.projet-decroissance.net\/index.php?rest_route=%2Fwp%2Fv2%2Fcomments&post=441"}],"version-history":[{"count":4,"href":"http:\/\/www.projet-decroissance.net\/index.php?rest_route=\/wp\/v2\/posts\/441\/revisions"}],"predecessor-version":[{"id":445,"href":"http:\/\/www.projet-decroissance.net\/index.php?rest_route=\/wp\/v2\/posts\/441\/revisions\/445"}],"wp:attachment":[{"href":"http:\/\/www.projet-decroissance.net\/index.php?rest_route=%2Fwp%2Fv2%2Fmedia&parent=441"}],"wp:term":[{"taxonomy":"category","embeddable":true,"href":"http:\/\/www.projet-decroissance.net\/index.php?rest_route=%2Fwp%2Fv2%2Fcategories&post=441"},{"taxonomy":"post_tag","embeddable":true,"href":"http:\/\/www.projet-decroissance.net\/index.php?rest_route=%2Fwp%2Fv2%2Ftags&post=441"}],"curies":[{"name":"wp","href":"https:\/\/api.w.org\/{rel}","templated":true}]}}