{"id":447,"date":"2012-11-29T19:51:57","date_gmt":"2012-11-29T19:51:57","guid":{"rendered":"http:\/\/www.projet-decroissance.net\/?p=447"},"modified":"2012-12-29T20:00:27","modified_gmt":"2012-12-29T20:00:27","slug":"retraites-participer-au-combat-aller-plus-loin","status":"publish","type":"post","link":"http:\/\/www.projet-decroissance.net\/?p=447","title":{"rendered":"Retraites : participer au combat &#038; aller plus loin"},"content":{"rendered":"<p style=\"text-align: left;\"><img loading=\"lazy\" decoding=\"async\" class=\"alignleft\" alt=\"\" src=\"http:\/\/www.partipourladecroissance.net\/wp-content\/uploads\/2008\/12\/logo-ppld.gif\" width=\"118\" height=\"68\" \/><strong>Le week-end du 23 octobre, nous avons publi\u00e9 sur <a href=\"http:\/\/www.partipourladecroissance.net\/\">nos sites web<\/a> et envoy\u00e9 \u00e0 nos <a href=\"http:\/\/ml.partipourladecroissance.net\/wws\/arc\/lettre\">listes de diffusion<\/a> un communiqu\u00e9 volontairement provocateur, s\u2019inscrivant dans notre r\u00f4le de poil \u00e0 gratter id\u00e9ologique, intitul\u00e9 \u00ab <a href=\"http:\/\/www.partipourladecroissance.net\/?p=5038\">Les retraites : soutenir le mouvement, et apr\u00e8s ?<\/a> \u00bb. Ce dernier, et nous nous en f\u00e9licitons, a, semble t-il, suscit\u00e9 du d\u00e9bat, puisque que plusieurs dizaines de personnes nous ont envoy\u00e9 leurs r\u00e9actions. Merci \u00e0 toutes celles et ceux qui se sont manifest\u00e9-e-s.<\/strong><\/p>\n<p>Une grande partie des correspondant-e-s ont t\u00e9moign\u00e9 s\u2019\u00eatre reconnu-e-s dans ce texte, et avoir ressenti sa publication comme \u00ab <em>une bouff\u00e9e d\u2019oxyg\u00e8ne<\/em> \u00bb. N\u00e9anmoins, certain-e-s ont regrett\u00e9 la dimension d\u00e9sabus\u00e9e et pessimiste de ce billet d\u2019humeur (avis aussi partag\u00e9 par plusieurs d\u2019entre nous), d&rsquo;autres y ont m\u00eame vu du m\u00e9pris&#8230; Ce texte a ainsi parfois \u00e9t\u00e9 qualifi\u00e9 de \u00ab <em>d\u00e9mobilisateur <\/em>\u00bb.<\/p>\n<p>Dans tous les cas, il appara\u00eet que, bien qu\u2019il soit n\u00e9cessaire de s\u2019inscrire dans un projet \u00e0 long terme coh\u00e9rent et global mais surtout souhaitable, il est vraiment indispensable de r\u00e9pondre \u00e0 l\u2019urgence par les moyens disponibles actuellement. Nous sommes donc ravi-e-s de voir tant de monde se lever contre une r\u00e9forme inique qui nous \u00e9loignerait encore un peu plus de la soci\u00e9t\u00e9 de D\u00e9croissance que nous souhaitons voir na\u00eetre. Toutefois, il serait temps que cela soit \u00e9galement l&rsquo;occasion d&rsquo;ouvrir des d\u00e9bats sur le sens de ce mouvement et de commencer \u00e0 r\u00e9fl\u00e9chir ensemble pour proposer des pistes de sortie de la soci\u00e9t\u00e9 de Croissance.<\/p>\n<p>Cela n&rsquo;est malheureusement pas le cas, l&rsquo;Objection de Croissance n\u2019\u00e9tant pas encore connue de tou-te-s nos concitoyen-ne-s. Nous ne pouvons pas le leur reprocher. Par contre, nous pouvons faire notre autocritique et nous dire que, en tant que porteurs du projet politique qu&rsquo;est la D\u00e9croissance, il nous incombe, \u00e0 chacun-e, de nous appliquer \u00e0 r\u00e9pandre nos id\u00e9es au sein de la soci\u00e9t\u00e9 : dans le d\u00e9bat politique, dans les manifestations, dans nos syndicats, dans nos partis, dans nos associations, dans nos familles, etc.<\/p>\n<div style=\"text-align: center;\"><a href=\"http:\/\/www.partipourladecroissance.net\/?page_id=5071\"><img loading=\"lazy\" decoding=\"async\" alt=\"\" src=\"http:\/\/decroissance.lehavre.free.fr\/heuresdesilence\/journee-escargots-Le-Havre1.jpg\" width=\"386\" height=\"289\" \/><\/a><\/div>\n<p style=\"text-align: left;\">Ainsi, le PPLD continue \u00e0 revendiquer la n\u00e9cessit\u00e9 de faire un \u00ab<em> pas de c\u00f4t\u00e9 <\/em>\u00bb sur le fond et sur les m\u00e9thodes, tout en reconnaissant ne pas toujours avoir les r\u00e9ponses aux questions qu\u2019il pose.<\/p>\n<p style=\"text-align: left;\">Les id\u00e9es de la \u00ab <a href=\"http:\/\/www.partipourladecroissance.net\/?page_id=4764\">D\u00e9croissance<\/a> \u00bb ont besoin de toutes et tous les Objecteurs de Croissance pour \u00eatre colport\u00e9es, en s\u2019appuyant sur les 4 niveaux politique de la D\u00e9croissance (simplicit\u00e9 volontaire, alternatives concr\u00e8tes, projet, et visibilit\u00e9).<!--more-->Dans le cadre des mouvements sociaux (<a href=\"http:\/\/www.partipourladecroissance.net\/?p=4941\">actuellement au sujet des retraites<\/a>), la D\u00e9croissance doit \u00eatre encore plus pr\u00e9sente sur le terrain. Le PPLD appelle toutes et tous les Objecteurs de Croissance \u00e0 s\u2019investir localement, \u00e0 aller \u00e0 la rencontre des citoyen-ne-s, \u00e0 les inviter \u00e0 entrer dans une soci\u00e9t\u00e9 relocalis\u00e9e, d\u2019autonomie, de gratuit\u00e9, de partage, etc., et \u00e0 sortir de la soci\u00e9t\u00e9 marchande, centr\u00e9e sur le travail, le productivisme, le consum\u00e9risme et autres piliers du capitalisme.<\/p>\n<p>Critiquons et combattons cette r\u00e9forme et allons bien plus loin en nous attaquant \u00e0 la soci\u00e9t\u00e9 de Croissance dans son ensemble !<br \/>\nCombattons la centralit\u00e9 du travail, questionnons le sens de nos emplois, de nos vie, bref, d\u00e9colonisons nos imaginaires !<\/p>\n<p>Pour cela, \u00e0 chacun-e de s\u2019approprier <strong><a href=\"http:\/\/www.partipourladecroissance.net\/?page_id=5071\">les outils propos\u00e9s<\/a><\/strong> et \u00e0 inventer des tracts et des banderoles. N\u2019h\u00e9sitez pas \u00e0 rendre compte de votre cr\u00e9ativit\u00e9, en nous envoyant des photos, des documents, etc. De m\u00eame, nous serions enchant\u00e9s de relayer toutes les initiatives prises ici et l\u00e0.<\/p>\n<p style=\"text-align: center;\"><img loading=\"lazy\" decoding=\"async\" class=\"aligncenter\" alt=\"\" src=\"http:\/\/www.partipourladecroissance.net\/wp-content\/uploads\/2008\/12\/logo-ppld.gif\" width=\"118\" height=\"68\" \/><\/p>\n<div style=\"text-align: center;\"><a href=\"mailto:contact@partipourladecroissance.net\" target=\"_blank\">contact@partipourladecroissance.net<\/a><br \/>\n<a href=\"..\/\" target=\"_blank\">http:\/\/www.partipourladecroissance.net\/<\/a><\/div>\n<p style=\"text-align: left;\"><span style=\"color: #808080;\"><strong><span style=\"text-decoration: underline;\">Les quatre niveaux de la D\u00e9croissance :<\/span><\/strong><br \/>\n&#8211; <strong>Individuel<\/strong>, \u00e0 travers la simplicit\u00e9 volontaire et la d\u00e9colonisation de l\u2019imaginaire ;<br \/>\n&#8211; <strong>Collectif<\/strong>, \u00e0 travers les alternatives concr\u00e8tes ;<br \/>\n&#8211; Celui de la <strong>visibilit\u00e9<\/strong>, \u00e0 travers la participation aux \u00e9lections, les passages dans les m\u00e9dias, l\u2019organisation de rencontres-d\u00e9bats ;<br \/>\n&#8211; Celui du <strong>projet <\/strong>: projet de transition et aussi projet de ce que peuvent \u00eatre des soci\u00e9t\u00e9s de D\u00e9croissance.<\/span><\/p>\n","protected":false},"excerpt":{"rendered":"<p>Le week-end du 23 octobre, nous avons publi\u00e9 sur nos sites web et envoy\u00e9 \u00e0 nos listes de diffusion un communiqu\u00e9 volontairement provocateur, s\u2019inscrivant dans notre r\u00f4le de poil \u00e0 gratter id\u00e9ologique, intitul\u00e9 \u00ab Les retraites : soutenir le mouvement, &hellip; <a href=\"http:\/\/www.projet-decroissance.net\/?p=447\">Continuer la lecture <span class=\"meta-nav\">&rarr;<\/span><\/a><\/p>\n","protected":false},"author":4,"featured_media":0,"comment_status":"closed","ping_status":"open","sticky":false,"template":"","format":"standard","meta":{"footnotes":""},"categories":[1],"tags":[24],"class_list":["post-447","post","type-post","status-publish","format-standard","hentry","category-actualites","tag-retraite"],"_links":{"self":[{"href":"http:\/\/www.projet-decroissance.net\/index.php?rest_route=\/wp\/v2\/posts\/447","targetHints":{"allow":["GET"]}}],"collection":[{"href":"http:\/\/www.projet-decroissance.net\/index.php?rest_route=\/wp\/v2\/posts"}],"about":[{"href":"http:\/\/www.projet-decroissance.net\/index.php?rest_route=\/wp\/v2\/types\/post"}],"author":[{"embeddable":true,"href":"http:\/\/www.projet-decroissance.net\/index.php?rest_route=\/wp\/v2\/users\/4"}],"replies":[{"embeddable":true,"href":"http:\/\/www.projet-decroissance.net\/index.php?rest_route=%2Fwp%2Fv2%2Fcomments&post=447"}],"version-history":[{"count":2,"href":"http:\/\/www.projet-decroissance.net\/index.php?rest_route=\/wp\/v2\/posts\/447\/revisions"}],"predecessor-version":[{"id":455,"href":"http:\/\/www.projet-decroissance.net\/index.php?rest_route=\/wp\/v2\/posts\/447\/revisions\/455"}],"wp:attachment":[{"href":"http:\/\/www.projet-decroissance.net\/index.php?rest_route=%2Fwp%2Fv2%2Fmedia&parent=447"}],"wp:term":[{"taxonomy":"category","embeddable":true,"href":"http:\/\/www.projet-decroissance.net\/index.php?rest_route=%2Fwp%2Fv2%2Fcategories&post=447"},{"taxonomy":"post_tag","embeddable":true,"href":"http:\/\/www.projet-decroissance.net\/index.php?rest_route=%2Fwp%2Fv2%2Ftags&post=447"}],"curies":[{"name":"wp","href":"https:\/\/api.w.org\/{rel}","templated":true}]}}