{"id":459,"date":"2012-11-29T20:07:48","date_gmt":"2012-11-29T20:07:48","guid":{"rendered":"http:\/\/www.projet-decroissance.net\/?p=459"},"modified":"2012-12-29T21:28:02","modified_gmt":"2012-12-29T21:28:02","slug":"lettre-ouverte-a-francois-hollande-transformons-la-tragedie-sociale-daulnay-sous-bois-en-une-opportunite-de-transition-ecologique-et-economique-vers-un-avenir-souhaitable","status":"publish","type":"post","link":"http:\/\/www.projet-decroissance.net\/?p=459","title":{"rendered":"Lettre ouverte \u00e0 Fran\u00e7ois Hollande : Transformons la trag\u00e9die sociale d&rsquo;Aulnay-Sous-Bois en une opportunit\u00e9 de transition \u00e9cologique et \u00e9conomique vers un avenir souhaitable !"},"content":{"rendered":"<p><img loading=\"lazy\" decoding=\"async\" class=\"alignleft\" style=\"margin: 5px;\" alt=\"\" src=\"http:\/\/antivoitures.free.fr\/voiture-travail.jpg\" width=\"310\" height=\"325\" \/>En 1989, Michael Moore pr\u00e9sentait\u00a0<em><a href=\"http:\/\/www.dailymotion.com\/video\/x1h7zk_roger-et-moi-michael-moore-1ere-par_news\" target=\"_blank\">Roger and Me<\/a>,<\/em>\u00a0l&rsquo;un de ses premiers films documentaires. Le r\u00e9alisateur, \u00e9c\u0153ur\u00e9 par la suppression de 30 000 emplois dans sa ville natale Flint,\u00a0part \u00e0 la recherche du responsable, le\u00a0PDG de General Motors,\u00a0Roger Smith&#8230;\u00a0Tout au long du film, on y voit la d\u00e9cadence d&rsquo;une ville qui, petit \u00e0 petit, sombre dans la mis\u00e8re, le d\u00e9sespoir, d&rsquo;expulsions de maison en suicides, et on y constate la destruction du tissu social et familial&#8230;<\/p>\n<p>La ville tente tous les plans de relance possibles et imaginables&#8230; mais s&rsquo;enfonce toujours plus !<\/p>\n<p>Nous sommes plus de vingt ans apr\u00e8s, vingt ans de mis\u00e8re, d&rsquo;exclusion, de violence&#8230; les cons\u00e9quences dures d&rsquo;une r\u00e9cession subie.\u00a0Le redressement productif n&rsquo;a pas eu lieu. Mais la r\u00e9gion, centre mondial de l&rsquo;industrie automobile, de Flint \u00e0 Detroit\u00a0conna\u00eet\u00a0depuis quelques ann\u00e9es une renouveau inattendu : une transition vers l&rsquo;apr\u00e8s-industrialisme, comme le montre, entre autres, <a href=\"http:\/\/detroitjetaime.com\/fr\" target=\"_blank\">un web-documentaire<\/a>\u00a0r\u00e9alis\u00e9 par deux journalistes fran\u00e7aises : \u00ab\u00a0<a href=\"http:\/\/alternatives.blog.lemonde.fr\/2012\/07\/12\/detroit-je-t-aime-web-documentaire-nora-mandray-helene-bienvenu\/\" target=\"_blank\">les fautifs sont nombreux, mais le 20\u00e8me si\u00e8cle productiviste, n\u00e9 et mort \u00e0 D\u00e9troit, explique en partie la chute<\/a>\u00a0:\u00a0\u00ab\u00a0<em>Les D\u00e9troiters ont \u00e9t\u00e9 les premiers \u00e0 p\u00e2tir du mirage d\u2019une croissance sans limite. Ils en tirent aujourd\u2019hui des le\u00e7ons : ils construisent la soci\u00e9t\u00e9 de demain avec ce qu\u2019il reste de la pr\u00e9c\u00e9dente. Cela ne se fait pas sans heurt ni peine, \u00e7a commence doucement mais c\u2019est justement aujourd\u2019hui qu\u2019il faut en parler !<\/em>\u00ab\u00a0\u00a0\u00bb<\/p>\n<p><span style=\"font-family: arial, sans-serif;\"><strong>R\u00e9cession subie ou D\u00e9croissance choisie ?<\/strong><\/span><\/p>\n<p><!--more--><span style=\"font-family: arial, sans-serif;\">L&rsquo;exp\u00e9rience de Detroit et sa r\u00e9gion devrait inspirer nos amis syndicalistes d&rsquo;Aulnay-sous-bois. Elle devrait amener notre nouveau Pr\u00e9sident, son\u00a0Ministre\u00a0de\u00a0l&rsquo;Industrie\u00a0<\/span><wbr \/><span style=\"font-family: arial, sans-serif;\">tout nouvellement appel\u00e9 du redressement productif, un bel anachronisme auquel il ne manque que la mention \u00ab\u00a0<\/span><em style=\"font-family: arial, sans-serif;\">verte\u00a0\u00bb<\/em><span style=\"font-family: arial, sans-serif;\">\u00a0pour en faire un mod\u00e8le de communication, mais aussi les \u00e9lus locaux de Seine-Saint-Denis \u00e0 se poser des questions : soit nous restons dans le m\u00eame imaginaire productif, comme \u00e0 Detroit et sa r\u00e9gion et nous continuons \u00e0 plonger dans cette r\u00e9cession subie, soit nous faisons un pas de c\u00f4t\u00e9 et nous \u00e9vitons les 20 ann\u00e9es tragiques qu&rsquo;ont connues nos camarades am\u00e9ricains ?<\/span><\/p>\n<p><a href=\"http:\/\/www.partipourladecroissance.net\/?p=3303\" target=\"_blank\"><strong style=\"font-family: arial, sans-serif;\">Vers une sortie de la soci\u00e9t\u00e9 de l&rsquo;automobile !<\/strong><\/a><\/p>\n<p><span style=\"font-family: arial, sans-serif;\">Cette catastrophe pourrait ou plut\u00f4t devrait \u00eatre p\u00e9dagogique et ainsi initier un d\u00e9bat sur \u00ab\u00a0Qu&rsquo;est-ce que l&rsquo;on produit ? Comment ? Pour quel usage ?\u00a0\u00bb A l&rsquo;examen de ces trois questions, concernant la bagnole, la r\u00e9ponse est rapide et claire : la reconversion !<\/span><\/p>\n<p><span style=\"font-family: arial, sans-serif;\">L&rsquo;automobile est le symbole de l&rsquo;absurdit\u00e9 de nos soci\u00e9t\u00e9s dites d\u00e9velopp\u00e9es et cumule tous les maux sociaux et culturels, outre le fait qu&rsquo;elle nous am\u00e8ne dans une impasse \u00e9nerg\u00e9tique et environnementale.<\/span><\/p>\n<p>Absurde ? Selon les calculs d\u2019Ivan Illich un Am\u00e9ricain moyen consacre, au d\u00e9but des ann\u00e9es soixante-dix (et cela doit \u00eatre pire aujourd&rsquo;hui au vu de l&rsquo;augmentation tarifaire du p\u00e9trole), environ mille six cents heures par an \u00e0 sa voiture, que ce soit en temps de d\u00e9placement ou en temps de travail pour la payer. Il parcourt dix mille kilom\u00e8tres par an. Cela repr\u00e9sente donc une vitesse moyenne d\u2019environ 6 km\/h&#8230; soit la vitesse de la marche \u00e0 pied !<\/p>\n<p>Un non-sens social et culturel ? La voiture est le symbole \u00e0 la fois de l&rsquo;illusion de toute puissance de notre soci\u00e9t\u00e9 de croissance et aussi de l&rsquo;individualisme exacerb\u00e9 qu&rsquo;elle promeut. Elle occupe plus de 50% de notre espace public et nous y passons en moyenne plusieurs heures par jour.<\/p>\n<p>Une impasse \u00e9nerg\u00e9tique et environnementale ? Pic de p\u00e9trole et changement climatique, sans m\u00eame parler d&rsquo;\u00e9talement urbain et de b\u00e9tonnage des terres agricoles&#8230; Il est souhaitable de sortir le plus vite possible de la soci\u00e9t\u00e9 de l&rsquo;automobile&#8230; sinon, nous y serons de toute mani\u00e8re forc\u00e9s !<\/p>\n<p>Mais l&rsquo;automobile, c&rsquo;est aussi l&rsquo;usine :<br \/>\n<iframe loading=\"lazy\" src=\"http:\/\/www.youtube.com\/embed\/gnO6n2Pg0pM\" height=\"315\" width=\"420\" frameborder=\"0\"><\/iframe><br \/>\n<span style=\"font-family: arial, sans-serif;\"><br \/>\n\u00ab\u00a0<em>J&rsquo;ai un doigt, le gros, j&rsquo;ai du mal \u00e0 le bouger, j&rsquo;ai du mal \u00e0 toucher Dominique le soir, \u00e7a me fait mal aux mains&#8230; La gamine quand je la change, je peux pas lui d\u00e9grafer ses boutons&#8230; Tu sais, t&rsquo;as envie de pleurer, dans ces coups de temps-l\u00e0&#8230; C&rsquo;est tout \u00e7a, tu comprends, t&rsquo;as du mal \u00e0 \u00e9crire, j&rsquo;ai du mal \u00e0 \u00e9crire. J&rsquo;ai de plus en plus de mal \u00e0 m&rsquo;exprimer, \u00e7a aussi c&rsquo;est la cha\u00eene&#8230;<\/em>\u00a0\u00bb<br \/>\n<\/span>Extrait du documentaire\u00a0<em>Attention danger travail<\/em>, r\u00e9alis\u00e9 par Pierre Carles, Christophe Coello et St\u00e9phane Goxe en 2003.<\/p>\n<p><strong>Pour une transition d\u00e9mocratique et sereine vers des soci\u00e9t\u00e9s\u00a0soutenables et\u00a0souhaitables de D\u00e9croissance<\/strong><\/p>\n<p>Ainsi, ce qui se passe\u00a0de mani\u00e8re g\u00e9n\u00e9rale\u00a0en Seine-Saint-Denis et en particulier\u00a0\u00e0 Aulnay-Sous-Bois est une opportunit\u00e9 pour initier une politique de transition afin de sortir de notre\u00a0d\u00e9pendance\u00a0aux \u00e9nergies fossiles \u00e0 travers une relocalisation ouverte de nos productions de nourritures, d&rsquo;\u00e9nergies et de services.<\/p>\n<p>Nous proposons, dans une volont\u00e9 d&rsquo;initier une transition et en s&rsquo;appuyant sur une protection sociale ambitieuse :<\/p>\n<p>&#8211; La mise en place d&rsquo;un Revenu Inconditionnel d&rsquo;Existence pour l&rsquo;ensemble des personnes touch\u00e9es par ces licenciements. Ce revenu, au fur et \u00e0 mesure de la transition, serait remplac\u00e9 par une <a href=\"http:\/\/www.partipourladecroissance.net\/?page_id=6993\" target=\"_blank\">Dotation Inconditionnelle d&rsquo;Autonomie<\/a>.<\/p>\n<p>&#8211; Des fonds allou\u00e9s pour les familles souhaitant retourner \u00e0 la terre, dans une logique de r\u00e9\u00e9quilibrage de l&rsquo;am\u00e9nagement de notre territoire et d&rsquo;exode urbaine choisie, afin d&rsquo;une part de revitaliser les campagnes et d&rsquo;autres part de soutenir une agriculture paysanne soutenable de proximit\u00e9.<\/p>\n<p>&#8211;\u00a0Le\u00a0d\u00e9mant\u00e8lement\u00a0et la d\u00e9pollution des sites industriels, financ\u00e9s par les industriels responsables puisque c&rsquo;est de leur ressort.<\/p>\n<p>&#8211; Le soutien \u00e0 toutes initiatives locales allant dans le sens d&rsquo;une relocalisation ouverte : retour de la terre en ville et mise en place d&rsquo;une agriculture de proximit\u00e9, \u00e9conomie locale et solidaire, mise en place d&rsquo;ateliers de recyclage, de r\u00e9parations et de fabrications, d\u00e9veloppement d&rsquo;une vie culturelle et conviviale riche, \u00e9ducation et formation professionnelle (permaculture, communication non violente, r\u00e9paration de v\u00e9los, etc.), participation citoyenne aux d\u00e9cisions et r\u00e9appropriation d\u00e9mocratique des outils, etc.<\/p>\n<p>&#8211; La mise en place de syst\u00e8mes \u00e9conomiques locaux alternatifs et participatifs \u00a0: monnaies locales fondantes, syst\u00e8mes d&rsquo;\u00e9change et espaces de partage et de gratuit\u00e9.<\/p>\n<p>Il va de soi que pour financer ces projets, les entreprises et les actionnaires participeront \u00e0 cet effort collectif, en particulier gr\u00e2ce \u00e0 une r\u00e9appropriation des terrains et des espaces.<\/p>\n<p><strong>Et si Aulnay-Sous-Bois devenait un mod\u00e8le d&rsquo;une transition d\u00e9mocratique et sereine r\u00e9ussie ?<\/strong><\/p>\n<p style=\"text-align: right;\">Publi\u00e9 en juillet 2012 par le PPLD<\/p>\n","protected":false},"excerpt":{"rendered":"<p>En 1989, Michael Moore pr\u00e9sentait\u00a0Roger and Me,\u00a0l&rsquo;un de ses premiers films documentaires. Le r\u00e9alisateur, \u00e9c\u0153ur\u00e9 par la suppression de 30 000 emplois dans sa ville natale Flint,\u00a0part \u00e0 la recherche du responsable, le\u00a0PDG de General Motors,\u00a0Roger Smith&#8230;\u00a0Tout au long du &hellip; <a href=\"http:\/\/www.projet-decroissance.net\/?p=459\">Continuer la lecture <span class=\"meta-nav\">&rarr;<\/span><\/a><\/p>\n","protected":false},"author":4,"featured_media":0,"comment_status":"closed","ping_status":"open","sticky":false,"template":"","format":"standard","meta":{"footnotes":""},"categories":[1],"tags":[25,19],"class_list":["post-459","post","type-post","status-publish","format-standard","hentry","category-actualites","tag-transition","tag-transport"],"_links":{"self":[{"href":"http:\/\/www.projet-decroissance.net\/index.php?rest_route=\/wp\/v2\/posts\/459","targetHints":{"allow":["GET"]}}],"collection":[{"href":"http:\/\/www.projet-decroissance.net\/index.php?rest_route=\/wp\/v2\/posts"}],"about":[{"href":"http:\/\/www.projet-decroissance.net\/index.php?rest_route=\/wp\/v2\/types\/post"}],"author":[{"embeddable":true,"href":"http:\/\/www.projet-decroissance.net\/index.php?rest_route=\/wp\/v2\/users\/4"}],"replies":[{"embeddable":true,"href":"http:\/\/www.projet-decroissance.net\/index.php?rest_route=%2Fwp%2Fv2%2Fcomments&post=459"}],"version-history":[{"count":3,"href":"http:\/\/www.projet-decroissance.net\/index.php?rest_route=\/wp\/v2\/posts\/459\/revisions"}],"predecessor-version":[{"id":462,"href":"http:\/\/www.projet-decroissance.net\/index.php?rest_route=\/wp\/v2\/posts\/459\/revisions\/462"}],"wp:attachment":[{"href":"http:\/\/www.projet-decroissance.net\/index.php?rest_route=%2Fwp%2Fv2%2Fmedia&parent=459"}],"wp:term":[{"taxonomy":"category","embeddable":true,"href":"http:\/\/www.projet-decroissance.net\/index.php?rest_route=%2Fwp%2Fv2%2Fcategories&post=459"},{"taxonomy":"post_tag","embeddable":true,"href":"http:\/\/www.projet-decroissance.net\/index.php?rest_route=%2Fwp%2Fv2%2Ftags&post=459"}],"curies":[{"name":"wp","href":"https:\/\/api.w.org\/{rel}","templated":true}]}}