{"id":464,"date":"2012-10-29T20:14:19","date_gmt":"2012-10-29T20:14:19","guid":{"rendered":"http:\/\/www.projet-decroissance.net\/?p=464"},"modified":"2012-12-29T20:15:30","modified_gmt":"2012-12-29T20:15:30","slug":"pourquoi-les-objecteurs-de-croissance-participent-a-lorganisation-du-contre-g8-et-manifesteront-le-21-22-mai","status":"publish","type":"post","link":"http:\/\/www.projet-decroissance.net\/?p=464","title":{"rendered":"Pourquoi les Objecteurs de Croissance participent \u00e0 l&rsquo;organisation du contre G8 et manifesteront le 21-22 mai"},"content":{"rendered":"<p><a href=\"http:\/\/www.mobilisationsg8g20.org\/\"><img loading=\"lazy\" decoding=\"async\" class=\"alignleft\" src=\"http:\/\/www.mobilisationsg8g20.org\/local\/cache-vignettes\/L260xH180\/siteon0-e5814.png\" alt=\"\" width=\"260\" height=\"180\" \/><\/a><strong>Le G8 est la r\u00e9union de l\u2019oligarchie des 8 pays les plus riches du monde.<\/strong> C\u2019est un r\u00e9gime qui vise \u00e0 pr\u00e9server le syst\u00e8me croissanciste, afin de maintenir les privil\u00e8ges des plus riches au m\u00e9pris des urgences sociales et \u00e9cologiques.<\/p>\n<p>Le syst\u00e8me capitaliste et productiviste augmente les in\u00e9galit\u00e9s sociales, acc\u00e9l\u00e8re la d\u00e9pl\u00e9tion des ressources et les pollutions, cr\u00e9e le risque nucl\u00e9aire, et contribue \u00e0 le perte de sens de nos vies. Il n\u2019est pas envisageable de faire face \u00e0 cette crise de civilisation sans affronter ce r\u00e9gime oligarchique qui nous est impos\u00e9 comme \u00e9tant le seul possible.<\/p>\n<p>Les r\u00e9ponses solidaires et d\u00e9mocratiques \u00e0 la crise mondiale viendront des peuples eux-m\u00eames. Il s\u2019agit de proposer une soci\u00e9t\u00e9 qui permette \u00e0 chacune et chacun de vivre sans avoir \u00e0 s\u2019adapter aux contraintes d\u2019un syst\u00e8me injuste.<!--more--><\/p>\n<p>Cette soci\u00e9t\u00e9 doit rendre les populations autonomes et ind\u00e9pendantes des multinationales, de la finance, et des puissances \u00e9nerg\u00e9tiques. Elle doit donc aider les citoyens \u00e0 sortir d\u2019un mode de vie bas\u00e9 sur la consommation pour la consommation. Elle doit d\u00e9marchandiser le monde afin d\u2019\u00e9tendre la sph\u00e8re de la gratuit\u00e9 \u00e0 tous les biens de haute n\u00e9cessit\u00e9. En contrepartie, le gaspillage de ces biens doit \u00eatre rench\u00e9ri. Chacun a le droit \u00e0 la dignit\u00e9, sans condition, gr\u00e2ce \u00e0 un revenu universel coupl\u00e9 \u00e0 un revenu maximal. Elle doit relocaliser les \u00e9changes commerciaux, sociaux, les prises de d\u00e9cisions d\u00e9mocratiques et l\u2019agriculture.<\/p>\n<p>Les oligarques nous entra\u00eeneront dans la violence et l\u2019autoritarisme. Le changement ne viendra pas d\u2019eux. C\u2019est au peuple \u00e0 r\u00e9inventer une d\u00e9mocratie vivante. Les \u00e9v\u00e9nements r\u00e9cents montrent qu\u2019un tel accord est possible.<\/p>\n<p>L\u2019assembl\u00e9e de convergence pour l\u2019action G8\/G20 du forum social mondial appelle \u00e0 une grande mobilisation populaire lors du G8 des 26-27 mai \u00e0 Deauville et du G20 des 3-4 novembre \u00e0 Cannes.<\/p>\n<p>Ce sera l\u2019occasion m\u00e9diatique de montrer que la convergence des solutions pour le bien de tous est possible. C\u2019est pour cela que les Objecteurs de Croissance du Havre participent \u00e0 l\u2019organisation de la manifestation du 21-22 mai<\/p>\n<p style=\"text-align: right;\">Parti Pour La D\u00e9croissance<\/p>\n<p style=\"text-align: center;\"><img loading=\"lazy\" decoding=\"async\" class=\"aligncenter\" src=\"http:\/\/www.partipourladecroissance.net\/wp-content\/uploads\/2008\/12\/logo-ppld.gif\" alt=\"\" width=\"118\" height=\"68\" \/><\/p>\n<p style=\"text-align: center;\"><a href=\"http:\/\/www.partipourladecroissance.net\/?p=6168\"><strong>Toutes information n\u00e9cessaires sont sur sur Le Post<\/strong><\/a><\/p>\n<p style=\"text-align: left;\">\n<p style=\"text-align: left;\">\n","protected":false},"excerpt":{"rendered":"<p>Le G8 est la r\u00e9union de l\u2019oligarchie des 8 pays les plus riches du monde. C\u2019est un r\u00e9gime qui vise \u00e0 pr\u00e9server le syst\u00e8me croissanciste, afin de maintenir les privil\u00e8ges des plus riches au m\u00e9pris des urgences sociales et \u00e9cologiques. &hellip; <a href=\"http:\/\/www.projet-decroissance.net\/?p=464\">Continuer la lecture <span class=\"meta-nav\">&rarr;<\/span><\/a><\/p>\n","protected":false},"author":4,"featured_media":0,"comment_status":"closed","ping_status":"open","sticky":false,"template":"","format":"standard","meta":{"footnotes":""},"categories":[1],"tags":[23],"class_list":["post-464","post","type-post","status-publish","format-standard","hentry","category-actualites","tag-democratie"],"_links":{"self":[{"href":"http:\/\/www.projet-decroissance.net\/index.php?rest_route=\/wp\/v2\/posts\/464","targetHints":{"allow":["GET"]}}],"collection":[{"href":"http:\/\/www.projet-decroissance.net\/index.php?rest_route=\/wp\/v2\/posts"}],"about":[{"href":"http:\/\/www.projet-decroissance.net\/index.php?rest_route=\/wp\/v2\/types\/post"}],"author":[{"embeddable":true,"href":"http:\/\/www.projet-decroissance.net\/index.php?rest_route=\/wp\/v2\/users\/4"}],"replies":[{"embeddable":true,"href":"http:\/\/www.projet-decroissance.net\/index.php?rest_route=%2Fwp%2Fv2%2Fcomments&post=464"}],"version-history":[{"count":1,"href":"http:\/\/www.projet-decroissance.net\/index.php?rest_route=\/wp\/v2\/posts\/464\/revisions"}],"predecessor-version":[{"id":465,"href":"http:\/\/www.projet-decroissance.net\/index.php?rest_route=\/wp\/v2\/posts\/464\/revisions\/465"}],"wp:attachment":[{"href":"http:\/\/www.projet-decroissance.net\/index.php?rest_route=%2Fwp%2Fv2%2Fmedia&parent=464"}],"wp:term":[{"taxonomy":"category","embeddable":true,"href":"http:\/\/www.projet-decroissance.net\/index.php?rest_route=%2Fwp%2Fv2%2Fcategories&post=464"},{"taxonomy":"post_tag","embeddable":true,"href":"http:\/\/www.projet-decroissance.net\/index.php?rest_route=%2Fwp%2Fv2%2Ftags&post=464"}],"curies":[{"name":"wp","href":"https:\/\/api.w.org\/{rel}","templated":true}]}}