{"id":466,"date":"2012-10-29T20:15:43","date_gmt":"2012-10-29T20:15:43","guid":{"rendered":"http:\/\/www.projet-decroissance.net\/?p=466"},"modified":"2012-12-29T20:16:42","modified_gmt":"2012-12-29T20:16:42","slug":"greve-du-19-mars-declaration-du-ppld","status":"publish","type":"post","link":"http:\/\/www.projet-decroissance.net\/?p=466","title":{"rendered":"Gr\u00e8ve du 19 mars : d\u00e9claration du PPLD"},"content":{"rendered":"<p><a href=\"http:\/\/www.partipourladecroissance.net\" target=\"_blank\"><em><strong><img loading=\"lazy\" decoding=\"async\" class=\"alignleft size-full wp-image-24\" style=\"margin: 5px;\" title=\"logo-ppld\" src=\"..\/wp-content\/uploads\/2008\/12\/logo-ppld.gif\" alt=\"logo-ppld\" width=\"118\" height=\"68\" \/><\/strong><\/em><\/a><strong><\/strong>Le PPLD s\u2019\u00e9tait associ\u00e9 \u00e0 la d\u00e9claration unitaire \u201c<a href=\"http:\/\/bellaciao.org\/fr\/spip.php?article78784\" target=\"_blank\">Ce n\u2019est pas \u00e0 la population de payer la crise<\/a>\u201d faite pour la manifestation du 29 janvier dernier \u00e0 laquelle il avait particip\u00e9 dans plusieurs ville de France avec 2,5 millions de concitoyens mais avec un certain nombre de r\u00e9serves.<br \/>\nNous r\u00e9pondons \u00e0 l&rsquo;<a href=\"http:\/\/contreinfo.info\/breve.php3?id_breve=5707\">appel unitaire du 19 mars<\/a> en reprenant ici une partie du texte que nous avions alors publi\u00e9 afin de bien expliquer notre lecture de cette crise in\u00e9dite mais aussi exprimer quelques propositions.<\/p>\n<p>En effet, l\u2019Europe entre en r\u00e9cession, le ch\u00f4mage explose et les gouvernements semblent incapables d\u2019inverser la tendance, malgr\u00e9 un soutien d\u00e9sesp\u00e9r\u00e9 apport\u00e9 aux banques. Le PPLD souhaite exprimer sa solidarit\u00e9 avec les victimes de cette crise. Plus que jamais nous allons avoir besoin de solidarit\u00e9, mais surtout un grand besoin de trouver des solutions alternatives.<!--more--><\/p>\n<p>En effet nous n\u2019arriverons pas \u00e0 sortir de cette crise, qui n\u2019est pas seulement celle de la financiarisation de l\u2019\u00e9conomie, si nous ne prenons pas le temps d\u2019en analyser les causes profondes ainsi que tous ses aspects.<\/p>\n<p>Cette crise est in\u00e9dite. Elle est \u00e0 la fois \u00e9conomique, \u00e9cologique, \u00e9nerg\u00e9tique, sociale mais aussi culturelle.<\/p>\n<p>Les solutions ne se trouveront pas dans les vielles recettes comme maintenir des emplois dans des secteurs vou\u00e9s \u00e0 dispara\u00eetre ou augmenter les salaires dans le seul but de relancer une machine elle-m\u00eame moribonde. Ce n\u2019est pas par la croissance, encore moins par la relance de l\u2019industrie automobile que nous sortirons de cette crise syst\u00e9mique mais en repensant la soci\u00e9t\u00e9 en profondeur.<\/p>\n<p>Aujourd\u2019hui l\u2019Europe n\u2019a jamais \u00e9t\u00e9 aussi riche et pourtant elle sombre dans la crise. Les in\u00e9galit\u00e9s sociales sont vertigineuses, la pollution et la crise \u00e9cologique nous menacent. Les crises sociales se multiplient (Gr\u00e8ce, Islande\u2026). M\u00eame au niveau \u00e9nerg\u00e9tique l\u2019Europe est fragile comme l\u2019a montr\u00e9 la crise du gaz de cet hiver.<br \/>\nDe plus, notre niveau de vie n\u2019est pas g\u00e9n\u00e9ralisable, puisque nous atteignons les limites de la plan\u00e8te avec une empreinte \u00e9cologique de 3 \u00e0 4 plan\u00e8tes.<\/p>\n<p><em><strong> Une croissance infinie dans un monde fini n\u2019est pas possible !<\/strong><\/em><\/p>\n<p><strong>Nous proposons pour sortir de la crise une s\u00e9rie de r\u00e9formes susceptible d\u2019enclencher des cercles vertueux d\u2019une <\/strong><strong>D\u00e9croissance :<\/strong><\/p>\n<ul>\n<li><strong>Sereine :<\/strong> dans ce contexte d\u2019ins\u00e9curit\u00e9 sociale, nous proposons la mise en place d\u2019un revenu de citoyennet\u00e9 europ\u00e9enne afin de donner \u00e0 tous, en particulier aux victimes de la crise, le n\u00e9cessaire pour continuer \u00e0 vivre et \u00e0 avoir acc\u00e8s aux services publiques (\u00e9ducation, sant\u00e9, transport, \u00e9nergie, culture\u2026).<br \/>\nCe revenu de citoyennet\u00e9 doit \u00eatre coupl\u00e9 \u00e0 un revenu maximum autoris\u00e9, au del\u00e0 du quel l&rsquo;\u00e9tat prend tout afin de r\u00e9tablir une justice sociale \u00e0 l&rsquo;\u00e9chelle europ\u00e9enne, mais aussi \u00e0 l&rsquo;\u00e9chelle mondiale.<\/li>\n<\/ul>\n<ul>\n<li><strong>Soutenable<\/strong> : revenir \u00e0 une empreinte \u00e9cologique de une plan\u00e8te avec des grands plans d\u2019\u00e9conomie d\u2019\u00e9nergie, de relocalisation de la vie, d&rsquo;une r\u00e9forme en profondeur de notre agriculture et d&rsquo;une remise en question en profondeur de la soci\u00e9t\u00e9 de consommation.<\/li>\n<\/ul>\n<p style=\"text-align: center;\"><em><strong> Plus de lien et moins de biens !<\/strong><\/em><\/p>\n<ul>\n<li> <strong>Conviviale<\/strong> : sortir de cette soci\u00e9t\u00e9 productiviste et travailliste en r\u00e9partissant le travail, en r\u00e9duisant nos productions (produire mieux, durable, r\u00e9parable et utile !) et en s\u2019appuyant sur des grands plans de reconversion (il faut accepter que la soci\u00e9t\u00e9 de l\u2019automobile nous am\u00e8ne dans une impasse !).<br \/>\nTravailler moins pour vivre mieux .<\/li>\n<\/ul>\n<p style=\"text-align: center;\"><em><strong> Travailler moins pour vivre mieux !<\/strong><\/em><\/p>\n<p>Rejoignez-nous pour construire la soci\u00e9t\u00e9 de demain !<\/p>\n<p><em><strong>Parti Pour La D\u00e9croissance<br \/>\n<a href=\"http:\/\/www.partipourladecroissance.net\" target=\"_blank\">http:\/\/www.partipourladecroissance.net<\/a><br \/>\n<\/strong><\/em><br \/>\n<em><strong> Signer l&rsquo;<a href=\"http:\/\/www.objecteursdecroissance.fr\/?chemin=accueil&amp;init=1\" target=\"_blank\">Appel Europe-D\u00e9croissance<\/a>.<br \/>\nD\u00e9j\u00e0 plus de 1 500 signatures.<\/strong><\/em><\/p>\n<p><a href=\"http:\/\/www.partipourladecroissance.net\/wp-content\/uploads\/2009\/03\/PPLD-19mars09.pdf\"><em><strong>voir le tract PPLD contenant d&rsquo;autres d\u00e9clarations !<\/strong><\/em><\/a><\/p>\n<p><em><strong><a href=\"http:\/\/www.partipourladecroissance.net\/wp-content\/uploads\/2009\/03\/PPLD-19mars09.pdf\"><img loading=\"lazy\" decoding=\"async\" class=\"alignleft\" src=\"http:\/\/www.partipourladecroissance.net\/wp-content\/uploads\/2009\/03\/PPLD-19mars09.jpg\" alt=\"\" width=\"153\" height=\"214\" \/><\/a><\/strong><\/em><\/p>\n","protected":false},"excerpt":{"rendered":"<p>Le PPLD s\u2019\u00e9tait associ\u00e9 \u00e0 la d\u00e9claration unitaire \u201cCe n\u2019est pas \u00e0 la population de payer la crise\u201d faite pour la manifestation du 29 janvier dernier \u00e0 laquelle il avait particip\u00e9 dans plusieurs ville de France avec 2,5 millions de &hellip; <a href=\"http:\/\/www.projet-decroissance.net\/?p=466\">Continuer la lecture <span class=\"meta-nav\">&rarr;<\/span><\/a><\/p>\n","protected":false},"author":4,"featured_media":0,"comment_status":"closed","ping_status":"open","sticky":false,"template":"","format":"standard","meta":{"footnotes":""},"categories":[1],"tags":[22,21],"class_list":["post-466","post","type-post","status-publish","format-standard","hentry","category-actualites","tag-crise","tag-dette"],"_links":{"self":[{"href":"http:\/\/www.projet-decroissance.net\/index.php?rest_route=\/wp\/v2\/posts\/466","targetHints":{"allow":["GET"]}}],"collection":[{"href":"http:\/\/www.projet-decroissance.net\/index.php?rest_route=\/wp\/v2\/posts"}],"about":[{"href":"http:\/\/www.projet-decroissance.net\/index.php?rest_route=\/wp\/v2\/types\/post"}],"author":[{"embeddable":true,"href":"http:\/\/www.projet-decroissance.net\/index.php?rest_route=\/wp\/v2\/users\/4"}],"replies":[{"embeddable":true,"href":"http:\/\/www.projet-decroissance.net\/index.php?rest_route=%2Fwp%2Fv2%2Fcomments&post=466"}],"version-history":[{"count":1,"href":"http:\/\/www.projet-decroissance.net\/index.php?rest_route=\/wp\/v2\/posts\/466\/revisions"}],"predecessor-version":[{"id":467,"href":"http:\/\/www.projet-decroissance.net\/index.php?rest_route=\/wp\/v2\/posts\/466\/revisions\/467"}],"wp:attachment":[{"href":"http:\/\/www.projet-decroissance.net\/index.php?rest_route=%2Fwp%2Fv2%2Fmedia&parent=466"}],"wp:term":[{"taxonomy":"category","embeddable":true,"href":"http:\/\/www.projet-decroissance.net\/index.php?rest_route=%2Fwp%2Fv2%2Fcategories&post=466"},{"taxonomy":"post_tag","embeddable":true,"href":"http:\/\/www.projet-decroissance.net\/index.php?rest_route=%2Fwp%2Fv2%2Ftags&post=466"}],"curies":[{"name":"wp","href":"https:\/\/api.w.org\/{rel}","templated":true}]}}