{"id":475,"date":"2012-11-29T20:51:59","date_gmt":"2012-11-29T20:51:59","guid":{"rendered":"http:\/\/www.projet-decroissance.net\/?p=475"},"modified":"2012-12-29T20:55:44","modified_gmt":"2012-12-29T20:55:44","slug":"quand-la-decroissance-decolonise-le-monde-academique","status":"publish","type":"post","link":"http:\/\/www.projet-decroissance.net\/?p=475","title":{"rendered":"Quand la D\u00e9croissance d\u00e9colonise le monde acad\u00e9mique"},"content":{"rendered":"<p><img loading=\"lazy\" decoding=\"async\" class=\"alignleft\" style=\"margin: 8px;\" src=\"http:\/\/www.partipourladecroissance.net\/wp-content\/uploads\/2011\/11\/logo_esee2011_2.png\" alt=\"\" width=\"319\" height=\"149\" \/>Je rentre tout juste d&rsquo;Istanbul apr\u00e8s 40h de train \u00e0 travers les Balkans, o\u00f9 je viens de passer une semaine riche en rencontres, r\u00e9flexions, d\u00e9bats, surprises et, bien s\u00fbr en \u00e9v\u00e9nements festifs et conviviaux.<br \/>\nEn effet se tenait du 15 au 18 juin la <a href=\"https:\/\/www.esee2011.org\/\" target=\"_blank\">9\u00e8me conf\u00e9rence internationale d&rsquo;\u00e9conomie \u00e9cologique<\/a>.<br \/>\nJ&rsquo;ai aussi particip\u00e9 aux trois jours d&rsquo;ateliers participatifs de la pr\u00e9-conf\u00e9rence r\u00e9unissant une trentaine de jeunes chercheurs du monde entier.<\/p>\n<p><strong>Qu&rsquo;est-ce que l&rsquo;\u00e9conomie \u00e9cologique ?<\/strong><\/p>\n<p>L&rsquo;\u00e9conomie \u00e9cologique est une branche de l&rsquo;\u00e9conomie qui remet en cause le n\u00e9oclassicisme, comme l&rsquo;a tr\u00e8s bien expliqu\u00e9 l&rsquo;universitaire anglais Clive Spash lors du premier jour de la pr\u00e9-conf\u00e9rence. On retrouve parmi les pionniers et les sources de cette discipline beaucoup de penseurs tr\u00e8s souvent cit\u00e9s dans la D\u00e9croissance, comme, pour n&rsquo;en reprendre que quelques uns, <a href=\"http:\/\/vimeo.com\/14288450\" target=\"_blank\">Nicholas Georgescu-Roegen<\/a>, Karl Polanyi, Ernst Friedrich Schumacher\u2026 Ne manquent que l&rsquo;approche culturelle et nos r\u00e9f\u00e9rences comme Illich, Gorz, Castoriadis, Ellul, Charbonneau, Latouche, etc.<br \/>\nIl ne faut surtout pas la confondre avec l&rsquo;\u00e9conomie de l&rsquo;environnement, vivement critiqu\u00e9e pour ses errements n\u00e9o-classiques et son d\u00e9ni de r\u00e9alit\u00e9. Clive Spash nous a ainsi fait la d\u00e9monstration, apr\u00e8s plusieurs ann\u00e9es de difficile collaboration, de l&rsquo;incompatibilit\u00e9 des deux d\u00e9marches et du besoin de radicalit\u00e9 et de coh\u00e9rence afin de permettre \u00e0 l&rsquo;\u00e9conomie \u00e9cologique de s&rsquo;\u00e9manciper.<br \/>\nLe deuxi\u00e8me jour de cette pr\u00e9-conf\u00e9rence \u00e9tait consacr\u00e9 \u00e0 une question ch\u00e8re aux objecteurs de croissance : le capitalisme est-il \u00e9co-compatible ? Les discussions \u00e9taient men\u00e9es par Pat Devine de l&rsquo;universit\u00e9 de Manchester et la D\u00e9croissance (Degrowth) fut all\u00e8grement cit\u00e9e, avec souvent beaucoup de confusions. Difficile d&rsquo;expliquer \u00e0 nos amis \u00e9conomistes que Degrowth n&rsquo;est pas la d\u00e9croissance pour la d\u00e9croissance, ce qui serait aussi stupide que la croissance pour la croissance.<\/p>\n<p><strong>La D\u00e9croissance en force<\/strong><br \/>\n<!--more--><\/p>\n<p><a href=\"http:\/\/degrowth.org\/european-society-for-ecological-economics-conference-2011\" target=\"_blank\"><img loading=\"lazy\" decoding=\"async\" class=\"alignright\" style=\"margin: 8px;\" title=\"Photo-Istanbul-Degrowth-ESE\" src=\"http:\/\/degrowth.org\/wp-content\/uploads\/2011\/08\/Photo-Istanbul-Degrowth-ESE.jpg\" alt=\"\" width=\"360\" height=\"270\" \/><\/a><\/p>\n<p>Le troisi\u00e8me jour de cet atelier \u00e9tait uniquement consacr\u00e9&#8230; \u00e0 la D\u00e9croissance. Cette journ\u00e9e fut anim\u00e9e par nos amis barcelonais venus en force, en bateau, puis en train \u00e0 travers les Balkans. En effet, s&rsquo;est cr\u00e9\u00e9 notamment autour de Fran\u00e7ois Schneider, l&rsquo;initiateur de la marche pour la D\u00e9croissance de 2005 et aussi de la premi\u00e8re conf\u00e9rence internationale sur la D\u00e9croissance de Paris en 2008 avec Fabrice Flipo, <a href=\"http:\/\/www.degrowth.net\/\" target=\"_blank\">une \u00e9quipe de recherche sur la D\u00e9croissance<\/a> \u00e0 l&rsquo;universit\u00e9 autonome de Barcelone. C&rsquo;est cette \u00e9quipe, anim\u00e9e par le grand professeur Joan Martinez Alier (un des pr\u00e9curseurs de l&rsquo;\u00e9conomie \u00e9cologique) qui avait organis\u00e9 la 2\u00e8me conf\u00e9rence internationale en mars dernier. Leur m\u00e9thode de travail s&rsquo;appuie sur des collaborations continues entre activisme, exp\u00e9rimentations et recherche acad\u00e9mique interdisciplinaire. C&rsquo;est ce que l&rsquo;on appelle la transdisciplinarit\u00e9. Ils ont ces deux derni\u00e8res ann\u00e9es publi\u00e9 une dizaine d&rsquo;articles dans des revues universitaires de r\u00e9f\u00e9rence et permettent ainsi \u00e0 la D\u00e9croissance de s&rsquo;immiscer, petit \u00e0 petit, \u00e0 la fois dans le monde anglo-saxon (la litt\u00e9rature sur la D\u00e9croissance en anglais reste tr\u00e8s pauvre) et le monde universitaire (domin\u00e9 par l&rsquo;anglais !).<br \/>\nLa D\u00e9croissance, avec eux et d&rsquo;autres, notamment les r\u00e9flexions du Parti Pour La D\u00e9croissance, ont ainsi, tout au long de la conf\u00e9rence trust\u00e9 les places de choix : ateliers, pl\u00e9ni\u00e8res, questions dans la salle&#8230; en s&rsquo;imposant de mani\u00e8re naturelle. Elle \u00e9tait surtout tr\u00e8s pr\u00e9sente lors des pauses caf\u00e9, des d\u00e9jeuners, des soir\u00e9es&#8230;<\/p>\n<p><strong>Perspectives<\/strong><\/p>\n<p>La D\u00e9croissance, comme le dit souvent Paul Ari\u00e8s, est un ovni politique, mais c&rsquo;est aussi un ovni acad\u00e9mique. Elle surprend, d\u00e9stabilise par son approche multidimensionnelle, sa radicalit\u00e9 et sa coh\u00e9rence. De m\u00eame, elle joue vraiment ce r\u00f4le de poil \u00e0 gratter, de casseur de dogme et ouvre des perspectives, en particulier gr\u00e2ce \u00e0 l&rsquo;\u00e9quipe de Barcelone et son organisation construite sur le principe de l&rsquo;autogestion, de la participation et de l&rsquo;int\u00e9gration de la soci\u00e9t\u00e9 civile dans ses recherches et discussions.<br \/>\nCette libert\u00e9 est enthousiasmante mais peut cr\u00e9er des confusions et je dois bien reconna\u00eetre que malheureusement certaines discussions avec des universitaires, se retrouvant perdus face \u00e0 une telle approche radicale et transdisciplinaire, se sont av\u00e9r\u00e9es st\u00e9riles. Qu&rsquo;est-ce que la D\u00e9croissance ? Comme en France, le d\u00e9bat \u00e9tait r\u00e9current, comment d\u00e9finir simplement la D\u00e9croissance, <a href=\"http:\/\/www.partipourladecroissance.net\/?page_id=4764\" target=\"_blank\">pourquoi un terme aussi n\u00e9gatif ?<\/a> En anglais, on parle de Degrowth, en allemand, un consensus a semble-t-il \u00e9t\u00e9 trouv\u00e9 autour de post-croissance (postwachstum). En France, nous avons r\u00e9ussi, m\u00eame si le d\u00e9bat continue \u00e0 battre son plein, \u00e0 trouver un certain consensus autour du slogan provocateur mot obus, jouant ce r\u00f4le de poil \u00e0 gratter id\u00e9ologique. Beaucoup d&rsquo;Objecteurs et d&rsquo;Objectrices de Croissance, pas tous, se retrouvent derri\u00e8res ce mot et la pens\u00e9e politique qu&rsquo;il repr\u00e9sente.<br \/>\nEn France, mais maintenant un peu partout dans le monde occidental, la D\u00e9croissance se r\u00e9pand, questionne, fait vivre les id\u00e9es&#8230; mais semble toujours se chercher.<\/p>\n<p>Vincent Liegey, membre du Parti Pour La D\u00e9croissance et du collectif <a href=\"www.decroissance2012.fr\" target=\"_blank\">D\u00e9croissance 2012<\/a>, effectue un doctorat sur la D\u00e9croissance \u00e0 l&rsquo;universit\u00e9 d&rsquo;\u00e9conomie de Budapest.<\/p>\n","protected":false},"excerpt":{"rendered":"<p>Je rentre tout juste d&rsquo;Istanbul apr\u00e8s 40h de train \u00e0 travers les Balkans, o\u00f9 je viens de passer une semaine riche en rencontres, r\u00e9flexions, d\u00e9bats, surprises et, bien s\u00fbr en \u00e9v\u00e9nements festifs et conviviaux. En effet se tenait du 15 &hellip; <a href=\"http:\/\/www.projet-decroissance.net\/?p=475\">Continuer la lecture <span class=\"meta-nav\">&rarr;<\/span><\/a><\/p>\n","protected":false},"author":4,"featured_media":0,"comment_status":"closed","ping_status":"open","sticky":false,"template":"","format":"standard","meta":{"footnotes":""},"categories":[1],"tags":[13,28],"class_list":["post-475","post","type-post","status-publish","format-standard","hentry","category-actualites","tag-decroissance","tag-recherche"],"_links":{"self":[{"href":"http:\/\/www.projet-decroissance.net\/index.php?rest_route=\/wp\/v2\/posts\/475","targetHints":{"allow":["GET"]}}],"collection":[{"href":"http:\/\/www.projet-decroissance.net\/index.php?rest_route=\/wp\/v2\/posts"}],"about":[{"href":"http:\/\/www.projet-decroissance.net\/index.php?rest_route=\/wp\/v2\/types\/post"}],"author":[{"embeddable":true,"href":"http:\/\/www.projet-decroissance.net\/index.php?rest_route=\/wp\/v2\/users\/4"}],"replies":[{"embeddable":true,"href":"http:\/\/www.projet-decroissance.net\/index.php?rest_route=%2Fwp%2Fv2%2Fcomments&post=475"}],"version-history":[{"count":2,"href":"http:\/\/www.projet-decroissance.net\/index.php?rest_route=\/wp\/v2\/posts\/475\/revisions"}],"predecessor-version":[{"id":479,"href":"http:\/\/www.projet-decroissance.net\/index.php?rest_route=\/wp\/v2\/posts\/475\/revisions\/479"}],"wp:attachment":[{"href":"http:\/\/www.projet-decroissance.net\/index.php?rest_route=%2Fwp%2Fv2%2Fmedia&parent=475"}],"wp:term":[{"taxonomy":"category","embeddable":true,"href":"http:\/\/www.projet-decroissance.net\/index.php?rest_route=%2Fwp%2Fv2%2Fcategories&post=475"},{"taxonomy":"post_tag","embeddable":true,"href":"http:\/\/www.projet-decroissance.net\/index.php?rest_route=%2Fwp%2Fv2%2Ftags&post=475"}],"curies":[{"name":"wp","href":"https:\/\/api.w.org\/{rel}","templated":true}]}}