{"id":477,"date":"2012-11-29T20:54:43","date_gmt":"2012-11-29T20:54:43","guid":{"rendered":"http:\/\/www.projet-decroissance.net\/?p=477"},"modified":"2012-12-29T20:55:21","modified_gmt":"2012-12-29T20:55:21","slug":"voir-venise-et-decroitre","status":"publish","type":"post","link":"http:\/\/www.projet-decroissance.net\/?p=477","title":{"rendered":"Voir Venise et d\u00e9cro\u00eetre !"},"content":{"rendered":"<div>\n<div>\n<div><img loading=\"lazy\" decoding=\"async\" class=\"alignleft\" src=\"http:\/\/sphotos-c.ak.fbcdn.net\/hphotos-ak-prn1\/532152_391877864217755_1942116306_n.jpg\" alt=\"\" width=\"116\" height=\"77\" \/>La semaine derni\u00e8re s\u2019est tenue \u00e0\u00a0<a href=\"http:\/\/www.venezia2012.it\/?lang=en\" target=\"_blank\">Venise la 3\u00e8me conf\u00e9rence internationale sur la D\u00e9croissance<\/a>. Pas moins de 600 objectrices et objecteurs de croissance, venus de plus de 50 pays et de tous les continents, ont particip\u00e9 \u00e0 cette formidable rencontre !<\/div>\n<\/div>\n<div>\u00c9taient au rendez-vous des \u00e9v\u00e8nements publics, comme un festival de cin\u00e9ma ou encore un d\u00e9bat dans la Basilica di Santa Maria Gloriosa dei Frari avec Serge Latouche, des ateliers pratiques ou studieux et acad\u00e9miques, mais aussi des rencontres militantes et des moments de convivialit\u00e9.<\/div>\n<div>\n<div>La France \u00e9tait repr\u00e9sent\u00e9e par\u00a0<a href=\"http:\/\/www.entropia-la-revue.org\/\" target=\"_blank\">Entropia<\/a>, S. Latouche, Y. Cochet, mais aussi par des OC venu pr\u00e9senter la\u00a0<a href=\"http:\/\/www.partipourladecroissance.net\/?p=7582\" target=\"_blank\">Dotation Inconditionnelle d\u2019Autonomie<\/a>, notre\u00a0<a href=\"http:\/\/www.partipourladecroissance.net\/?page_id=6859\" target=\"_blank\">strat\u00e9gie politique<\/a>\u00a0et beaucoup d\u2019autres choses. Nous avons retrouv\u00e9 nos camarades suisses et\u00a0<a href=\"http:\/\/www.achetezmoins.ch\/\" target=\"_blank\">leur formidable nouveau journal\u00a0<em>Moins!<\/em><\/a>, ceux de Barcelona et leur groupe\u00a0<a href=\"http:\/\/degrowth.org\/\" target=\"_blank\">Research&amp;Degrowth<\/a>, ainsi que nos amis Majid Rahnema,\u00a0<a href=\"http:\/\/www.partipourladecroissance.net\/?p=5573\" target=\"_blank\">Jacques Grinevald<\/a>, Gilbert Rist, Joan Martinez-Alier, Rob Hopkins, Arturo Escobar et de nombreux autres etc.<\/div>\n<div><img loading=\"lazy\" decoding=\"async\" class=\"aligncenter\" src=\"http:\/\/sphotos-a.ak.fbcdn.net\/hphotos-ak-snc6\/227992_392660437472831_1355874098_n.jpg\" alt=\"\" width=\"396\" height=\"237\" \/><\/div>\n<div><!--more--><\/div>\n<div>Dans une atmosph\u00e8re d\u2019autogestion, dialogue, partage et convivialit\u00e9, nous avons pu constater \u00e0 quel point les questionnements qui traversent notre mouvement en France, sont partag\u00e9s par toutes et tous : Comment colporter la D\u00e9croissance en coh\u00e9rence avec nos id\u00e9es ? Comment respecter, cultiver la diversit\u00e9 des approches, des initiatives et des strat\u00e9gies ? Quelles convergences co-cr\u00e9er avec des mouvements comme les indign\u00e9s, Occupy, ou encore avec les groupes et partis politiques de gauches et \u00e9cologiques ? quels projets ? comment aller \u00e0 la rencontre de l\u2019autre ? Quelle relations interg\u00e9n\u00e9rationnelles ? Quelle relocalisation ? etc.<\/div>\n<div>Nous sommes conscients de faire face \u00e0 une convergence de crises, v\u00e9ritable crise de civilisation, mais aussi enthousiastes par le dynamisme et la cr\u00e9ativit\u00e9 d\u2019initiatives de transition un peu partout dans le monde. C\u2019est pourquoi un appel a \u00e9t\u00e9 lanc\u00e9 afin d\u2019avancer dans la mise en place d\u2019outils permettant de mieux communiquer et partager ensemble nos exp\u00e9riences \u00a0:\u00a0un\u00a0<a href=\"http:\/\/en.demagazine.eu\/\" target=\"_blank\">site Internet<\/a>,\u00a0un mapping afin de se rencontrer localement,\u00a0un\u00a0<a href=\"http:\/\/degrowthpedia.org\/\" target=\"_blank\">wiki<\/a>,\u00a0renforcer la\u00a0<a href=\"http:\/\/degrowth.org\/newsletter\" target=\"_blank\">Newsletter de R&amp;D<\/a>\u00a0et la\u00a0mise en place de mailing listes d\u2019\u00e9change.<\/div>\n<\/div>\n<p><img loading=\"lazy\" decoding=\"async\" class=\"aligncenter\" src=\"http:\/\/sphotos-b.ak.fbcdn.net\/hphotos-ak-ash3\/538860_391877087551166_1862629096_n.jpg\" alt=\"\" width=\"518\" height=\"345\" \/><\/p>\n<div>\n<div>N\u2019h\u00e9siter pas \u00e0 nous contacter si vous souhaitez avoir plus d\u2019informations sur ces initiatives que nous ne manquerons pas de relayer.<\/div>\n<\/div>\n<p>Vous pouvez aussi retrouver\u00a0<a href=\"http:\/\/www.sherwood.it\/articolo\/2016\/video-3-conferenza-internazionale-sulla-decrescita\" target=\"_blank\">des vid\u00e9os des\u00a0pl\u00e9ni\u00e8res\u00a0de Venise<\/a>, des\u00a0<a href=\"http:\/\/www.facebook.com\/Venezia2012\/photos?ref=ts\" target=\"_blank\">photos<\/a>, des\u00a0<a href=\"http:\/\/www.venezia2012.it\/workshop?lang=en\" target=\"_blank\">textes<\/a>, etc.<\/p>\n<div>\n<div>A 2014 pour la prochaine conf\u00e9rence internationale pour la D\u00e9croissance, d\u2019ici l\u00e0 l\u2019escargot aura encore bien avanc\u00e9 !<\/div>\n<div>Vincent Liegey<\/div>\n<\/div>\n<div><img loading=\"lazy\" decoding=\"async\" class=\"aligncenter\" src=\"http:\/\/sphotos-h.ak.fbcdn.net\/hphotos-ak-ash4\/185161_392655367473338_224432499_n.jpg\" alt=\"\" width=\"497\" height=\"331\" \/><\/div>\n<div><img loading=\"lazy\" decoding=\"async\" class=\"aligncenter\" src=\"http:\/\/sphotos-h.ak.fbcdn.net\/hphotos-ak-snc7\/375880_392659980806210_1875584480_n.jpg\" alt=\"\" width=\"499\" height=\"731\" \/><\/div>\n<\/div>\n","protected":false},"excerpt":{"rendered":"<p>La semaine derni\u00e8re s\u2019est tenue \u00e0\u00a0Venise la 3\u00e8me conf\u00e9rence internationale sur la D\u00e9croissance. Pas moins de 600 objectrices et objecteurs de croissance, venus de plus de 50 pays et de tous les continents, ont particip\u00e9 \u00e0 cette formidable rencontre ! &hellip; <a href=\"http:\/\/www.projet-decroissance.net\/?p=477\">Continuer la lecture <span class=\"meta-nav\">&rarr;<\/span><\/a><\/p>\n","protected":false},"author":4,"featured_media":0,"comment_status":"closed","ping_status":"open","sticky":false,"template":"","format":"standard","meta":{"footnotes":""},"categories":[1],"tags":[13,28],"class_list":["post-477","post","type-post","status-publish","format-standard","hentry","category-actualites","tag-decroissance","tag-recherche"],"_links":{"self":[{"href":"http:\/\/www.projet-decroissance.net\/index.php?rest_route=\/wp\/v2\/posts\/477","targetHints":{"allow":["GET"]}}],"collection":[{"href":"http:\/\/www.projet-decroissance.net\/index.php?rest_route=\/wp\/v2\/posts"}],"about":[{"href":"http:\/\/www.projet-decroissance.net\/index.php?rest_route=\/wp\/v2\/types\/post"}],"author":[{"embeddable":true,"href":"http:\/\/www.projet-decroissance.net\/index.php?rest_route=\/wp\/v2\/users\/4"}],"replies":[{"embeddable":true,"href":"http:\/\/www.projet-decroissance.net\/index.php?rest_route=%2Fwp%2Fv2%2Fcomments&post=477"}],"version-history":[{"count":1,"href":"http:\/\/www.projet-decroissance.net\/index.php?rest_route=\/wp\/v2\/posts\/477\/revisions"}],"predecessor-version":[{"id":478,"href":"http:\/\/www.projet-decroissance.net\/index.php?rest_route=\/wp\/v2\/posts\/477\/revisions\/478"}],"wp:attachment":[{"href":"http:\/\/www.projet-decroissance.net\/index.php?rest_route=%2Fwp%2Fv2%2Fmedia&parent=477"}],"wp:term":[{"taxonomy":"category","embeddable":true,"href":"http:\/\/www.projet-decroissance.net\/index.php?rest_route=%2Fwp%2Fv2%2Fcategories&post=477"},{"taxonomy":"post_tag","embeddable":true,"href":"http:\/\/www.projet-decroissance.net\/index.php?rest_route=%2Fwp%2Fv2%2Ftags&post=477"}],"curies":[{"name":"wp","href":"https:\/\/api.w.org\/{rel}","templated":true}]}}