{"id":483,"date":"2012-11-29T20:57:10","date_gmt":"2012-11-29T20:57:10","guid":{"rendered":"http:\/\/www.projet-decroissance.net\/?p=483"},"modified":"2012-12-29T20:58:55","modified_gmt":"2012-12-29T20:58:55","slug":"democracia-real-ya-viva-la-decrecimiento","status":"publish","type":"post","link":"http:\/\/www.projet-decroissance.net\/?p=483","title":{"rendered":"Democracia Real Ya! Viva la Decrecimiento!"},"content":{"rendered":"<div><big><img loading=\"lazy\" decoding=\"async\" class=\"alignleft\" style=\"margin: 8px;\" alt=\"\" src=\"http:\/\/www.partipourladecroissance.net\/wp-content\/uploads\/2008\/12\/logo-ppld.gif\" width=\"118\" height=\"68\" \/><strong>La d\u00e9mocratie r\u00e9elle c&rsquo;est la D\u00e9croissance !<br \/>\n<\/strong> <\/big><\/div>\n<div><strong><big>Democracia Real Ya! Viva la Decrecimiento!<\/big><\/strong><\/div>\n<p>Depuis le 15 mai nos ami-e-s espagnol-e-s, ont d\u00e9cid\u00e9 d&rsquo;occuper la rue afin de critiquer le manque de d\u00e9mocratie ainsi que la classe politique dominante et ses plans de rigueur qu&rsquo;elle impose \u00e0 la soci\u00e9t\u00e9.<\/p>\n<p>En tant qu&rsquo;objecteurs-trices de croissance nous soutenons cette d\u00e9marche et nous nous f\u00e9licitons aussi de son extension \u00e0 la France !<\/p>\n<p>Nous tenons \u00e0 souligner le caract\u00e8re non-violent de cette initiative et l&rsquo;organisation mise en place : autogestion, discussion en assembl\u00e9e g\u00e9n\u00e9rale et r\u00e9flexion sur la d\u00e9mocratie participative, critique du patriarcat- bien loin du triste spectacle donn\u00e9 en France par nos \u00ab \u00e9lites \u00bb ! Nous soulignons\u00a0 une recherche de coh\u00e9rence entre les id\u00e9es et la mani\u00e8re de faire avec, par exemple, la mise en place de panneaux solaires sur la <a href=\"http:\/\/www.lespetitspoissontrouges.org\/index.php?post\/2011\/05\/24\/De-Puerta-del-Sol-%C3%A0-la-Bastille-%3A-la-calle-no-calla%21-%286%29\">Puerta del Sol \u00e0 Madrid<\/a>.<\/p>\n<p><!--more--><\/p>\n<p>Les id\u00e9es de la D\u00e9croissance se retrouvent dans plusieurs des revendications mises en avant comme la convocation d&rsquo;une assembl\u00e9e constituante, une d\u00e9croissance des in\u00e9galit\u00e9s (<a href=\"http:\/\/www.partipourladecroissance.net\/?p=5273\">le revenu inconditionnel d&rsquo;existence<\/a> a m\u00eame \u00e9t\u00e9 \u00e9voqu\u00e9 dans des discussions), une plus grande justice sociale, un plus grand contr\u00f4le des banques, une critique radicale du pouvoir de l&rsquo;oligarchie et une reprise en main d\u00e9mocratique, notamment \u00e0 travers une relocalisation, des \u00ab biens communs \u00bb (\u00e9nergie, r\u00e9seaux de communication, alimentation, transports, services publics&#8230;).<\/p>\n<p>Nous participons \u00e0 ces rassemblements, en Espagne et en France, afin de d\u00e9fendre ces id\u00e9es mais aussi mettre en garde contre le risque d&rsquo;un essoufflement d&rsquo;une telle d\u00e9marche. Ce qui s&rsquo;est pass\u00e9 en <a href=\"http:\/\/www.partipourladecroissance.net\/?p=6031\">Tunisie et \u00c9gypte<\/a>, o\u00f9 les r\u00e9volutions sont toujours en cours, montre l\u2019importance de l\u2019obstacle. C&rsquo;est pourquoi nous souhaitons proposer un v\u00e9ritable projet de transition pour sortir du capitalisme et nous r\u00e9approprier nos choix de vie. Aujourd&rsquo;hui nous ne faisons pas face qu&rsquo;\u00e0 une crise \u00e9conomique et sociale et mais bel et bien \u00e0 une convergence de crises \u00e9conomique, sociale, environnementale, \u00e9nerg\u00e9tique, politique et culturelle. Nous faisons face \u00e0 une <a href=\"http:\/\/www.partipourladecroissance.net\/?page_id=4008\">crise anthropologique<\/a> qui demande une remise en question radicale de notre mod\u00e8le de soci\u00e9t\u00e9 capitaliste, productiviste et consum\u00e9riste. Nous, objecteurs-trices de croissance,\u00a0 proposons :<\/p>\n<ul>\n<li>L&rsquo;instauration d&rsquo;un Revenu Maximum Autoris\u00e9 \u00e0 la fois pour diminuer les in\u00e9galit\u00e9s sociales devenues ind\u00e9centes, pour limiter les gaspillages des biens communs et aussi pour rompre avec la place qu&rsquo;a pris dans nos imaginaires le mode de vie des plus ais\u00e9s.<\/li>\n<li>La mise en place d&rsquo;une <a href=\"http:\/\/www.partipourladecroissance.net\/?p=4144\">Dotation Inconditionnelle d&rsquo;Autonomie<\/a> pour relocaliser l&rsquo;\u00e9conomie, sortir de la centralit\u00e9 de la valeur travail et du capitalisme, tendre vers des souverainet\u00e9s alimentaires (et \u00e9nerg\u00e9tiques) et participer \u00e0 une r\u00e9appropriation de la politique. Cette dotation sera effective de la naissance \u00e0 la mort, de mani\u00e8re inconditionnelle, en droit de tirage (eau, gaz, \u00e9lectricit\u00e9), d&rsquo;acc\u00e8s gratuit au services publics de premi\u00e8re n\u00e9cessit\u00e9, en monnaies locales fondantes et aussi, \u00e9ventuellement, pour partie, en euros.<\/li>\n<li>L&rsquo;ouverture d&rsquo;une r\u00e9flexion sur nos modes de consommation pour une d\u00e9colonisation de nos imaginaires. Il est temps de sortir de notre toxico-d\u00e9pendance \u00e0 la consommation. Travailler moins, pour produire moins mais mieux, pour consommer moins mais mieux et surtout pour vivre mieux ; privil\u00e9gier la culture, la convivialit\u00e9, le partage et la solidarit\u00e9 plut\u00f4t que la comp\u00e9tition \u00e9conomique ; s\u2019affranchir des frustrations engendr\u00e9es par la publicit\u00e9, se lib\u00e9rer des replis identitaires et des guerres.<\/li>\n<\/ul>\n<p><a href=\"http:\/\/www.reelledemocratie.com\/\">http:\/\/www.reelledemocratie.com\/<\/a><\/p>\n<div>\n<div style=\"text-align: center;\"><strong>Une croissance infinie dans un monde fini est une absurdit\u00e9 !<\/strong><\/div>\n<\/div>\n<p>Mouvement pour la d\u00e9mocratie maintenant !<\/p>\n<p><strong>AGENDA<!--more--><\/strong><\/p>\n<p>Ce qui avait commenc\u00e9 comme une mobilisation de soutien au mouvement espagnol s&rsquo;est maintenant \u00e9largi \u00e0 un appel g\u00e9n\u00e9ral pour une r\u00e9elle d\u00e9mocratie partout en Europe et dans le monde! Chaque pays se basant sur ses probl\u00e9matiques pr\u00e9cises. \u00c7A VOUS CONCERNE TOUS!<br \/>\nC-Rs vid\u00e9os et photos -&gt; <a href=\"http:\/\/mai19.justice-europe.org\/\" target=\"_blank\" rel=\"nofollow\">http:\/\/mai19.justice-europe.org<\/a><br \/>\nSite officiel pour Paris -&gt; <a href=\"http:\/\/reelledemocratie.com\/\" target=\"_blank\" rel=\"nofollow\">http:\/\/reelledemocratie.com<\/a><\/p>\n<p>Tous les jours sur les marches de l&rsquo;Op\u00e9ra \u00e0 Bastille (donc tout est en plein air et ouvert &#8230;) :<br \/>\n&#8211; R-v logistique de 14h \u00e0 14h30 : matos \u00e0 distribuer.<br \/>\n&#8211; Assembl\u00e9es ou Commissions \u00e0 19h<br \/>\n&#8211; une cr\u00e8che en plein air va \u00eatre install\u00e9e Mercredi 25 Mai.<br \/>\n&#8211; Vendredi 27 Mai : concert en + !<br \/>\n&#8211; Rassemblement g\u00e9n\u00e9ral TOUS LES JOURS DE CETTE SEMAINE \u00e0 partir de 19h : Informations, r\u00e9unions des comit\u00e9s , distribution de tracts et du manifeste , r\u00e9percussion m\u00e9diatique et surtout pr\u00e9paration de la MANIFESTATION DU DIMANCHE 29 MAI.<\/p>\n<p>MARDI 24 MAI :<\/p>\n<p>PERPIGNAN : Campement permanent Place R\u00e9publique<br \/>\nLYON : Campement permanent Place Bellecour<br \/>\nSTRASBOURG : 19h Place de la R\u00e9publique + Campement !<br \/>\nBORDEAUX : 17h au Grand Th\u00e9atre<br \/>\nGRENOBLE : 20h, Place Victor Hugo<br \/>\nLILLE : 12h, Place de la R\u00e9publique<br \/>\nMONTPELLIER : 18h \u00e0 l&rsquo;esplanade<br \/>\nNANCY : 19h, Place de la R\u00e9publique. AG \u00e0 20h.<br \/>\nNANTES : 18h, Place Royale (devenue place du peuple)<br \/>\nPARIS : 19h \u00e0 la Bastille<br \/>\nTOULOUSE : 11h Accueil\/Ateliers, 19h Assembl\u00e9e populaire Place du Capitole (campement pr\u00e9vu du 27 au 29 mai et+ suivant le nombre)<\/p>\n<p>MERCREDI 25 MAI :<\/p>\n<p>PERPIGNAN : Campement permanent Place R\u00e9publique<br \/>\nLILLE : 12h, Place de la R\u00e9publique<br \/>\nLYON : Campement permanent Place Bellecour<br \/>\nSTRASBOURG : Campement permanent Place R\u00e9publique<br \/>\n+BAYONNE : 18h, Place de la Mairie + campement<br \/>\n+CLERMONT-FERRAND : 14h, Place de Jaude<br \/>\nGRENOBLE : 20h, Place Victor Hugo<br \/>\n+MONTLU\u00e7ON : 14h, Place Piquand<br \/>\nMONTPELLIER : 18h \u00e0 l&rsquo;esplanade<br \/>\nNANCY : 19h30, Place Maginot, contact 0659827367<br \/>\nNANTES : 18h, Place Royale (devenue place du peuple)<br \/>\nPARIS : 19h \u00e0 la Bastille<br \/>\n+RENNES : 19h, Place de la Mairie<br \/>\nTOULOUSE : 11h Accueil\/Ateliers, 19h Assembl\u00e9e populaire Place du Capitole (campement pr\u00e9vu du 27 au 29 mai et+ suivant le nombre)<br \/>\n+TOURS : 19h, Place Jean Jaur\u00e8s<\/p>\n<p>Le guide du manifestant arr\u00eat\u00e9 :<br \/>\n<a href=\"http:\/\/moinscplus.blogspot.com\/2011\/02\/le-guide-du-manifestant-arrete-par-le.html\" target=\"_blank\" rel=\"nofollow\">http:\/\/moinscplus.blogspot.com\/2011\/02\/le-guide-du-manifestant-arrete-par-le.html<\/a><\/p>\n<p style=\"text-align: right;\">Publi\u00e9 en octobre 2011 par le PPLD<\/p>\n","protected":false},"excerpt":{"rendered":"<p>La d\u00e9mocratie r\u00e9elle c&rsquo;est la D\u00e9croissance ! Democracia Real Ya! Viva la Decrecimiento! Depuis le 15 mai nos ami-e-s espagnol-e-s, ont d\u00e9cid\u00e9 d&rsquo;occuper la rue afin de critiquer le manque de d\u00e9mocratie ainsi que la classe politique dominante et ses &hellip; <a href=\"http:\/\/www.projet-decroissance.net\/?p=483\">Continuer la lecture <span class=\"meta-nav\">&rarr;<\/span><\/a><\/p>\n","protected":false},"author":4,"featured_media":0,"comment_status":"closed","ping_status":"open","sticky":false,"template":"","format":"standard","meta":{"footnotes":""},"categories":[1],"tags":[23],"class_list":["post-483","post","type-post","status-publish","format-standard","hentry","category-actualites","tag-democratie"],"_links":{"self":[{"href":"http:\/\/www.projet-decroissance.net\/index.php?rest_route=\/wp\/v2\/posts\/483","targetHints":{"allow":["GET"]}}],"collection":[{"href":"http:\/\/www.projet-decroissance.net\/index.php?rest_route=\/wp\/v2\/posts"}],"about":[{"href":"http:\/\/www.projet-decroissance.net\/index.php?rest_route=\/wp\/v2\/types\/post"}],"author":[{"embeddable":true,"href":"http:\/\/www.projet-decroissance.net\/index.php?rest_route=\/wp\/v2\/users\/4"}],"replies":[{"embeddable":true,"href":"http:\/\/www.projet-decroissance.net\/index.php?rest_route=%2Fwp%2Fv2%2Fcomments&post=483"}],"version-history":[{"count":1,"href":"http:\/\/www.projet-decroissance.net\/index.php?rest_route=\/wp\/v2\/posts\/483\/revisions"}],"predecessor-version":[{"id":484,"href":"http:\/\/www.projet-decroissance.net\/index.php?rest_route=\/wp\/v2\/posts\/483\/revisions\/484"}],"wp:attachment":[{"href":"http:\/\/www.projet-decroissance.net\/index.php?rest_route=%2Fwp%2Fv2%2Fmedia&parent=483"}],"wp:term":[{"taxonomy":"category","embeddable":true,"href":"http:\/\/www.projet-decroissance.net\/index.php?rest_route=%2Fwp%2Fv2%2Fcategories&post=483"},{"taxonomy":"post_tag","embeddable":true,"href":"http:\/\/www.projet-decroissance.net\/index.php?rest_route=%2Fwp%2Fv2%2Ftags&post=483"}],"curies":[{"name":"wp","href":"https:\/\/api.w.org\/{rel}","templated":true}]}}