{"id":487,"date":"2012-11-29T21:00:52","date_gmt":"2012-11-29T21:00:52","guid":{"rendered":"http:\/\/www.projet-decroissance.net\/?p=487"},"modified":"2012-12-29T21:01:46","modified_gmt":"2012-12-29T21:01:46","slug":"une-lecture-decroissante-du-vote-pour-lextreme-droite-le-symbole-de-lechec-dun-modele-de-civilisation","status":"publish","type":"post","link":"http:\/\/www.projet-decroissance.net\/?p=487","title":{"rendered":"Une lecture D\u00e9croissante du vote pour l&rsquo;extr\u00eame droite : le symbole de l&rsquo;\u00e9chec d&rsquo;un mod\u00e8le de civilisation ?"},"content":{"rendered":"<p><img loading=\"lazy\" decoding=\"async\" class=\"alignleft\" src=\"http:\/\/www.partipourladecroissance.net\/wp-content\/uploads\/2008\/12\/logo-ppld.gif\" alt=\"\" width=\"118\" height=\"68\" \/><strong>Qu\u2019une part toujours trop importante de la population (1) ait d\u00e9cid\u00e9 de voter en faveur de l&rsquo;extr\u00eame droite, repr\u00e9sent\u00e9e par Marine Le Pen, doit nous interroger sur les raisons profondes de l&rsquo;\u00e9chec de nos mod\u00e8les de soci\u00e9t\u00e9.<\/strong><\/p>\n<p>Malheureusement, ce r\u00e9sultat n&rsquo;est pas un cas isol\u00e9 dans l&rsquo;horizon politique europ\u00e9en. L&rsquo;extr\u00eame droite y a de plus en plus les faveurs d&rsquo;une population en \u00ab crise \u00bb (2). Apr\u00e8s tout il n&rsquo;y a pas que la soci\u00e9t\u00e9 de croissance (3) qui marche sur la t\u00eate. Partout en Europe, les discours populistes fleurissent et portent les voix d\u2019une contestation facile, avec des coupables tout trouv\u00e9, envers les \u00e9lites politiques et m\u00e9diatiques, l\u2019oligarchie, les banques, la mondialisation n\u00e9o-lib\u00e9rale ou l\u2019Europe, les immigr\u00e9s, l\u2019\u00e9tranger, l\u2019Islam, le travaillisme, les assist\u00e9s, les pauvres.<\/p>\n<p>Or, ces derni\u00e8res ann\u00e9es, ce discours d&rsquo;extr\u00eame gauche (4) a \u00e9t\u00e9 abandonn\u00e9, \u00e0 tort, par une bonne partie des gauches europ\u00e9ennes converties \u00e0 la sociale d\u00e9mocratie et au n\u00e9o-lib\u00e9ralisme. Laissant ainsi un boulevard aux extr\u00eames droites pour mieux le r\u00e9cup\u00e9rer et le galvauder. En parall\u00e8le, ce sont souvent les droites non extr\u00eames qui ont permis construire des peurs fantasm\u00e9es, de diviser les soci\u00e9t\u00e9s mais aussi de d\u00e9-diaboliser ces discours haineux et naus\u00e9abonds.<br \/>\nL&rsquo;exemple de la Sarkozie s\u00e9curitaire au pouvoir en France depuis dix ans, avec des discours de haine contre l&rsquo;\u00e9tranger, l&rsquo;immigr\u00e9, et les plus d\u00e9munis pr\u00e9sent\u00e9s comme des parasites assist\u00e9s de nos soci\u00e9t\u00e9s en est peut-\u00eatre l&rsquo;exemple le plus flagrant.<\/p>\n<p>Comment nos soci\u00e9t\u00e9s aussi riches mat\u00e9riellement, aussi \u00e9volu\u00e9es \u00e9conomiquement, et dont le mod\u00e8le est convoit\u00e9, peuvent-elles en arriver l\u00e0 ? Nous sommes les 20% \u00e0 nous approprier 87% des ressources naturelles de la plan\u00e8te gr\u00e2ce \u00e0 l&rsquo;exploitation de 80 % du reste de la population mondiale. En outre, notre niveau de consommation tant envi\u00e9e n&rsquo;est pas g\u00e9n\u00e9ralisable puisque nous consommons, m\u00eame les plus pauvres d&rsquo;entre nous, au moins l&rsquo;\u00e9quivalent de 2, 3 voire 4, 5 plan\u00e8tes&#8230;<\/p>\n<p>\u00ab <em>Tout ceux qui, \u00e0 gauche, refusent d&rsquo;aborder sous cet angle la question d&rsquo;une \u00e9quit\u00e9 sans croissance, d\u00e9montrent que le socialisme, pour eux, n&rsquo;est que la continuation par d&rsquo;autres moyens de rapports sociaux et de la civilisation capitaliste, du mode de vie et du mod\u00e8le de consommation bourgeois.<\/em> \u00bb Andr\u00e9 Gorz.<br \/>\n<!--more--><br \/>\nUne lecture d\u00e9croissante de ce ph\u00e9nom\u00e8ne nous am\u00e8ne \u00e0 analyser \u00e0 la racine cette notion de richesse mat\u00e9rielle et ce qui y est associ\u00e9e. C&rsquo;est-\u00e0-dire \u00e0 questionner les fondements de nos soci\u00e9t\u00e9s occidentales : religion de l&rsquo;\u00e9conomie, croissance, productivisme, consum\u00e9risme, capitalisme, mat\u00e9rialisme mais surtout l&rsquo;imaginaire qui y est associ\u00e9 (11) : un imaginaire construit et entretenu par ses meilleurs outils que sont les m\u00e9dias et la publicit\u00e9.<\/p>\n<p><strong>Une soci\u00e9t\u00e9 de petits-bourgeois frustr\u00e9s ?<\/strong><br \/>\n<strong>R\u00f4le de la publicit\u00e9 :<\/strong><\/p>\n<p>Reconnaissons que le vote pour l&rsquo;extr\u00eame droite est significatif d&rsquo;une souffrance. Mais cette souffrance ne serait-elle pas fantasm\u00e9e (5) avant d\u2019\u00eatre li\u00e9e \u00e0 des raisons sociales ? En effet les plus d\u00e9munis, ces victimes de la mondialisation et du n\u00e9o-lib\u00e9ralisme, lorsqu&rsquo;ils votent, votent plut\u00f4t \u00e0 gauche. En France, il ne s&rsquo;agit donc pas d&rsquo;un vote de classe, comme le souligne dans son \u00e9ditorial\u00a0 Lib\u00e9ration (6) : \u00ab\u00a0<em>cette France rurale ou rurbaine, souvent si fi\u00e8re du portail ou du mur d\u2019enceinte qui orne et prot\u00e8ge sa propri\u00e9t\u00e9 ? Cette France o\u00f9 l\u2019on a vu, dimanche, l\u2019\u00e9closion d\u2019un FN des champs venu s\u2019ajouter \u00e0 celui des banlieues qui avait supplant\u00e9 celui des beaux quartiers &#8211; les trois continuant de persister.\u00a0\u00bb<\/em><\/p>\n<p><strong>\u00ab\u00a0Voiture obligatoire dans un d\u00e9sert m\u00e9dical\u00a0\u00bb<\/strong><\/p>\n<p>On connaissait le vote d&rsquo;extr\u00eame droite des beaux quartiers, construit sur une id\u00e9ologie d&rsquo;extr\u00eame droite classique. S&rsquo;y \u00e9tait ajout\u00e9e une adh\u00e9sion des quartiers dits difficiles. Celle-ci est en baisse. Enfin s&rsquo;y est ajout\u00e9e une nouvelle classe issue de cette nouvelle France rurale ou rurbaine : \u00ab\u00a0<em>Des zones de grand d\u00e9sert culturel, o\u00f9 seule la plus vile t\u00e9l\u00e9vision renvoie en continu l\u2019image fantasmatique d\u2019un pays menac\u00e9<\/em>\u00ab\u00a0. Cette France qui \u00ab\u00a0<em>trime<\/em>\u00ab\u00a0, alors que \u00ab\u00a0<em>dans les cit\u00e9s vous voyez des gens qui vivent avec des allocations<\/em>\u00a0\u00bb et \u00ab\u00a0<em>c&rsquo;est nous qui payons \u00e7a.<\/em>\u00a0\u00bb Cette France de l&rsquo;\u00e9talement urbain, de la fin des services publics, des magasins de proximit\u00e9 o\u00f9 la voiture est obligatoire et qui subit de plein fouet l&rsquo;augmentation du prix du carburant. Cette France qui se sent \u00ab\u00a0<em>abandonn\u00e9e<\/em>\u00ab\u00a0, cette France o\u00f9 le nombre d&rsquo;immigr\u00e9s est inversement proportionnel aux votes FN, cette France o\u00f9 \u00ab\u00a0<em>l&rsquo;ins\u00e9curit\u00e9 n&rsquo;existe qu&rsquo;\u00e0 la t\u00e9l\u00e9<\/em>\u00ab\u00a0, cette France o\u00f9 l&rsquo;on \u00ab\u00a0<em>vote pour prot\u00e9ger ce que l&rsquo;on a<\/em>\u00ab\u00a0, o\u00f9 l&rsquo;on \u00ab\u00a0<em>vote pr\u00e9ventivement pour \u00e9viter la d\u00e9gradation<\/em>\u00ab\u00a0.<\/p>\n<p>\u00ab<em> Il y a assez de tout dans le monde pour satisfaire aux besoins de l&rsquo;homme, mais pas assez pour assouvir son avidit\u00e9<\/em>. \u00bb Gandhi.<\/p>\n<p>Cette France dont l&rsquo;imaginaire est fa\u00e7onn\u00e9 par la publicit\u00e9 qui lui vend l\u2019illusion du bonheur. Un bonheur passant par le \u00ab toujours plus \u00bb et en particulier par le mode de vie de \u00ab la maison individuelle, la pelouse, la voiture \u00bb \u00e9rig\u00e9 comme mod\u00e8le.<br \/>\nCette France qui souvent travaille \u00ab toujours plus \u00bb pour gagner\u00a0 \u00ab toujours plus \u00bb puis consommer \u00ab toujours plus \u00bb pour encore mieux passer \u00e0 c\u00f4t\u00e9 de l&rsquo;essentiel. Cette France frustr\u00e9e de ne pas \u00eatre aussi riche que les plus riches alors qu&rsquo;il y a toujours plus riche que soit. Cette France qui nie son appartenance \u00e0 sa condition ouvri\u00e8re et qui a peur de se voir rattrap\u00e9e par ceux \u00ab\u00a0d&rsquo;en bas\u00a0\u00bb, des immigr\u00e9s, alors qu&rsquo;elle-m\u00eame n&rsquo;appartiendra jamais \u00e0 ceux d&rsquo;en haut&#8230; ce qu&rsquo;on lui laisse pourtant miroiter&#8230;<br \/>\nCette France tellement frustr\u00e9e de ne pas atteindre le bonheur promis, alors qu\u2019elle a toujours ob\u00e9is \u00e0 toutes les injonctions (10) du capitalisme.<\/p>\n<p>Ce vote est un sympt\u00f4me de l&rsquo;\u00e9chec de la consommation comme vecteur d&rsquo;\u00e9mancipation.<\/p>\n<p><strong>Une crise anthropologique !<\/strong><br \/>\n<strong>Vers une d\u00e9colonisation de nos imaginaires&#8230; et une relocalisation ouverte ! (7)<\/strong><\/p>\n<p>Ce qui est le plus paradoxal dans cette France qui se sent \u00ab\u00a0abandonn\u00e9e\u00a0\u00bb et qui \u00ab\u00a0trime\u00a0\u00bb, c&rsquo;est qu&rsquo;elle a la chance de vivre dans des territoires strat\u00e9giques pour notre avenir. Alors que, pour ces populations, \u00ab\u00a0les m\u00e9tropoles\u00a0\u00bb repr\u00e9sentent les \u00ab\u00a0symboles de la mondialisation r\u00e9ussie\u00a0\u00bb &#8211; ce qui renforce encore plus leur sentiment de frustration &#8211; c&rsquo;est bel et bien la ville qui est dans une impasse \u00e9nerg\u00e9tique et environnementale. C&rsquo;est pourquoi, nous ne sortirons pas de l&rsquo;impasse de ce mod\u00e8le de d\u00e9veloppement, d&rsquo;\u00e9talements urbains et de d\u00e9sertification des campagnes, sans une d\u00e9colonisation de nos imaginaires. Ce n\u2019est pas par la relance du pouvoir d&rsquo;achat et de la croissance (8) que nous sortirons de ce non-sens soci\u00e9tal.\u00a0 Il est temps de prendre conscience que ce mod\u00e8le frustre toujours plus les populations, d\u00e9truit les solidarit\u00e9s et les liens locaux, et rend toujours plus d\u00e9pendant du prix du p\u00e9trole qui n&rsquo;en finira pas d&rsquo;augmenter.<\/p>\n<p>L&rsquo;enjeu n&rsquo;est pas de donner un nouvel \u00e9cran plat pour compenser des frustrations construites, ni encore moins d&rsquo;\u00e9riger des fronti\u00e8res pour prot\u00e9ger son nouveau portail. L\u2019enjeu est de redonner du sens \u00e0 nos productions et consommations. L\u2019enjeu est surtout de faire un pas de c\u00f4t\u00e9 pour remettre au coeur de nos projets de soci\u00e9t\u00e9s tout ce qui procure r\u00e9ellement le bonheur comme la simplicit\u00e9 volontaire, la convivialit\u00e9, le partage (9), la solidarit\u00e9, la culture. L\u2019enjeu est de se d\u00e9livrer des cercles vicieux de la croissance.<\/p>\n<p>Une croissance infinie dans un monde fini n&rsquo;est pas seulement impossible, elle est surtout absurde. Nous atteignons l\u00e0 les limites de la croissance d&rsquo;un point de vue culturel. Jamais une civilisation n&rsquo;a\u00a0 \u00e9t\u00e9 aussi riche mat\u00e9riellement et aussi mis\u00e9reuse culturellement !<\/p>\n<p><img loading=\"lazy\" decoding=\"async\" class=\"aligncenter\" src=\"http:\/\/www.partipourladecroissance.net\/wp-content\/uploads\/2008\/12\/logo-ppld.gif\" alt=\"\" width=\"118\" height=\"68\" \/><\/p>\n<p><strong>En compl\u00e9ment, sur le sentiment d&rsquo;ins\u00e9curit\u00e9<\/strong><br \/>\n<strong>Une soci\u00e9t\u00e9 qui a peur ? D\u00e9tourner l&rsquo;attention vers de faux probl\u00e8mes ?<\/strong><br \/>\n<strong>R\u00f4le des m\u00e9dias :<\/strong><\/p>\n<p>Depuis le 11 septembre 2001, nous assistons \u00e0 une succession de vagues de d\u00e9lires s\u00e9curitaires ; avant les \u00e9lections de 2002 ; le passage de Sarkozy au Minist\u00e8re de l&rsquo;int\u00e9rieur ; et plus r\u00e9cemment, la droitisation du discours des Gu\u00e9ant et autres Hortefeux. Les mises en sc\u00e8nes anxiog\u00e8nes, complaisamment relay\u00e9es par les m\u00e9dias, participent \u00e0 la cr\u00e9ation de fantasmes et de peurs non fond\u00e9es\u2026 qui servent la strat\u00e9gie d\u00e9sesp\u00e9r\u00e9e de la droite de rester au pouvoir. Malheureusement, l&rsquo;histoire l&rsquo;a toujours montr\u00e9, ce genre de strat\u00e9gie de division ne marche, au mieux, que de mani\u00e8re tr\u00e8s \u00e9ph\u00e9m\u00e8re, et finit toujours par se retourner contre la d\u00e9mocratie&#8230;<\/p>\n<p>(1) Carte europ\u00e9enne du vote pour l&rsquo;extr\u00eame droite : <a href=\"http:\/\/www.rue89.com\/sites\/news\/files\/assets\/image\/2012\/04\/carte_europe_xdroite_0.jpg\">http:\/\/www.rue89.com\/sites\/news\/files\/assets\/image\/2012\/04\/carte_europe_xdroite_0.jpg<\/a><br \/>\n(2)AAA : le drame est-il celui qu\u2019on croit ?, communiqu\u00e9 du PPLD. <a href=\"http:\/\/www.partipourladecroissance.net\/?p=6804\">http:\/\/www.partipourladecroissance.net\/?p=6804<\/a><br \/>\n(3) Pr\u00e9sidentielles : croissance, le pacte impossible, <a href=\"http:\/\/www.partipourladecroissance.net\/?p=7261\">http:\/\/www.partipourladecroissance.net\/?p=7261<\/a><br \/>\n(4) Ecouter l&rsquo;analyse de Dominique Vidal chez Daniel Mermet : <a href=\"http:\/\/www.la-bas.org\/article.php3?id_article=2441\">http:\/\/www.la-bas.org\/article.php3?id_article=2441<\/a><br \/>\n(5) La \u00ab France qui souffre \u00bb ou la France qui fantasme ?, Judith Bernard le 23\/04\/2012, publi\u00e9 sur le site d&rsquo;Arr\u00eat sur image. <a href=\"http:\/\/www.la-bas.org\/article.php3?id_article=2441\">http:\/\/www.arretsurimages.net\/contenu.php?id=4878<\/a><br \/>\n28 minutes sur Arte <a href=\"http:\/\/www.la-bas.org\/article.php3?id_article=2441\">http:\/\/videos.arte.tv\/fr\/videos\/28_minutes-6609800.html<\/a><br \/>\n(6) Les citations suivantes sont reprises du journal Lib\u00e9ration de samedi 28 avril 2012 : <a href=\"http:\/\/www.la-bas.org\/article.php3?id_article=2441\">http:\/\/www.liberation.fr\/politiques\/2012\/04\/27\/les-dupont-ou-durand-ils-n-ont-droit-a-rien_814963<\/a> et <a href=\"http:\/\/www.la-bas.org\/article.php3?id_article=2441\">http:\/\/www.liberation.fr\/politique s\/2012\/04\/27\/enclos_814971<\/a><br \/>\n(7) D\u00e9croissance : d\u00e9mondialisation, protectionnisme ou relocalisation ouverte ? http:\/\/www.partipourladecroissance.net\/?p=6895<br \/>\n(8) Crise de la dette et D\u00e9croissance : le plan B. <a href=\"http:\/\/www.partipourladecroissance.net\/?p=6918\">http:\/\/www.partipourladecroissance.net\/?p=6918<\/a><br \/>\n(9) Quel projet pour la D\u00e9croissance : la Dotation Inconditionnelle d\u2019Autonomie. <a href=\"http:\/\/www.partipourladecroissance.net\/?p=6918\">http:\/\/www.partipourladecroissance.net\/?p=7061<\/a><br \/>\n(10) \u00ab Au lieu de financer des services publics de proximit\u00e9, un bistrot dans son quartier ou son village, on pr\u00e9f\u00e8re acheter le nouvel I-phone ou la nouvelle Senseo. Au lieu d&rsquo;acheter au petit commerce de proximit\u00e9, on prend sa voiture pour aller au supermarch\u00e9 et ainsi tuer le commerce de proximit\u00e9 mais aussi les \u00e9conomies locales. Au lieu de financer une salle culturelle on pr\u00e9f\u00e8re acheter un nouvel \u00e9cran plat&#8230; Le tout toujours assis dans sa nouvelle voiture achet\u00e9e \u00e0 cr\u00e9dit&#8230; \u00bb<br \/>\n(11) Mais au fait, c\u2019est quoi la croissance ?<a href=\"http:\/\/www.partipourladecroissance.net\/?p=6918\"> http:\/\/www.partipourladecroissance.net\/?page_id=6958<\/a><\/p>\n","protected":false},"excerpt":{"rendered":"<p>Qu\u2019une part toujours trop importante de la population (1) ait d\u00e9cid\u00e9 de voter en faveur de l&rsquo;extr\u00eame droite, repr\u00e9sent\u00e9e par Marine Le Pen, doit nous interroger sur les raisons profondes de l&rsquo;\u00e9chec de nos mod\u00e8les de soci\u00e9t\u00e9. Malheureusement, ce r\u00e9sultat &hellip; <a href=\"http:\/\/www.projet-decroissance.net\/?p=487\">Continuer la lecture <span class=\"meta-nav\">&rarr;<\/span><\/a><\/p>\n","protected":false},"author":4,"featured_media":0,"comment_status":"closed","ping_status":"open","sticky":false,"template":"","format":"standard","meta":{"footnotes":""},"categories":[1],"tags":[22,30],"class_list":["post-487","post","type-post","status-publish","format-standard","hentry","category-actualites","tag-crise","tag-election"],"_links":{"self":[{"href":"http:\/\/www.projet-decroissance.net\/index.php?rest_route=\/wp\/v2\/posts\/487","targetHints":{"allow":["GET"]}}],"collection":[{"href":"http:\/\/www.projet-decroissance.net\/index.php?rest_route=\/wp\/v2\/posts"}],"about":[{"href":"http:\/\/www.projet-decroissance.net\/index.php?rest_route=\/wp\/v2\/types\/post"}],"author":[{"embeddable":true,"href":"http:\/\/www.projet-decroissance.net\/index.php?rest_route=\/wp\/v2\/users\/4"}],"replies":[{"embeddable":true,"href":"http:\/\/www.projet-decroissance.net\/index.php?rest_route=%2Fwp%2Fv2%2Fcomments&post=487"}],"version-history":[{"count":1,"href":"http:\/\/www.projet-decroissance.net\/index.php?rest_route=\/wp\/v2\/posts\/487\/revisions"}],"predecessor-version":[{"id":488,"href":"http:\/\/www.projet-decroissance.net\/index.php?rest_route=\/wp\/v2\/posts\/487\/revisions\/488"}],"wp:attachment":[{"href":"http:\/\/www.projet-decroissance.net\/index.php?rest_route=%2Fwp%2Fv2%2Fmedia&parent=487"}],"wp:term":[{"taxonomy":"category","embeddable":true,"href":"http:\/\/www.projet-decroissance.net\/index.php?rest_route=%2Fwp%2Fv2%2Fcategories&post=487"},{"taxonomy":"post_tag","embeddable":true,"href":"http:\/\/www.projet-decroissance.net\/index.php?rest_route=%2Fwp%2Fv2%2Ftags&post=487"}],"curies":[{"name":"wp","href":"https:\/\/api.w.org\/{rel}","templated":true}]}}