{"id":494,"date":"2012-11-29T21:12:14","date_gmt":"2012-11-29T21:12:14","guid":{"rendered":"http:\/\/www.projet-decroissance.net\/?p=494"},"modified":"2012-12-30T18:08:55","modified_gmt":"2012-12-30T18:08:55","slug":"attac-sadresse-aux-candidats-a-la-presidentielle-voici-la-reponse-de-la-candidate-de-la-decroissance","status":"publish","type":"post","link":"http:\/\/www.projet-decroissance.net\/?p=494","title":{"rendered":"Attac s\u2019adresse aux candidats \u00e0 la pr\u00e9sidentielle : voici la r\u00e9ponse de la candidatE de la D\u00e9croissance"},"content":{"rendered":"<p>Attac a interpell\u00e9 les candidats \u00e0 la pr\u00e9sidentielle par<a href=\"http:\/\/www.france.attac.org\/articles\/questions-dattac-aux-candidat-e-s-lelection-presidentielle\">\u00a04 questions<\/a>. Le collectif D\u00e9croissance 2012\u00a0<a href=\"http:\/\/www.decroissance2012.fr\/wp-content\/uploads\/2011\/11\/R%C3%A9ponse-Collectif-D%C3%A9croissance-2012-Attac.pdf\">y a r\u00e9pondu<\/a>. Attac a\u00a0<a href=\"http:\/\/www.france.attac.org\/articles\/2012-les-candidats-repondent-au-questionnaire-dattac\">comment\u00e9<\/a>.<\/p>\n<p><img loading=\"lazy\" decoding=\"async\" alt=\"\" src=\"http:\/\/www.decroissance2012.fr\/wp-content\/uploads\/2011\/06\/campagnes2012.jpg\" width=\"203\" height=\"122\" \/><\/p>\n<p><a href=\"http:\/\/www.decroissance2012.fr\/wp-content\/uploads\/2011\/11\/R%C3%A9ponse-Collectif-D%C3%A9croissance-2012-Attac.pdf\">T\u00e9l\u00e9chargez la r\u00e9ponse du collectif d\u00e9croissance 2012<\/a><\/p>\n<p>\u00e0 Aur\u00e9lie Trouv\u00e9 et Thomas Coutrot<br \/>\ncopr\u00e9sidents d\u2019Attac France<br \/>\n21 ter, rue Voltaire<br \/>\n75011 PARIS<\/p>\n<p>Madame la pr\u00e9sidente,<br \/>\nMonsieur le pr\u00e9sident,<\/p>\n<p>La D\u00e9croissance est candidatE pour 2012.\u00a0<a href=\"http:\/\/www.decroissance2012.fr\/\">http:\/\/www.decroissance2012.fr\/<\/a><\/p>\n<p><strong>Pr\u00e9ambule<\/strong><br \/>\nEn tant qu\u2019objecteurs et objectrices de croissance nous ne pouvons que remettre en question la l\u00e9gitimit\u00e9 d\u00e9mocratique d\u2019institutions comme le G20 : pourquoi seulement 20 pays, qui plus est les plus puissants \u00e9conomiquement devraient d\u00e9cider de la marche du monde ? De m\u00eame au sujet de l\u2019Union Europ\u00e9enne et notamment des diff\u00e9rents trait\u00e9s \u00e9conomiques, comme le trait\u00e9 de Lisbonne, qui ont \u00e9t\u00e9 impos\u00e9s sans aucun d\u00e9bat d\u00e9mocratique (quid du r\u00e9f\u00e9rendum sur le trait\u00e9 de constitution europ\u00e9enne).<\/p>\n<p>Si nous pensons qu\u2019il est souhaitable d\u2019avoir des institutions mondiales et europ\u00e9ennes, celles-ci doivent se construire de mani\u00e8re participative et transparente dans l\u2019int\u00e9r\u00eat des peuples et non pas d\u2019une oligarchie.<br \/>\nAinsi, nous souhaitons que ces institutions mondiales se r\u00e9-organisent autour de l\u2019Organisation des Nations Unies r\u00e9form\u00e9e (plus de membre permanent ni de droit de v\u00e9to). De m\u00eame, pour l\u2019Union Europ\u00e9enne, il est n\u00e9cessaire de revenir sur le trait\u00e9 de Lisbonne et de mettre en place une assembl\u00e9e constitutive susceptible de proposer des institutions vraiment d\u00e9mocratiques \u00e0 l\u2019\u00e9chelle europ\u00e9enne, en particulier en se r\u00e9appropriant la Banque Centrale Europ\u00e9enne et donc la cr\u00e9ation mon\u00e9taire, outil essentiel pour acc\u00e9der \u00e0 des politiques de transitions vers des soci\u00e9t\u00e9s soutenables et souhaitables.<!--more--><\/p>\n<p><strong>1 \u2013 R\u00e9gulation financi\u00e8re<\/strong><br \/>\nNous n\u2019avons pas seulement besoin d\u2019une r\u00e9gulation de la finance, mais tout simplement de sortir de la finance pour revenir \u00e0 une \u00e9conomie r\u00e9elle.<br \/>\nCes derni\u00e8res ann\u00e9es, nous avons assist\u00e9 \u00e0 une financiarisation de l\u2019\u00e9conomie qui a permis de gonfler de mani\u00e8re artificielle la croissance \u00e9conomique en permettant des endettements priv\u00e9s et publics toujours plus vertigineux. Le syst\u00e8me \u00e9conomique actuel a besoin de toujours plus de croissance et de capital pour survivre. L\u2019absence de croissance entra\u00eene l\u2019impossibilit\u00e9 de rembourser ces dettes, priv\u00e9 (c\u2019est ce que nous avons vu en 2008 avec la crise dite des Subprimes) ou publique (c\u2019est ce \u00e0 quoi nous assistons en particulier en Gr\u00e8ce, Espagne, Italie, \u00c9tats-Unis\u2026), l\u2019explosion des bulles sp\u00e9culatives dont les premi\u00e8res victimes sont les plus pr\u00e9caires, avec mont\u00e9e du ch\u00f4mage, casse des aides publiques et des services publics.<br \/>\nNotre syst\u00e8me \u00e9conomique, bas\u00e9 sur la croissance, est condamn\u00e9 \u00e0 cro\u00eetre toujours plus ou sinon \u00e0 s\u2019effondrer. Malheureusement, une croissance \u00e9conomique infinie dans un monde fini est une absurdit\u00e9. Nous sommes en train d\u2019atteindre les limites de la croissance, notamment en flirtant avec le pic de p\u00e9trole. Le pic de p\u00e9trole ne fait que pr\u00e9c\u00e9der un pic de PIB, que nous allons subir quoi qu\u2019il arrive. Il est donc important d\u2019appr\u00e9hender ce pic dans une perspective d\u00e9mocratique, plut\u00f4t que de perdre notre d\u00e9mocratie \u00e0 essayer de sauver une impossible croissance.<\/p>\n<p><strong>2- Financement des urgences sociales et \u00e9cologiques<\/strong><br \/>\nLes crises sociale et \u00e9cologique, auxquelles nous pouvons ajouter les crises \u00e9nerg\u00e9tiques mais aussi culturelles, politiques et d\u00e9mocratiques, ne pourront pas \u00eatre r\u00e9solues avec des r\u00e9formes \u00e0 la marge. Il s\u2019agit d\u2019une crise anthropologique, de la fin d\u2019une civilisation. Il faut donc r\u00e9fl\u00e9chir, non pas \u00e0 r\u00e9former un syst\u00e8me qui nous am\u00e8ne droit dans le mur, mais \u00e0 comment sortir \u00e9conomiquement et aussi culturellement de notre toxico-d\u00e9pendance \u00e0 la croissance et \u00e0 la consommation.<br \/>\nAfin d\u2019initier cette transition vers de nouveaux mod\u00e8les de soci\u00e9t\u00e9 soutenables (d\u2019un point de vue \u00e9cologique, \u00e9nerg\u00e9tique mais aussi \u00e9conomique) et surtout souhaitables (plus de d\u00e9mocratie participative, r\u00e9appropriation du sens que l\u2019on donne \u00e0 sa vie, plus grande justice sociale\u2026), nous proposons la mise en place d\u2019une Dotation Inconditionnelle d\u2019Autonomie (DIA) n\u00e9cessairement coupl\u00e9e \u00e0 un Revenu Maximum Autoris\u00e9 (RMA). Cette dotation a pour but aussi de relocaliser l\u2019\u00e9conomie tout en pr\u00e9servant les solidarit\u00e9s nationales et internationales, de s\u2019\u00e9manciper de la centralit\u00e9 de la valeur travail et du capitalisme pour s\u2019orienter vers l\u2019autogestion, de tendre vers des souverainet\u00e9s alimentaires et \u00e9nerg\u00e9tiques en sortant de notre d\u00e9pendance aux ressources finies (en particulier le p\u00e9trole) et de participer \u00e0 une r\u00e9appropriation de la politique. Cette dotation serait vers\u00e9e de la naissance \u00e0 la mort de mani\u00e8re inconditionnelle, en droit de tirage (\u00e9nergie, eau, alimentation), d\u2019acc\u00e8s (logement, \u00e9ducation, sant\u00e9, transport), en monnaies locales fondantes et \u00e9ventuellement, pour partie, en monnaie nationale.<\/p>\n<p>Plus d\u2019infos :\u00a0<a href=\"http:\/\/www.partipourladecroissance.net\/?p=4144\">http:\/\/www.partipourladecroissance.net\/?p=4144<\/a><\/p>\n<p><strong>3- Banques<\/strong><br \/>\nIl est n\u00e9cessaire de remettre l\u2019\u00e9conomie et son outil principal, la cr\u00e9ation mon\u00e9taire, \u00e0 sa place. Les banques doivent \u00eatre des outils permettant d\u2019instaurer des politiques ambitieuses de transition vers de nouveaux mod\u00e8les de soci\u00e9t\u00e9 soutenables (d\u2019un point de vue \u00e9cologique, \u00e9nerg\u00e9tique mais aussi \u00e9conomique) et surtout souhaitables. C\u2019est pourquoi nous souhaitons une r\u00e9appropriation publique et politique des banques priv\u00e9es et des banques centrales afin de ma\u00eetriser la cr\u00e9ation mon\u00e9taire.<br \/>\nIl faut aujourd\u2019hui sortir de la religion de l\u2019\u00e9conomie, mais aussi du productivisme, et questionner : qu\u2019est-ce que l\u2019on produit ? Comment on le produit ? Pour quel usage ?<br \/>\nDe la m\u00eame mani\u00e8re, la cr\u00e9ation mon\u00e9taire, les dettes, l\u2019emprunt doivent \u00eatre questionn\u00e9s. Il faut poser collectivement et d\u00e9mocratiquement la question du sens et r\u00e9orienter nos politiques, en s\u2019appuyant entre autres sur les banques, pour initier cette transition.<br \/>\nEn particulier, nous privil\u00e9gierons la cr\u00e9ation de banques locales et de monnaies locales fondantes, associ\u00e9es \u00e0 des projets participatifs de relocalisation, o\u00f9 la dimension humaine sera centrale : repolitisation de la soci\u00e9t\u00e9 et resocialisation de la politique, r\u00e9flexion sur la convivialit\u00e9, prise en compte des questions de sens et de soutenabilit\u00e9.<\/p>\n<p><strong>4- Dette<\/strong><br \/>\nVouloir essayer de rembourser des dettes, en particulier publiques, \u00e0 coup de plans d\u2019aust\u00e9rit\u00e9 et en esp\u00e9rant le retour de la sacro-sainte croissance n\u2019a pas de sens. Premi\u00e8rement, on atteint les limites de la croissance, notamment avec les limites de production de p\u00e9trole mais aussi de beaucoup de ressources de base (minerais, m\u00e9taux, \u00e9nergie\u2026). Cela entra\u00eene une augmentation drastique des prix aussit\u00f4t que l\u2019on retrouve un peu de relance. Ces plans de relance ne peuvent qu\u2019\u00eatre st\u00e9riles.<br \/>\nDeuxi\u00e8mement, parce que m\u00eame si cela \u00e9tait possible, ces plans d\u2019aust\u00e9rit\u00e9 sont injustes et condamnent le futur en d\u00e9truisant en premier lieu les budgets comme ceux de l\u2019\u00e9ducation, de la culture et de l\u2019\u00e9cologie. Les plans d\u2019aust\u00e9rit\u00e9, en cr\u00e9ant autant d\u2019injustices sont le meilleur moyen d\u2019exclure une part toujours plus grande de la population, de cr\u00e9er les conditions d\u2019explosions sociales et la mont\u00e9e des mouvements d\u2019extr\u00eame droite.<\/p>\n<p>Essayer en vain de rembourser ces dettes, c\u2019est essayer de sauver l\u2019oligarchie financi\u00e8re et son h\u00e9g\u00e9monie sur le monde. Mais c\u2019est aussi mettre en p\u00e9ril la d\u00e9mocratie.<br \/>\nAu contraire, il faut se r\u00e9approprier la cr\u00e9ation mon\u00e9taire, annuler totalement ou partiellement les dettes publiques et certaines dettes priv\u00e9es, et commencer \u00e0 construire ensemble de nouveau mod\u00e8les \u00e9conomiques souhaitables et soutenables. C\u2019est pourquoi nous proposons la mise en place d\u2019une DIA associ\u00e9e au RMA.<\/p>\n<p>Pour aller plus loin :\u00a0<a href=\"http:\/\/www.partipourladecroissance.net\/?p=6444\" target=\"_blank\">http:\/\/www.partipourladecroissance.net\/?p=6444<\/a><\/p>\n<p>La v\u00e9ritable dette que nous allons laisser \u00e0 nos enfants et \u00e0 nos descendants sur plusieurs g\u00e9n\u00e9rations, est la dette \u00e9cologique avec le g\u00e2chis des \u00e9nergies et des mat\u00e9riaux non renouvelables, l\u2019effondrement de la biodiversit\u00e9, la pollution chimique, mais aussi l\u2019appauvrissement des sols, ainsi que la dette sociale et culturelle, avec une soci\u00e9t\u00e9 devenue incapable de se donner des limites, une soci\u00e9t\u00e9 consum\u00e9riste du toujours plus, de la perte de sens, une soci\u00e9t\u00e9 capable d\u2019accepter des in\u00e9galit\u00e9s devenues insupportables.<\/p>\n<p>En esp\u00e9rant avoir r\u00e9pondu \u00e0 vos questions,<br \/>\nBien cordialement,<\/p>\n<p>Collectif D\u00e9croissance 2012<br \/>\ncontact@decroissance2012.fr<br \/>\n<a href=\"http:\/\/decroissance2012.fr\/\">http:\/\/decroissance2012.fr\/<\/a><\/p>\n","protected":false},"excerpt":{"rendered":"<p>Attac a interpell\u00e9 les candidats \u00e0 la pr\u00e9sidentielle par\u00a04 questions. Le collectif D\u00e9croissance 2012\u00a0y a r\u00e9pondu. Attac a\u00a0comment\u00e9. T\u00e9l\u00e9chargez la r\u00e9ponse du collectif d\u00e9croissance 2012 \u00e0 Aur\u00e9lie Trouv\u00e9 et Thomas Coutrot copr\u00e9sidents d\u2019Attac France 21 ter, rue Voltaire 75011 PARIS &hellip; <a href=\"http:\/\/www.projet-decroissance.net\/?p=494\">Continuer la lecture <span class=\"meta-nav\">&rarr;<\/span><\/a><\/p>\n","protected":false},"author":4,"featured_media":0,"comment_status":"closed","ping_status":"open","sticky":false,"template":"","format":"standard","meta":{"footnotes":""},"categories":[1],"tags":[22,13,23,21],"class_list":["post-494","post","type-post","status-publish","format-standard","hentry","category-actualites","tag-crise","tag-decroissance","tag-democratie","tag-dette"],"_links":{"self":[{"href":"http:\/\/www.projet-decroissance.net\/index.php?rest_route=\/wp\/v2\/posts\/494","targetHints":{"allow":["GET"]}}],"collection":[{"href":"http:\/\/www.projet-decroissance.net\/index.php?rest_route=\/wp\/v2\/posts"}],"about":[{"href":"http:\/\/www.projet-decroissance.net\/index.php?rest_route=\/wp\/v2\/types\/post"}],"author":[{"embeddable":true,"href":"http:\/\/www.projet-decroissance.net\/index.php?rest_route=\/wp\/v2\/users\/4"}],"replies":[{"embeddable":true,"href":"http:\/\/www.projet-decroissance.net\/index.php?rest_route=%2Fwp%2Fv2%2Fcomments&post=494"}],"version-history":[{"count":3,"href":"http:\/\/www.projet-decroissance.net\/index.php?rest_route=\/wp\/v2\/posts\/494\/revisions"}],"predecessor-version":[{"id":496,"href":"http:\/\/www.projet-decroissance.net\/index.php?rest_route=\/wp\/v2\/posts\/494\/revisions\/496"}],"wp:attachment":[{"href":"http:\/\/www.projet-decroissance.net\/index.php?rest_route=%2Fwp%2Fv2%2Fmedia&parent=494"}],"wp:term":[{"taxonomy":"category","embeddable":true,"href":"http:\/\/www.projet-decroissance.net\/index.php?rest_route=%2Fwp%2Fv2%2Fcategories&post=494"},{"taxonomy":"post_tag","embeddable":true,"href":"http:\/\/www.projet-decroissance.net\/index.php?rest_route=%2Fwp%2Fv2%2Ftags&post=494"}],"curies":[{"name":"wp","href":"https:\/\/api.w.org\/{rel}","templated":true}]}}