{"id":500,"date":"2012-10-29T21:17:38","date_gmt":"2012-10-29T21:17:38","guid":{"rendered":"http:\/\/www.projet-decroissance.net\/?p=500"},"modified":"2012-12-29T21:22:16","modified_gmt":"2012-12-29T21:22:16","slug":"1er-mai-2012-ac-agir-ensemble-contre-le-chomage","status":"publish","type":"post","link":"http:\/\/www.projet-decroissance.net\/?p=500","title":{"rendered":"1er mai 2012 &#8211; AC ! Agir ensemble contre le ch\u00f4mage !"},"content":{"rendered":"<p><strong><img loading=\"lazy\" decoding=\"async\" class=\"alignleft\" src=\"http:\/\/www.ac-chomage.org\/local\/cache-vignettes\/L150xH150\/arton1966-f46d7.jpg\" alt=\"\" width=\"150\" height=\"150\" \/>Contre le ch\u00f4mage, on a tout essay\u00e9 ? Sauf la seule mesure r\u00e9ellement efficace : la r\u00e9duction du temps de travail<\/strong><\/p>\n<p><strong>Les faits sont t\u00eatus :<br \/>\n<\/strong>depuis des ann\u00e9es la croissance du ch\u00f4mage est inexorable. Toutes cat\u00e9gories additionn\u00e9es (et en ne tenant que compte des inscrits \u00e0 P\u00f4le emploi), c\u2019est aujourd\u2019hui pr\u00e8s de 5 millions de personnes qui sont, soit totalement sans emploi, soit tentent de survivre en alternant petits boulots pr\u00e9caires et ch\u00f4mage mal ou non indemnis\u00e9. Cons\u00e9quence de la rar\u00e9faction des emplois, 8,2 millions de personnes sont condamn\u00e9es \u00e0 la mal vie avec moins de 950 euros par mois.<br \/>\nSauf r\u00e9orientation \u00e9conomique et politique radicale, cette insupportable r\u00e9alit\u00e9 ne fera que s\u2019aggraver. A l\u2019\u00e9chelle europ\u00e9enne, 25 \u00e0 30 % de la population active est au ch\u00f4mage, ou doit se contenter d\u2019une vie hach\u00e9e, ins\u00e9curis\u00e9e par la pr\u00e9carit\u00e9 des petits boulots \u00ab c\u2019est mieux que rien \u00bb.<\/p>\n<p><strong>R\u00e9pudier la \u00ab valeur travail \u00bb pour enrichir la vie<\/strong><!--more--><br \/>\nLes gains de productivit\u00e9 forment une tendance s\u00e9culaire ind\u00e9niable : en 1870, les salari\u00e9s travaillaient 2 864 heures par an, en 1988, 1610. Entre temps le niveau de vie a \u00e9t\u00e9 multipli\u00e9 par 10. Cette tendance \u00e0 la diminution du temps de travail est observable dans tous les pays d\u00e9velopp\u00e9s, et pour une production croissante mesur\u00e9e par le Pib, abstraction faite de sa qualit\u00e9 r\u00e9elle et des d\u00e9g\u00e2ts environnementaux qui le font grossir\u2026<br \/>\nCe qui explique la gen\u00e8se du fl\u00e9au ch\u00f4mage, ce n\u2019est pas tant la mondialisation, les d\u00e9localisations (bien qu\u2019elles jouent un r\u00f4le d\u2019amplifications\u2026), mais plut\u00f4t notre incapacit\u00e9 \u00e0 g\u00e9rer (par la Rtt) des gains de productivit\u00e9 colossaux. Depuis 1974, en France, le volume de production \u00e0 plus que doubl\u00e9, avec un volume d\u2019heures de travail en diminution : 41 milliards d\u2019heures \u00e0 27, milliards. Les gains de productivit\u00e9 doivent imp\u00e9rativement \u00eatre affect\u00e9 \u00e0 la r\u00e9duction du temps de travail plut\u00f4t qu\u2019\u00e0 produire toujours plus. C\u2019est une question d\u2019\u00e9cologie mentale.<br \/>\nLa r\u00e9volution micro-\u00e9lectronique qui acc\u00e9l\u00e8re le processus de production sans producteurs (quelques techniciens surveillants\/r\u00e9parateurs peuvent suffire), va de toute fa\u00e7on provoquer une r\u00e9duction du temps de travail,\u2026 sous la forme socialement nocive du ch\u00f4mage prolif\u00e9rant\u2026<br \/>\nC\u2019est l\u2019ensemble des temps sociaux qu\u2019il faut examiner pour se diriger vers un nouvel art de vivre. La Rtt n\u2019est pas s\u00e9parable d\u2019une perspective de d\u00e9croissance, il nous faut r\u00e9pudier la valeur travail pour enrichir la vie ! Une \u00e9conomie \u00e9conome orient\u00e9e vers la production de valeur d\u2019usage durable devrait permettre de travailler (beaucoup) moins. La cr\u00e9ation de v\u00e9ritables emplois d\u2019utilit\u00e9 \u00e9cologique et sociale c\u2019est permettre une distribution moins in\u00e9galitaire des revenus.<\/p>\n<p><strong>Pour voir venir : les 32 h tout de suite !<\/strong><br \/>\nLa soci\u00e9t\u00e9 divis\u00e9e que nous impose le productivisme capitaliste est une soci\u00e9t\u00e9 malade et mortif\u00e8re. Nous avons d\u2019un c\u00f4t\u00e9 les ext\u00e9nu\u00e9s du boulot, forc\u00e9ment incapables d\u2019atteindre les objectifs assign\u00e9s, Le stress et la d\u00e9pression m\u00e8nent trop souvent au suicide\u2026Et, sur les marges \u00e9troites de la survie les ch\u00f4meurs et pr\u00e9caires d\u00e9cr\u00e9t\u00e9s \u00ab surnum\u00e9raires \u00bb et inutiles au monde. C\u2019est une strat\u00e9gie payante pour le capitalisme productiviste. Gouvernement par la peur, et management par le stress\u2026 Division profitable pour la bourgeoisie qui fait de la crainte du lendemain une menace disciplinaire efficace.<br \/>\nL\u2019id\u00e9ologie du travail (qui trop souvent a contamin\u00e9 la gauche productiviste et travailliste), n\u2019est plus d\u2019\u00e9poque, il importe de d\u00e9coloniser les imaginaires politiques. La question du mode d\u2019emploi de la vie est la question qui compte. \u00ab Ne plus perdre sa vie \u00e0 la gagner \u00bb, suppose de r\u00e9duire l\u2019empreinte de la n\u00e9cessit\u00e9 du travail. Il n\u2019y \u00e0 pas de probl\u00e8me de production quantitative, mais un probl\u00e8me de r\u00e9partition : la Pib 2012 est sensiblement \u00e9gal \u00e0 2 000 milliards d\u2019euros, le g\u00e2teau est assez gros, mais qui tient le couteau, qui distribuent les tranches ?<\/p>\n<p><strong>\u00ab Un revenu, c\u2019est un d\u00fb, un emploi, c\u2019est un droit ! \u00bb Concr\u00e8tement, nous exigeons de travailler moins, pour travailler toutes et tous.<\/strong><br \/>\nLa semaine de 32 h, doit \u00eatre rapidement instaur\u00e9e. Avec, bien s\u00fbr, la cr\u00e9ation d\u2019emplois aff\u00e9rents et sans diminution des petits salaires \u00e9videmment. Dans une phase de transition (vers le plein emploi), les allocations ch\u00f4mage et les minima sociaux, les retraites inf\u00e9rieures au Smic, devraient \u00eatre revaloris\u00e9s. La croissance de la mis\u00e8re est une arme dont use et abuse le patronat. Il est ans l\u2019int\u00e9r\u00eat des salari\u00e9s en poste que les demandeurs d\u2019emploi soit en capacit\u00e9 de n\u00e9gocier leur insertion dans l\u2019entreprise.<br \/>\nLes 32 h, pour voir, un examen des modulations par branches et secteurs d\u2019activit\u00e9 est, bien s\u00fbr n\u00e9cessaire.<br \/>\nPourtant la Rtt, reste l\u2019horizon ind\u00e9passable d\u2019une politique d\u2019\u00e9mancipation.<br \/>\nAttaquer la \u00ab valeur travail \u00bb (de fait le \u00ab surtravail \u00bb impos\u00e9 par le capitalisme), c\u2019est viser le c\u0153ur de cible de l\u2019id\u00e9ologie dominante. Ca fait mal ? Dommage, mais nous n\u2019avons plus les moyens de m\u00e9nager les dominants et accumulateurs de dividendes ; la survie du grand nombre est l\u2019enjeu de la confrontation n\u00e9cessaire\u2026<\/p>\n<p><strong>Source<\/strong> : <a href=\"http:\/\/www.ac-chomage.org\/spip.php?article1966\">http:\/\/www.ac-chomage.org\/spip.php?article1966<\/a><\/p>\n<p><a title=\"T\u00e9l\u00e9charger\" type=\"application\/pdf\" href=\"http:\/\/www.ac-chomage.org\/IMG\/pdf_Paris_RTT_1er_mai.pdf\">Document<\/a> <small>(PDF &#8211; 543\u00a0ko)<\/small><\/p>\n","protected":false},"excerpt":{"rendered":"<p>Contre le ch\u00f4mage, on a tout essay\u00e9 ? Sauf la seule mesure r\u00e9ellement efficace : la r\u00e9duction du temps de travail Les faits sont t\u00eatus : depuis des ann\u00e9es la croissance du ch\u00f4mage est inexorable. Toutes cat\u00e9gories additionn\u00e9es (et en &hellip; <a href=\"http:\/\/www.projet-decroissance.net\/?p=500\">Continuer la lecture <span class=\"meta-nav\">&rarr;<\/span><\/a><\/p>\n","protected":false},"author":4,"featured_media":0,"comment_status":"closed","ping_status":"open","sticky":false,"template":"","format":"standard","meta":{"footnotes":""},"categories":[1],"tags":[33,31,32],"class_list":["post-500","post","type-post","status-publish","format-standard","hentry","category-actualites","tag-chomage","tag-greve","tag-travail"],"_links":{"self":[{"href":"http:\/\/www.projet-decroissance.net\/index.php?rest_route=\/wp\/v2\/posts\/500","targetHints":{"allow":["GET"]}}],"collection":[{"href":"http:\/\/www.projet-decroissance.net\/index.php?rest_route=\/wp\/v2\/posts"}],"about":[{"href":"http:\/\/www.projet-decroissance.net\/index.php?rest_route=\/wp\/v2\/types\/post"}],"author":[{"embeddable":true,"href":"http:\/\/www.projet-decroissance.net\/index.php?rest_route=\/wp\/v2\/users\/4"}],"replies":[{"embeddable":true,"href":"http:\/\/www.projet-decroissance.net\/index.php?rest_route=%2Fwp%2Fv2%2Fcomments&post=500"}],"version-history":[{"count":1,"href":"http:\/\/www.projet-decroissance.net\/index.php?rest_route=\/wp\/v2\/posts\/500\/revisions"}],"predecessor-version":[{"id":504,"href":"http:\/\/www.projet-decroissance.net\/index.php?rest_route=\/wp\/v2\/posts\/500\/revisions\/504"}],"wp:attachment":[{"href":"http:\/\/www.projet-decroissance.net\/index.php?rest_route=%2Fwp%2Fv2%2Fmedia&parent=500"}],"wp:term":[{"taxonomy":"category","embeddable":true,"href":"http:\/\/www.projet-decroissance.net\/index.php?rest_route=%2Fwp%2Fv2%2Fcategories&post=500"},{"taxonomy":"post_tag","embeddable":true,"href":"http:\/\/www.projet-decroissance.net\/index.php?rest_route=%2Fwp%2Fv2%2Ftags&post=500"}],"curies":[{"name":"wp","href":"https:\/\/api.w.org\/{rel}","templated":true}]}}