{"id":53,"date":"2013-01-07T07:14:09","date_gmt":"2013-01-07T07:14:09","guid":{"rendered":"http:\/\/www.projet-decroissance.net\/?p=53"},"modified":"2013-01-28T18:39:25","modified_gmt":"2013-01-28T18:39:25","slug":"une-date-a-venir","status":"publish","type":"post","link":"http:\/\/www.projet-decroissance.net\/?p=53","title":{"rendered":"Invitation \u00e0 la soir\u00e9e de lancement du livre Un projet de D\u00e9croissance le samedi 26 janvier 2013 \u00e0 18h au Shakirail (Paris)"},"content":{"rendered":"<div id=\"lipsum\">\n<p><a href=\"http:\/\/www.projet-decroissance.net\/\" target=\"_blank\"><img loading=\"lazy\" decoding=\"async\" class=\"alignleft\" alt=\"manifeste-dia-couverture\" src=\"http:\/\/www.projet-decroissance.net\/wp-content\/uploads\/2012\/12\/manifeste-dia-couverture.jpg\" width=\"148\" height=\"233\" \/><\/a>Nous vous invitons toutes et tous \u00e0 la soir\u00e9e de lancement du livre\u00a0<a href=\"http:\/\/www.projet-decroissance.net\" target=\"_blank\"><em>Un projet de D\u00e9croissance, Manifeste pour une Dotation Inconditionnelle d&rsquo;Autonomie<\/em><\/a><\/p>\n<p style=\"text-align: center;\"><strong>Le samedi 26 janvier 2013 \u00e0 partir de 17h30 au\u00a0<a href=\"http:\/\/www.curry-vavart.com\/le-shakirail.htm\" target=\"_blank\">Shakirail<\/a><\/strong><br \/>\n<strong>72 rue Riquet, 75018 Paris<br \/>\n<\/strong><\/p>\n<p><em>Depuis le d\u00e9but des ann\u00e9es 2000 a \u00e9merg\u00e9 un nouveau mouvement de pens\u00e9e autour du slogan provocateur \u00ab D\u00e9croissance \u00bb. A travers la critique radicale de la soci\u00e9t\u00e9 de croissance et de son impasse, cet OVNI politique a su enrichir les d\u00e9bats et les discussions.<\/em><br \/>\n<em> Ces r\u00e9flexions ont d\u00e9bouch\u00e9 sur une proposition appel\u00e9e Dotation Inconditionnelle d\u2019Autonomie (DIA), coupl\u00e9e \u00e0 un Revenu Maximum Acceptable. Ce manifeste pour une DIA part des origines de la D\u00e9croissance et propose des pistes, des r\u00e9flexions susceptibles d\u2019initier une transition sereine et d\u00e9mocratique vers des soci\u00e9t\u00e9s \u00e9cologiquement soutenables et socialement justes. Il repr\u00e9sente en cela un projet de D\u00e9croissance.<\/em><a title=\"Lien permanent vers 4\u00e8me de couverture\" href=\"http:\/\/www.projet-decroissance.net\/?p=12\" rel=\"bookmark\"><br \/>\n<\/a><\/p>\n<p><strong>Programme de la soir\u00e9e :<\/strong><\/p>\n<p>&#8211; Ouverture des portes \u00e0 partir de 17h30.<br \/>\n&#8211; 18h20 pr\u00e9sentation du <a href=\"http:\/\/www.curry-vavart.com\/le-shakirail.htm\" target=\"_blank\">Shakirail<\/a>,\u00a0lieu alternatif g\u00e9r\u00e9 depuis 2011 par le collectif Curry-Vavart qui est compos\u00e9 d&rsquo;artistes et d&rsquo;artisans investissant des lieux dans Paris afin d&rsquo;y installer des ateliers, des salles de r\u00e9p\u00e9titions, des espaces d&rsquo;\u00e9changes et de convivialit\u00e9, des habitations, etc.<br \/>\n&#8211; 18h30 pr\u00e9sentation\u00a0des <a href=\"http:\/\/www.editions-utopia.org\/\" target=\"_blank\">\u00e9ditions Utopia<\/a>.<br \/>\n&#8211; 18h40\u00a0pr\u00e9sentation\u00a0du livre\u00a0<em>Un projet de D\u00e9croissance, Manifeste pour une Dotation Inconditionnelle d&rsquo;Autonomie<\/em>\u00a0par <a href=\"http:\/\/www.projet-decroissance.net\/?page_id=24\" target=\"_blank\">les auteurs<\/a>.<br \/>\n&#8211; 19h20 Discussion.<br \/>\nEnsuite pot de la convivialit\u00e9 avec vin, bi\u00e8re, punch et jus-de-fruit bio accompagn\u00e9 d&rsquo;une bonne soupe chaude, de tartines et de g\u00e2teaux, le tout dans une ambiance chaleureuse et festive.<\/p>\n<p style=\"text-align: center;\"><strong><a title=\"Concert \u00e0 l'occasion des Portes Ouvertes de La Chapelle\" href=\"http:\/\/www.curry-vavart.com\/res\/photos\/DSC02435_1_1_full.jpg\" target=\"_blank\"><img loading=\"lazy\" decoding=\"async\" class=\"alignleft\" title=\"Concert \u00e0 l'occasion des Portes Ouvertes de La Chapelle\" alt=\"Concert \u00e0 l'occasion des Portes Ouvertes de La Chapelle\" src=\"http:\/\/www.curry-vavart.com\/res\/photos\/DSC02435_1_1_thumb.jpg\" width=\"150\" height=\"112\" \/><\/a>Infos pratiques :<a title=\"Le jardin partag\u00e9 du Shakirail\" href=\"http:\/\/www.curry-vavart.com\/res\/photos\/DSC02350_1_1_full.jpg\" target=\"_blank\"><img loading=\"lazy\" decoding=\"async\" class=\"alignright\" title=\"Le jardin partag\u00e9 du Shakirail\" alt=\"Le jardin partag\u00e9 du Shakirail\" src=\"http:\/\/www.curry-vavart.com\/res\/photos\/DSC02350_1_1_thumb.jpg\" width=\"150\" height=\"112\" \/><\/a><\/strong><\/p>\n<p style=\"text-align: center;\"><strong><em>Attention : fermeture des portes \u00e0 18h30 !<\/em><\/strong><br \/>\n<strong><em>Inscription par courriel :\u00a0contact [ at ] projet-decroissance.net\u00a0ou sur cette <a href=\"http:\/\/www.facebook.com\/events\/559239587438462\" target=\"_blank\">page<\/a>.<\/em><\/strong><\/p>\n<p style=\"text-align: center;\">Entr\u00e9e et repas : prix libre<br \/>\nBoissons et bouquins : prix fixe<\/p>\n<p style=\"text-align: center;\"><strong><em>Couvrez-vous bien,\u00a0la salle est tr\u00e8s froide !<\/em><\/strong><\/p>\n<p><iframe loading=\"lazy\" src=\"http:\/\/prezi.com\/embed\/b17ftt9yrhut\/?bgcolor=ffffff&amp;lock_to_path=0&amp;autoplay=no&amp;autohide_ctrls=0\" width=\"550\" height=\"400\" frameBorder=\"0\"><\/iframe><br \/>\nEt aussi :<\/p>\n<div>\n<ul>\n<li><a title=\"Lien permanent vers Pourquoi ce livre ?\" href=\"http:\/\/www.projet-decroissance.net\/?p=574\" rel=\"bookmark\">Pourquoi ce livre ?<\/a><\/li>\n<li><a title=\"Lien permanent vers Pr\u00e9face de Paul Ari\u00e8s\" href=\"http:\/\/www.projet-decroissance.net\/?p=572\" rel=\"bookmark\">Pr\u00e9face de Paul Ari\u00e8s<\/a><\/li>\n<li><a title=\"Lien permanent vers Les auteurs\" href=\"http:\/\/www.projet-decroissance.net\/?p=576\" rel=\"bookmark\">Les auteurs<\/a><\/li>\n<li><a title=\"Lien permanent vers Vid\u00e9o : La Dotation Inconditionnelle d\u2019Autonomie (DIA)\" href=\"http:\/\/www.projet-decroissance.net\/?p=550\" rel=\"bookmark\">Vid\u00e9o : La Dotation Inconditionnelle d\u2019Autonomie (DIA)<\/a><\/li>\n<li><a title=\"Lien permanent vers Qu\u2019est-ce que la D\u00e9croissance ?\" href=\"http:\/\/www.projet-decroissance.net\/?p=581\" rel=\"bookmark\">Qu\u2019est-ce que la D\u00e9croissance ?<\/a><\/li>\n<li><a title=\"Lien permanent vers Revenu Inconditionnel d\u2019Existence ou Dotation Inconditionnelle d\u2019Autonomie ?\" href=\"http:\/\/www.projet-decroissance.net\/?p=207\" rel=\"bookmark\">Revenu Inconditionnel d\u2019Existence ou Dotation Inconditionnelle d\u2019Autonomie ?<\/a><\/li>\n<\/ul>\n<\/div>\n<\/div>\n<p style=\"text-align: center;\">Retrouver les rencontres \u00e0 venir :\u00a0<a title=\"Ce livre est aussi un pr\u00e9texte pour se rencontrer et organiser des discussions et d\u00e9bats conviviaux autour de la D\u00e9croissance.&lt;br \/&gt;&lt;br \/&gt;&lt;br \/&gt;&lt;br \/&gt;\nAinsi, nous sommes ouvert-e-s \u00e0 toutes propositions de rencontres que ce soit dans un bar, une librairies, un lieu alternatifs, une salle des f\u00eates, un appartements, etc.&lt;br \/&gt;&lt;br \/&gt;&lt;br \/&gt;&lt;br \/&gt;\nN'h\u00e9sitez pas \u00e0 nous contacter : contact [ at ] projet-decroissance.net.&lt;br \/&gt;&lt;br \/&gt;&lt;br \/&gt;&lt;br \/&gt;\nNous envisageons des rencontres \u00e0 Paris, Lyon, Clermont-Ferrand, dans l'Est, en Bretagne, \u00e0 Budapest, en Suisse, en Belgique, dans le Nord, dans le sud, etc.\" href=\"http:\/\/www.projet-decroissance.net\/?cat=6\">Agenda<\/a><\/p>\n","protected":false},"excerpt":{"rendered":"<p>Nous vous invitons toutes et tous \u00e0 la soir\u00e9e de lancement du livre\u00a0Un projet de D\u00e9croissance, Manifeste pour une Dotation Inconditionnelle d&rsquo;Autonomie Le samedi 26 janvier 2013 \u00e0 partir de 17h30 au\u00a0Shakirail 72 rue Riquet, 75018 Paris Depuis le d\u00e9but &hellip; <a href=\"http:\/\/www.projet-decroissance.net\/?p=53\">Continuer la lecture <span class=\"meta-nav\">&rarr;<\/span><\/a><\/p>\n","protected":false},"author":2,"featured_media":0,"comment_status":"closed","ping_status":"open","sticky":false,"template":"","format":"standard","meta":{"footnotes":""},"categories":[1,6],"tags":[],"class_list":["post-53","post","type-post","status-publish","format-standard","hentry","category-actualites","category-agenda"],"_links":{"self":[{"href":"http:\/\/www.projet-decroissance.net\/index.php?rest_route=\/wp\/v2\/posts\/53","targetHints":{"allow":["GET"]}}],"collection":[{"href":"http:\/\/www.projet-decroissance.net\/index.php?rest_route=\/wp\/v2\/posts"}],"about":[{"href":"http:\/\/www.projet-decroissance.net\/index.php?rest_route=\/wp\/v2\/types\/post"}],"author":[{"embeddable":true,"href":"http:\/\/www.projet-decroissance.net\/index.php?rest_route=\/wp\/v2\/users\/2"}],"replies":[{"embeddable":true,"href":"http:\/\/www.projet-decroissance.net\/index.php?rest_route=%2Fwp%2Fv2%2Fcomments&post=53"}],"version-history":[{"count":33,"href":"http:\/\/www.projet-decroissance.net\/index.php?rest_route=\/wp\/v2\/posts\/53\/revisions"}],"predecessor-version":[{"id":649,"href":"http:\/\/www.projet-decroissance.net\/index.php?rest_route=\/wp\/v2\/posts\/53\/revisions\/649"}],"wp:attachment":[{"href":"http:\/\/www.projet-decroissance.net\/index.php?rest_route=%2Fwp%2Fv2%2Fmedia&parent=53"}],"wp:term":[{"taxonomy":"category","embeddable":true,"href":"http:\/\/www.projet-decroissance.net\/index.php?rest_route=%2Fwp%2Fv2%2Fcategories&post=53"},{"taxonomy":"post_tag","embeddable":true,"href":"http:\/\/www.projet-decroissance.net\/index.php?rest_route=%2Fwp%2Fv2%2Ftags&post=53"}],"curies":[{"name":"wp","href":"https:\/\/api.w.org\/{rel}","templated":true}]}}