{"id":576,"date":"2013-01-03T07:02:54","date_gmt":"2013-01-03T07:02:54","guid":{"rendered":"http:\/\/www.projet-decroissance.net\/?p=576"},"modified":"2013-01-03T08:03:47","modified_gmt":"2013-01-03T08:03:47","slug":"les-auteurs","status":"publish","type":"post","link":"http:\/\/www.projet-decroissance.net\/?p=576","title":{"rendered":"Les auteurs"},"content":{"rendered":"<div id=\"lipsum\">\n<p><a href=\"http:\/\/www.projet-decroissance.net\/?attachment_id=249\" rel=\"attachment wp-att-249\"><img loading=\"lazy\" decoding=\"async\" class=\" wp-image-249 alignleft\" alt=\"escargot-bleu\" src=\"http:\/\/www.projet-decroissance.net\/wp-content\/uploads\/2012\/12\/escargot-bleu-marron.jpg\" width=\"99\" height=\"76\" \/><\/a>Les auteurs de cet ouvrage sont des objecteurs de\u00a0croissance qui participent depuis 2008 \u00e0 la construction\u00a0du mouvement politique de la D\u00e9croissance \u00e0\u00a0travers la relance du Parti Pour La D\u00e9croissance\u00a0(PPLD) en 2008, la campagne Europe-D\u00e9croissance\u00a02009, la cr\u00e9ation de l\u2019AdOC, des luttes unitaires dans\u00a0une logique de convergence, les Campagnes D\u00e9croissance\u00a02012, etc.<\/p>\n<p>Leur ambition : faire de la politique autrement afin\u00a0de diffuser les id\u00e9es de la D\u00e9croissance pour d\u00e9noncer\u00a0les m\u00e9faits du syst\u00e8me croissanciste et m\u00e9diatique afi n\u00a0de promouvoir et construire une transition sereine et\u00a0d\u00e9mocratique vers de nouveaux mod\u00e8les de soci\u00e9t\u00e9s\u00a0soutenables et souhaitables.<\/p>\n<p>\u2013\u00a0<a href=\"http:\/\/www.projet-decroissance.net\/?page_id=28\">Vincent Liegey<\/a>, doctorant sur la D\u00e9croissance\u00a0\u00e0 l\u2019universit\u00e9 d\u2019\u00e9conomie de Budapest\u00a0(porte-parole du PPLD depuis janvier 2008).<\/p>\n<p>\u2013\u00a0<a href=\"http:\/\/www.projet-decroissance.net\/?page_id=30\">St\u00e9phane Madelaine<\/a>, professeur de Sciences\u00a0Industrielles pour l\u2019Ing\u00e9nieur en Classes Pr\u00e9paratoires\u00a0aux Grandes \u00c9coles (membre du conseil\u00a0national du PPLD).<\/p>\n<p>\u2013\u00a0<a href=\"http:\/\/www.projet-decroissance.net\/?page_id=32\">Christophe Ondet<\/a>, gestionnaire de coll\u00e8ge\u00a0(ancien secr\u00e9taire national du PPLD).<\/p>\n<p>\u2013\u00a0<a href=\"http:\/\/www.projet-decroissance.net\/?page_id=34\">Anne-Isabelle Veillot<\/a>, auxiliaire de vie scolaire\u00a0(secr\u00e9taire nationale du PPLD).<\/p>\n<p style=\"text-align: center;\"><a href=\"http:\/\/www.projet-decroissance.net\/?attachment_id=293\" rel=\"attachment wp-att-293\"><img loading=\"lazy\" decoding=\"async\" class=\"alignnone size-medium wp-image-293\" alt=\"DSC03092\" src=\"http:\/\/www.projet-decroissance.net\/wp-content\/uploads\/2012\/12\/DSC03092-300x225.jpg\" width=\"300\" height=\"225\" srcset=\"http:\/\/www.projet-decroissance.net\/wp-content\/uploads\/2012\/12\/DSC03092-300x225.jpg 300w, http:\/\/www.projet-decroissance.net\/wp-content\/uploads\/2012\/12\/DSC03092-1024x768.jpg 1024w, http:\/\/www.projet-decroissance.net\/wp-content\/uploads\/2012\/12\/DSC03092-400x300.jpg 400w\" sizes=\"auto, (max-width: 300px) 100vw, 300px\" \/><\/a><\/p>\n<p style=\"text-align: center;\">S\u00e9ance de travail (octobre 2012)<\/p>\n<\/div>\n","protected":false},"excerpt":{"rendered":"<p>Les auteurs de cet ouvrage sont des objecteurs de\u00a0croissance qui participent depuis 2008 \u00e0 la construction\u00a0du mouvement politique de la D\u00e9croissance \u00e0\u00a0travers la relance du Parti Pour La D\u00e9croissance\u00a0(PPLD) en 2008, la campagne Europe-D\u00e9croissance\u00a02009, la cr\u00e9ation de l\u2019AdOC, des luttes &hellip; <a href=\"http:\/\/www.projet-decroissance.net\/?p=576\">Continuer la lecture <span class=\"meta-nav\">&rarr;<\/span><\/a><\/p>\n","protected":false},"author":3,"featured_media":0,"comment_status":"closed","ping_status":"open","sticky":false,"template":"","format":"standard","meta":{"footnotes":""},"categories":[1],"tags":[],"class_list":["post-576","post","type-post","status-publish","format-standard","hentry","category-actualites"],"_links":{"self":[{"href":"http:\/\/www.projet-decroissance.net\/index.php?rest_route=\/wp\/v2\/posts\/576","targetHints":{"allow":["GET"]}}],"collection":[{"href":"http:\/\/www.projet-decroissance.net\/index.php?rest_route=\/wp\/v2\/posts"}],"about":[{"href":"http:\/\/www.projet-decroissance.net\/index.php?rest_route=\/wp\/v2\/types\/post"}],"author":[{"embeddable":true,"href":"http:\/\/www.projet-decroissance.net\/index.php?rest_route=\/wp\/v2\/users\/3"}],"replies":[{"embeddable":true,"href":"http:\/\/www.projet-decroissance.net\/index.php?rest_route=%2Fwp%2Fv2%2Fcomments&post=576"}],"version-history":[{"count":1,"href":"http:\/\/www.projet-decroissance.net\/index.php?rest_route=\/wp\/v2\/posts\/576\/revisions"}],"predecessor-version":[{"id":577,"href":"http:\/\/www.projet-decroissance.net\/index.php?rest_route=\/wp\/v2\/posts\/576\/revisions\/577"}],"wp:attachment":[{"href":"http:\/\/www.projet-decroissance.net\/index.php?rest_route=%2Fwp%2Fv2%2Fmedia&parent=576"}],"wp:term":[{"taxonomy":"category","embeddable":true,"href":"http:\/\/www.projet-decroissance.net\/index.php?rest_route=%2Fwp%2Fv2%2Fcategories&post=576"},{"taxonomy":"post_tag","embeddable":true,"href":"http:\/\/www.projet-decroissance.net\/index.php?rest_route=%2Fwp%2Fv2%2Ftags&post=576"}],"curies":[{"name":"wp","href":"https:\/\/api.w.org\/{rel}","templated":true}]}}