{"id":672,"date":"2013-02-06T11:47:06","date_gmt":"2013-02-06T11:47:06","guid":{"rendered":"http:\/\/www.projet-decroissance.net\/?p=672"},"modified":"2013-02-10T20:37:51","modified_gmt":"2013-02-10T20:37:51","slug":"la-transition-est-en-marche-sur-reporterre-net","status":"publish","type":"post","link":"http:\/\/www.projet-decroissance.net\/?p=672","title":{"rendered":"La transition est en marche ! &#8211; Sur Reporterre.net"},"content":{"rendered":"<p><span><img loading=\"lazy\" decoding=\"async\" class=\"alignleft\" alt=\"\" src=\"http:\/\/reporterre.net\/IMG\/jpg\/Changer_le_monde_v_0.jpg\" width=\"238\" height=\"166\" \/><\/span><\/p>\n<p>La transition est en marche\u00a0! C\u2019est l\u2019intitul\u00e9 que l\u2019on utilise pour des encarts dans notre livre,\u00a0<a href=\"http:\/\/www.projet-decroissance.net\/\" target=\"_blank\" rel=\"external\"><i>Un projet de D\u00e9croissance, Manifeste pour une Dotation Inconditionnelle d\u2019Autonomie<\/i><\/a>, pour pr\u00e9senter des alternatives concr\u00e8tes diverses et vari\u00e9es.<\/p>\n<p>Je suis rentr\u00e9 en France depuis une semaine et c\u2019est vraiment ce que j\u2019ai pu observer \u00e0 travers toutes les rencontres que j\u2019ai faites. On assiste un peu partout, et pas uniquement en France puisque je l\u2019observe \u00e9galement en Hongrie o\u00f9 je r\u00e9side, ainsi que dans tous mes voyages, \u00e0 une\u00a0<a href=\"http:\/\/www.grasset.fr\/chapitres\/ch_jullien2.htm\" target=\"_blank\" rel=\"external\">transformation silencieuse<\/a>\u00a0de la soci\u00e9t\u00e9.<\/p>\n<p>La prise de conscience des limites, physiques mais aussi anthropologiques, de cette soci\u00e9t\u00e9 de croissance s\u2019\u00e9tend. De plus en plus de gens ressentent un malaise face au consum\u00e9risme, mais plus encore face \u00e0 la perte de sens dans notre travail, aux cons\u00e9quences d\u00e9sastreuses des plans d\u2019aust\u00e9rit\u00e9, \u00e0 ce que nous appelons cette religion de l\u2019\u00e9conomie. De m\u00eame, de moins en moins de personnes croient encore en la d\u00e9mocratie repr\u00e9sentative, aux \u00e9lites politiques et m\u00e9diatiques, au syst\u00e8me de parti.<br \/>\n<!--more--><br \/>\nAlors on se pose des questions et, surtout,\u00a0<a href=\"http:\/\/alternatives.blog.lemonde.fr\/2012\/11\/28\/ce-million-de-revolutions-tranquilles\/\" target=\"_blank\" rel=\"external\">on essaie d\u2019agir<\/a>. Que ce soit individuellement ou collectivement les comportements changent\u00a0: on exp\u00e9rimente.<\/p>\n<p>Nous avons organis\u00e9 le\u00a0<a href=\"http:\/\/www.projet-decroissance.net\/?p=648\" target=\"_blank\" rel=\"external\">lancement de notre livre au Shakirail<\/a>, lieu alternatif parisien autog\u00e9r\u00e9, afin de mettre en coh\u00e9rence les id\u00e9es que nous d\u00e9veloppons et ce que nous essayons de vivre.<\/p>\n<p>Au\u00a0<a href=\"http:\/\/www.curry-vavart.com\/le-shakirail.htm\" target=\"_blank\" rel=\"external\">Shakirail<\/a>, j\u2019(y) ai rencontr\u00e9 des personnes actives dans le mouvement de la transition, dans les collectifs Notre Dame Des Landes et aussi dans les mouvements des indign\u00e9s, occupy et d\u00e9mocratie r\u00e9elle. Toutes et tous se posent les m\u00eames questions et essaient d\u2019exp\u00e9rimenter ce que pourraient \u00eatre demain des soci\u00e9t\u00e9s soutenables et surtout souhaitables. Ils exp\u00e9rimentent d\u2019autres mani\u00e8res de pratiquer la d\u00e9mocratie, de vivre et de prendre des d\u00e9cisions ensemble.<\/p>\n<p>J\u2019ai rencontr\u00e9 aussi des personnes de mouvements et partis politiques comme le Parti Pirate (<a href=\"http:\/\/www.reporterre.net\/spip.php?article3008\" target=\"_blank\" rel=\"external\">d\u00e9mocratie liquide<\/a>, plus de transparence et un plus grand contr\u00f4le du citoyen sur l\u2019\u00e9lu),\u00a0<a href=\"http:\/\/www.partipourladecroissance.net\/?p=7755\" target=\"_blank\" rel=\"external\">Parti de gauche (PG)<\/a>\u00a0et Europe-Ecologie-Les Verts, chacun s\u2019appuyant sur la prise de pouvoir institutionnel pour changer la soci\u00e9t\u00e9, le PG \u00e0 travers la volont\u00e9 de d\u00e9passer le Parti Socialiste, EELV \u00e0 travers des compromis et en participant au gouvernement.<\/p>\n<p>J\u2019ai aussi rencontr\u00e9 ATTAC, qui r\u00e9fl\u00e9chit \u00e0 comment faire le lien avec les mouvements sociaux et syndicaux \u00e0 l\u2019\u00e9chelle europ\u00e9enne, rompre avec cette Europe technocratique et oligarchique appliquant plans d\u2019aust\u00e9rit\u00e9 les uns apr\u00e8s les autres, et les Alternatifs (Solidarit\u00e9, \u00c9cologie, Autogestion et F\u00e9minisme, dans une logique de convergence du rouge et du vert).<\/p>\n<p>Toutes et tous, avec leur culture politique, leur histoire, essaient de faire face \u00e0 leurs contradictions. Mais toutes et tous avec les m\u00eames questionnements, et une certaine humilit\u00e9 sur les limites de leurs d\u00e9marches\u00a0: plus ou moins jouer le jeu des institutions (voir par exemple<a href=\"http:\/\/www.lejdd.fr\/Politique\/Actualite\/Le-Parti-de-gauche-et-Europe-Ecologie-Les-Verts-lancent-des-ateliers-de-l-ecologie-politique-concrete-588855\" target=\"_blank\" rel=\"external\">les discussion entre le PG et EELV<\/a>), plus ou moins centralis\u00e9, participatif.<\/p>\n<p>Comment accompagner cette volont\u00e9 de faire de la politique autrement, de rompre avec les mod\u00e8les impos\u00e9s par nos institutions centralis\u00e9es et de d\u00e9mocratie se limitant \u00e0 la repr\u00e9sentativit\u00e9, et en m\u00eame temps faire preuve d\u2019une\u00a0<a href=\"http:\/\/www.monde-diplomatique.fr\/2013\/01\/FRANK\/48630\" target=\"_blank\" rel=\"external\">certaine forme de r\u00e9alisme<\/a>\u00a0: qu\u2019on le veuille ou non, nous vivons dans ces soci\u00e9t\u00e9s\u00a0!<\/p>\n<p>Dans le mouvement de la D\u00e9croissance, nous avons depuis plusieurs ann\u00e9es discut\u00e9, r\u00e9fl\u00e9chi et d\u00e9battu de ces notions de pouvoir ou comment changer la soci\u00e9t\u00e9 sans prendre le pouvoir. Nous nous appuyons sur une strat\u00e9gie de masse critique qui s\u2019articule autour des\u00a0<a href=\"http:\/\/www.projet-decroissance.net\/?page_id=399\" target=\"_blank\" rel=\"external\">4 niveaux politiques de la D\u00e9croissance<\/a>\u00a0:<\/p>\n<p><img loading=\"lazy\" decoding=\"async\" alt=\"-\" src=\"http:\/\/reporterre.net\/squelettes-dist\/puce.gif\" width=\"8\" height=\"11\" \/>\u00a0Le collectif\u00a0: \u00e0 travers les alternatives concr\u00e8tes, mises en avant dans ce livre.<\/p>\n<p><img loading=\"lazy\" decoding=\"async\" alt=\"-\" src=\"http:\/\/reporterre.net\/squelettes-dist\/puce.gif\" width=\"8\" height=\"11\" \/>\u00a0Le projet\u00a0: projet de transition et aussi r\u00e9flexion sur ce que peuvent \u00eatre des soci\u00e9t\u00e9s de D\u00e9croissance.<\/p>\n<p><img loading=\"lazy\" decoding=\"async\" alt=\"-\" src=\"http:\/\/reporterre.net\/squelettes-dist\/puce.gif\" width=\"8\" height=\"11\" \/>\u00a0La visibilit\u00e9\u00a0: l\u2019organisation de rencontres-d\u00e9bats, de manifestations, le passage dans les m\u00e9dias, la participation \u00e0 des \u00e9lections de mani\u00e8re non-\u00e9lectoraliste.<\/p>\n<p><img loading=\"lazy\" decoding=\"async\" alt=\"-\" src=\"http:\/\/reporterre.net\/squelettes-dist\/puce.gif\" width=\"8\" height=\"11\" \/>\u00a0L\u2019individuel\u00a0: \u00e0 travers la simplicit\u00e9 volontaire et la d\u00e9colonisation de l\u2019imaginaire.<\/p>\n<p>L\u2019enjeu, pour notre mouvement mais aussi de mani\u00e8re g\u00e9n\u00e9rale pour toutes celles et ceux, tous les collectifs, mouvements et partis politiques qui essaient de construire des alternatives \u00e0 une soci\u00e9t\u00e9 en pleine crise anthropologique est de jouer \u00e0 ce jeu d\u2019\u00e9quilibriste, d\u2019\u00eatre \u00e0 la fois dans et \u00e0 l\u2019ext\u00e9rieur du syst\u00e8me.<\/p>\n<p>D\u2019arriver \u00e0 cultiver cette diversit\u00e9 des approches tout en recherchant des \u00e9quilibres et des convergences, des coop\u00e9rations sur des projets communs qui peuvent \u00eatre une lutte, comme \u00e0 Notre Dame Des Landes ou contre les gaz de schiste, l\u2019organisation de d\u00e9bats et de conf\u00e9rences, la mise en commun d\u2019outils, la participation \u00e0 des \u00e9lections, avoir des \u00e9lus, des soutiens critiques et ponctuels \u00e0 des majorit\u00e9s.<\/p>\n<p>L\u2019enjeu est d\u2019arriver \u00e0 construire un mouvement politique, en rupture avec le mod\u00e8le et la pens\u00e9e dominante, mais capable de le renverser dans une logique de transition. Il s\u2019agit d\u2019inventer un nouveau mod\u00e8le, autour d\u2019un r\u00e9seau horizontal de collectifs, de personnes et de groupes, locaux et\/ou th\u00e9matiques, divers et vari\u00e9s.<\/p>\n<p><strong>La transition est bel et bien en marche&#8230; Mais elle se heurte \u00e0 des r\u00e9sistances institutionnelles, aveugles et toujours plus violentes\u00a0!<\/strong><\/p>\n<p>Mercredi dernier, je suis all\u00e9 \u00e0 la soir\u00e9e de lancement des\u00a0<a href=\"http:\/\/www.reporterre.net\/spip.php?article3787\" target=\"_blank\" rel=\"external\">(R)\u00e9volutions organis\u00e9e par le mouvement des Colibris<\/a>. Il y avait beaucoup de monde et un fort enthousiasme. La soir\u00e9e pour une large part d\u2019entre nous s\u2019est finie dans la rue, mais avec des rencontres, des discussions passionnantes et surtout un \u00e9tat d\u2019esprit positif et constructif.<\/p>\n<p>Comme le mouvement de la Transition, les Colibris rejettent la politique, les \u00e9lections, voire les institutions. Cette posture a l\u2019avantage d\u2019ouvrir les portes \u00e0 des citoyens qui souhaitent \u00eatre dans le faire et rompre avec le combat d\u00e9primant de la politique politicienne. En ce sens ils participent \u00e0 une repolitisation de la soci\u00e9t\u00e9, qui plus est, en s\u2019appuyant sur une pratique de la politique des plus originelles\u00a0: r\u00e9appropriation de la vie de la cit\u00e9 au niveau local.<\/p>\n<p>Ces mouvements participent \u00e0 cette transformation silencieuse et construisent et exp\u00e9rimentent des alternatives. Ils ouvrent de nouveaux possibles.<\/p>\n<p>Par contre, se pose la question de la violence institutionnelle \u00e0 laquelle nous faisons face, que ce soit \u00e0 NDDL ou ce que\u00a0<a href=\"http:\/\/www.guardian.co.uk\/commentisfree\/2012\/dec\/29\/fbi-coordinated-crackdown-occupy\" target=\"_blank\" rel=\"external\">Naomi Wolf r\u00e9v\u00e9lait dans le\u00a0<i>Guardian<\/i><\/a>\u00a0il y a quelques semaines\u00a0: comment le FBI, avec le Homeland Security et les grandes banques a litt\u00e9ralement d\u00e9truit le mouvement Occupy Wall Street.<\/p>\n<p>Comment rester dans la non-violence face \u00e0 un syst\u00e8me qui s\u2019enfonce toujours plus dans son aveuglement, o\u00f9 l\u2019oligarchie et les lobbies construisent\u00a0<a href=\"http:\/\/www.medelu.org\/Julian-Assange-et-la-surveillance\" target=\"_blank\" rel=\"external\">un contr\u00f4le toujours plus fort sur les populations<\/a>, l\u00e0 o\u00f9 tous les Etats occidentaux pr\u00e9parent leurs arm\u00e9es et polices au combat urbain, l\u00e0 o\u00f9 les in\u00e9galit\u00e9s deviennent intenables, les plans d\u2019aust\u00e9rit\u00e9 continuent \u00e0 ronger les citoyens et ce qui reste encore de nos institutions telles que l\u2019\u00e9ducation ou la sant\u00e9.<\/p>\n<p>Plus que jamais, il va falloir collaborer, r\u00e9sister, construire ensemble cette transition d\u00e9mocratique et sereine vers de nouveaux mod\u00e8les de soci\u00e9t\u00e9s soutenables et souhaitables. Et cette transition est en marche&#8230; \u00e0 l\u2019int\u00e9rieur et \u00e0 l\u2019ext\u00e9rieur du syst\u00e8me. Alors collaborons\u00a0!<\/p>\n<p><strong>Vincent Liegey est co-auteur de\u00a0<i>Un projet de D\u00e9croissance, Manifeste pour une Dotation Inconditionnelle d\u2019Autonomie<\/i>, membre du\u00a0<a href=\"http:\/\/www.partipourladecroissance.net\/?cat=3\" target=\"_blank\" rel=\"external\">Parti Pour La D\u00e9croissance<\/a>\u00a0et doctorant \u00e0 l\u2019universit\u00e9 d\u2019\u00e9conomie de Budapest.<\/strong><\/p>\n<p>Source :\u00a0<a href=\"http:\/\/reporterre.net\/spip.php?article3806\" target=\"_blank\">http:\/\/reporterre.net\/spip.php?article3806<\/a><\/p>\n","protected":false},"excerpt":{"rendered":"<p>La transition est en marche\u00a0! C\u2019est l\u2019intitul\u00e9 que l\u2019on utilise pour des encarts dans notre livre,\u00a0Un projet de D\u00e9croissance, Manifeste pour une Dotation Inconditionnelle d\u2019Autonomie, pour pr\u00e9senter des alternatives concr\u00e8tes diverses et vari\u00e9es. Je suis rentr\u00e9 en France depuis une &hellip; <a href=\"http:\/\/www.projet-decroissance.net\/?p=672\">Continuer la lecture <span class=\"meta-nav\">&rarr;<\/span><\/a><\/p>\n","protected":false},"author":3,"featured_media":0,"comment_status":"closed","ping_status":"open","sticky":false,"template":"","format":"standard","meta":{"footnotes":""},"categories":[1,7],"tags":[],"class_list":["post-672","post","type-post","status-publish","format-standard","hentry","category-actualites","category-dans-la-presse-et-sur-la-toile"],"_links":{"self":[{"href":"http:\/\/www.projet-decroissance.net\/index.php?rest_route=\/wp\/v2\/posts\/672","targetHints":{"allow":["GET"]}}],"collection":[{"href":"http:\/\/www.projet-decroissance.net\/index.php?rest_route=\/wp\/v2\/posts"}],"about":[{"href":"http:\/\/www.projet-decroissance.net\/index.php?rest_route=\/wp\/v2\/types\/post"}],"author":[{"embeddable":true,"href":"http:\/\/www.projet-decroissance.net\/index.php?rest_route=\/wp\/v2\/users\/3"}],"replies":[{"embeddable":true,"href":"http:\/\/www.projet-decroissance.net\/index.php?rest_route=%2Fwp%2Fv2%2Fcomments&post=672"}],"version-history":[{"count":6,"href":"http:\/\/www.projet-decroissance.net\/index.php?rest_route=\/wp\/v2\/posts\/672\/revisions"}],"predecessor-version":[{"id":698,"href":"http:\/\/www.projet-decroissance.net\/index.php?rest_route=\/wp\/v2\/posts\/672\/revisions\/698"}],"wp:attachment":[{"href":"http:\/\/www.projet-decroissance.net\/index.php?rest_route=%2Fwp%2Fv2%2Fmedia&parent=672"}],"wp:term":[{"taxonomy":"category","embeddable":true,"href":"http:\/\/www.projet-decroissance.net\/index.php?rest_route=%2Fwp%2Fv2%2Fcategories&post=672"},{"taxonomy":"post_tag","embeddable":true,"href":"http:\/\/www.projet-decroissance.net\/index.php?rest_route=%2Fwp%2Fv2%2Ftags&post=672"}],"curies":[{"name":"wp","href":"https:\/\/api.w.org\/{rel}","templated":true}]}}