{"id":678,"date":"2013-01-08T13:44:32","date_gmt":"2013-01-08T13:44:32","guid":{"rendered":"http:\/\/www.projet-decroissance.net\/?p=678"},"modified":"2013-02-24T14:06:37","modified_gmt":"2013-02-24T14:06:37","slug":"un-projet-de-decroissance-a-metz-discussion-debat-autour-du-livre-vendredi-22-fevrier-2013-a-20h","status":"publish","type":"post","link":"http:\/\/www.projet-decroissance.net\/?p=678","title":{"rendered":"Un projet de D\u00e9croissance \u00e0 Metz \u2013 Discussion-d\u00e9bat autour du livre, vendredi 22 f\u00e9vrier 2013 \u00e0 20h"},"content":{"rendered":"<p style=\"text-align: left;\">Merci aux organisateurs pour cette belle soir\u00e9e qui a accueilli une soixantaine de participant-e-s. La discussion fut riche et constructive ! \ud83d\ude42<br \/>\nVoir <a href=\"http:\/\/www.superno.com\/clampins\/2013\/02\/les-bouleversements-qui-viennent\/\" target=\"_blank\">les commentaires de MIHA<\/a>.<\/p>\n<p style=\"text-align: center;\">Nous vous invitons toutes et tous \u00e0 la soir\u00e9e de pr\u00e9sentation du livre\u00a0<em><a href=\"http:\/\/www.projet-decroissance.net\/\" target=\"_blank\">Un projet de D\u00e9croissance, Manifeste pour une Dotation Inconditionnelle d\u2019Autonomie<\/a>\u00a0avec Vincent Liegey, l&rsquo;un des co-auteurs du livre.<\/em><\/p>\n<p style=\"text-align: center;\"><strong>Le vendredi 22 f\u00e9vrier 2013<br \/>\n<\/strong><strong>20 h, salle des Coquelicots<br \/>\n<\/strong><strong>1 rue Saint Cl\u00e9ment,\u00a0Metz<\/strong><\/p>\n<p style=\"text-align: center;\"><a style=\"color: #ff4b33; line-height: 24px;\" href=\"http:\/\/www.projet-decroissance.net\/wp-content\/uploads\/2013\/02\/affiche_conf_22fev2013.jpg\"><img loading=\"lazy\" decoding=\"async\" class=\"alignnone size-full wp-image-750\" alt=\"affiche_conf_22fev2013\" src=\"http:\/\/www.projet-decroissance.net\/wp-content\/uploads\/2013\/02\/affiche_conf_22fev2013.jpg\" width=\"3508\" height=\"4852\" srcset=\"http:\/\/www.projet-decroissance.net\/wp-content\/uploads\/2013\/02\/affiche_conf_22fev2013.jpg 3508w, http:\/\/www.projet-decroissance.net\/wp-content\/uploads\/2013\/02\/affiche_conf_22fev2013-216x300.jpg 216w, http:\/\/www.projet-decroissance.net\/wp-content\/uploads\/2013\/02\/affiche_conf_22fev2013-740x1024.jpg 740w\" sizes=\"auto, (max-width: 3508px) 100vw, 3508px\" \/><\/a><\/p>\n<p>Et aussi :<\/p>\n<div>\n<ul>\n<li><a title=\"Lien permanent vers Pourquoi ce livre ?\" href=\"http:\/\/www.projet-decroissance.net\/?p=574\" rel=\"bookmark\">Pourquoi ce livre ?<\/a><\/li>\n<li><a title=\"Lien permanent vers Pr\u00e9face de Paul Ari\u00e8s\" href=\"http:\/\/www.projet-decroissance.net\/?p=572\" rel=\"bookmark\">Pr\u00e9face de Paul Ari\u00e8s<\/a><\/li>\n<li><a title=\"Lien permanent vers Les auteurs\" href=\"http:\/\/www.projet-decroissance.net\/?p=576\" rel=\"bookmark\">Les auteurs<\/a><\/li>\n<li><a title=\"Lien permanent vers Vid\u00e9o : La Dotation Inconditionnelle d\u2019Autonomie (DIA)\" href=\"http:\/\/www.projet-decroissance.net\/?p=550\" rel=\"bookmark\">Vid\u00e9o : La Dotation Inconditionnelle d\u2019Autonomie (DIA)<\/a><\/li>\n<li><a title=\"Lien permanent vers Qu\u2019est-ce que la D\u00e9croissance ?\" href=\"http:\/\/www.projet-decroissance.net\/?p=581\" rel=\"bookmark\">Qu\u2019est-ce que la D\u00e9croissance ?<\/a><\/li>\n<li><a title=\"Lien permanent vers Revenu Inconditionnel d\u2019Existence ou Dotation Inconditionnelle d\u2019Autonomie ?\" href=\"http:\/\/www.projet-decroissance.net\/?p=207\" rel=\"bookmark\">Revenu Inconditionnel d\u2019Existence ou Dotation Inconditionnelle d\u2019Autonomie ?<\/a><\/li>\n<\/ul>\n<\/div>\n","protected":false},"excerpt":{"rendered":"<p>Merci aux organisateurs pour cette belle soir\u00e9e qui a accueilli une soixantaine de participant-e-s. La discussion fut riche et constructive ! \ud83d\ude42 Voir les commentaires de MIHA. Nous vous invitons toutes et tous \u00e0 la soir\u00e9e de pr\u00e9sentation du livre\u00a0Un &hellip; <a href=\"http:\/\/www.projet-decroissance.net\/?p=678\">Continuer la lecture <span class=\"meta-nav\">&rarr;<\/span><\/a><\/p>\n","protected":false},"author":3,"featured_media":0,"comment_status":"closed","ping_status":"open","sticky":false,"template":"","format":"standard","meta":{"footnotes":""},"categories":[6],"tags":[],"class_list":["post-678","post","type-post","status-publish","format-standard","hentry","category-agenda"],"_links":{"self":[{"href":"http:\/\/www.projet-decroissance.net\/index.php?rest_route=\/wp\/v2\/posts\/678","targetHints":{"allow":["GET"]}}],"collection":[{"href":"http:\/\/www.projet-decroissance.net\/index.php?rest_route=\/wp\/v2\/posts"}],"about":[{"href":"http:\/\/www.projet-decroissance.net\/index.php?rest_route=\/wp\/v2\/types\/post"}],"author":[{"embeddable":true,"href":"http:\/\/www.projet-decroissance.net\/index.php?rest_route=\/wp\/v2\/users\/3"}],"replies":[{"embeddable":true,"href":"http:\/\/www.projet-decroissance.net\/index.php?rest_route=%2Fwp%2Fv2%2Fcomments&post=678"}],"version-history":[{"count":9,"href":"http:\/\/www.projet-decroissance.net\/index.php?rest_route=\/wp\/v2\/posts\/678\/revisions"}],"predecessor-version":[{"id":771,"href":"http:\/\/www.projet-decroissance.net\/index.php?rest_route=\/wp\/v2\/posts\/678\/revisions\/771"}],"wp:attachment":[{"href":"http:\/\/www.projet-decroissance.net\/index.php?rest_route=%2Fwp%2Fv2%2Fmedia&parent=678"}],"wp:term":[{"taxonomy":"category","embeddable":true,"href":"http:\/\/www.projet-decroissance.net\/index.php?rest_route=%2Fwp%2Fv2%2Fcategories&post=678"},{"taxonomy":"post_tag","embeddable":true,"href":"http:\/\/www.projet-decroissance.net\/index.php?rest_route=%2Fwp%2Fv2%2Ftags&post=678"}],"curies":[{"name":"wp","href":"https:\/\/api.w.org\/{rel}","templated":true}]}}