{"id":705,"date":"2013-02-14T02:57:22","date_gmt":"2013-02-14T02:57:22","guid":{"rendered":"http:\/\/www.projet-decroissance.net\/?p=705"},"modified":"2013-05-20T11:03:57","modified_gmt":"2013-05-20T11:03:57","slug":"un-projet-de-decroissance-en-debats","status":"publish","type":"post","link":"http:\/\/www.projet-decroissance.net\/?p=705","title":{"rendered":"Un projet de D\u00e9croissance, les d\u00e9bats sont lanc\u00e9s !"},"content":{"rendered":"<p><a href=\"http:\/\/www.projet-decroissance.net\/wp-content\/uploads\/2012\/12\/escargot-bleu-marron2.jpg\"><img loading=\"lazy\" decoding=\"async\" class=\"size-full wp-image-266 alignleft\" alt=\"escargot-bleu-marron2.jpg\" src=\"http:\/\/www.projet-decroissance.net\/wp-content\/uploads\/2012\/12\/escargot-bleu-marron2.jpg\" width=\"140\" height=\"106\" \/><\/a>Apr\u00e8s le <a href=\"http:\/\/www.projet-decroissance.net\/?p=648\" target=\"_blank\">beau succ\u00e8s \u00e0 la soir\u00e9e de lancement \u00e0 Paris au Shakirail<\/a>, puis de belles\u00a0<a href=\"http:\/\/www.projet-decroissance.net\/?p=615\" target=\"_blank\">discussions \u00e0 Budapest<\/a>\u00a0puis\u00a0<a href=\"http:\/\/www.projet-decroissance.net\/?p=678\" target=\"_blank\">Metz<\/a>,\u00a0<a href=\"http:\/\/www.projet-decroissance.net\/?p=681\" target=\"_blank\">Vesoul<\/a>,\u00a0<a href=\"http:\/\/www.projet-decroissance.net\/?p=745\" target=\"_blank\">Besan\u00e7on<\/a>, au <a href=\"http:\/\/www.projet-decroissance.net\/?p=757\" target=\"_blank\">Havre<\/a>, \u00e0\u00a0<a href=\"http:\/\/www.projet-decroissance.net\/?p=734\">Clermont-Ferrand<\/a>, \u00e0 l&rsquo;Institut des futurs souhaitables,\u00a0d\u2019autres rencontres autour du Projet de D\u00e9croissance s\u2019organisent <strong><a href=\"http:\/\/www.projet-decroissance.net\/?p=908\" target=\"_blank\">en Suisse (Lausanne et Gen\u00e8ve les 6 et 7 mai)<\/a><\/strong> et <strong><a href=\"http:\/\/www.projet-decroissance.net\/?p=912\" target=\"_blank\">\u00e0 Lyon le 9 mai<\/a><\/strong>, puis dans le Nord et la Belgique, Montpellier, en Alsace, en Bretagne, etc.<!--more--><\/p>\n<p>De m\u00eame des partenariats se mettent en place notamment avec la\u00a0<a title=\"Lien permanent vers Pour acheter le livre en ligne, rien de telle que la boutique militante des d\u00e9sob\u00e9issants\" href=\"http:\/\/www.projet-decroissance.net\/?p=665\" target=\"_blank\" rel=\"bookmark\">boutique militante des d\u00e9sob\u00e9issants<\/a>.\u00a0Le sujet suscite d\u00e9j\u00e0 de nombreux d\u00e9bats, en attestent les 500 commentaires d\u2019une interview d\u2019un des co-auteurs <a href=\"http:\/\/www.rue89.com\/2013\/02\/09\/un-projet-provocateur-faire-payer-le-prix-reel-de-ce-quon-consomme-239427\" target=\"_blank\">sur le site de Rue 89<\/a>, <a href=\"http:\/\/www.projet-decroissance.net\/?p=822\" target=\"_blank\">la recension du livre dans Le Monde<\/a> !<\/p>\n<p>A lire et \u00e9couter aussi<b>\u00a0<\/b> :<\/p>\n<div>\n<ul>\n<li><a href=\"http:\/\/www.projet-decroissance.net\/?p=822\" target=\"_blank\">Un Projet de D\u00e9croissance dans Le Monde<\/a>\u00a0:\u00a0La d\u00e9croissance, mode d\u2019emploi<\/li>\n<li><a href=\"http:\/\/www.projet-decroissance.net\/?p=930\" target=\"_blank\">Un Projet de D\u00e9croissance sur France Culture<\/a>\u00a0: Terre \u00e0 Terre, avec Vincent Liegey par Ruth St\u00e9gassy<\/li>\n<li><a href=\"http:\/\/www.projet-decroissance.net\/?p=943\" target=\"_blank\">Un Projet de D\u00e9croissance dans Lib\u00e9ration<\/a> : Vincent Liegey: \u00abOn ne peut plus cro\u00eetre dans un monde fini\u00bb<\/li>\n<li><a href=\"http:\/\/www.projet-decroissance.net\/?p=860\" target=\"_blank\">Un Projet de D\u00e9croissance dans BastaMag<\/a> : \u00ab La libert\u00e9 de consommer est une illusion bien cher pay\u00e9e \u00bb<\/li>\n<li><a href=\"http:\/\/www.projet-decroissance.net\/?p=810\" target=\"_blank\">Un projet de D\u00e9croissance sur France Culture Plus<\/a>\u00a0:\u00a0Etat des lieux du mouvement d\u00e9croissant en Europe<\/li>\n<li><a title=\"Lien permanent vers Rue89 : Un projet provocateur : \u00ab Faire payer le prix r\u00e9el de ce qu\u2019on consomme \u00bb\" href=\"http:\/\/www.projet-decroissance.net\/?p=692\" target=\"_blank\" rel=\"bookmark\">Rue89 : Un projet provocateur : \u00ab Faire payer le prix r\u00e9el de ce qu\u2019on consomme \u00bb<\/a><\/li>\n<li><a title=\"Lien permanent vers La transition est en marche ! \u2013 Sur Reporterre.net\" href=\"http:\/\/www.projet-decroissance.net\/?p=672\" target=\"_blank\" rel=\"bookmark\">La transition est en marche ! \u2013 Sur Reporterre.net<\/a><\/li>\n<li><a title=\"Lien permanent vers Qu\u2019est-ce que la dotation inconditionnelle d\u2019autonomie ?\" href=\"http:\/\/www.projet-decroissance.net\/?p=700\" target=\"_blank\" rel=\"bookmark\">Qu\u2019est-ce que la dotation inconditionnelle d\u2019autonomie ?<\/a>\u00a0&#8211; Une minute, une question.<\/li>\n<\/ul>\n<p>A venir :<\/p>\n<ul>\n<li><a title=\"Lien permanent vers Un projet de D\u00e9croissance en Suisse \u2013 Discussion-d\u00e9bat autour du livre, lundi 6 mai \u00e0 Gen\u00e8ve et mardi 7 mai \u00e0 Lausanne\" href=\"..\/?p=908\" rel=\"bookmark\">Un projet de D\u00e9croissance en Suisse \u2013 Discussion-d\u00e9bat autour du livre, lundi 6 mai \u00e0 Gen\u00e8ve et mardi 7 mai \u00e0 Lausanne<\/a><\/li>\n<li><a title=\"Lien permanent vers Un projet de D\u00e9croissance \u00e0 Lyon \u2013 Discussion-d\u00e9bat autour du livre, jeudi 9 mai avec Vincent Liegey et Baptiste Mylondo\" href=\"..\/?p=912\" rel=\"bookmark\">Un projet de D\u00e9croissance \u00e0 Lyon \u2013 Discussion-d\u00e9bat autour du livre, jeudi 9 mai avec Vincent Liegey et Baptiste Mylondo<\/a><\/li>\n<li>Retrouver les rencontres \u00e0 venir :\u00a0<a title=\"Ce livre est aussi un pr\u00e9texte&lt;br \/&gt;&lt;br \/&gt;&lt;br \/&gt;&lt;br \/&gt;           pour se rencontrer et organiser des discussions et d\u00e9bats&lt;br \/&gt;&lt;br \/&gt;&lt;br \/&gt;&lt;br \/&gt;           conviviaux autour de la D\u00e9croissance.&lt;br \/&gt;&lt;br&lt;br \/&gt;&lt;br \/&gt;&lt;br \/&gt;&lt;br \/&gt;           \/&gt;&lt;br \/&gt;&lt;br \/&gt;&lt;br \/&gt;&lt;br \/&gt;&lt;br \/&gt;&lt;br \/&gt;&lt;br \/&gt;           Ainsi, nous sommes ouvert-e-s \u00e0 toutes propositions de&lt;br \/&gt;&lt;br \/&gt;&lt;br \/&gt;&lt;br \/&gt;           rencontres que ce soit dans un bar, une librairies, un lieu&lt;br \/&gt;&lt;br \/&gt;&lt;br \/&gt;&lt;br \/&gt;           alternatifs, une salle des f\u00eates, un appartements, etc.&lt;br&lt;br \/&gt;&lt;br \/&gt;&lt;br \/&gt;&lt;br \/&gt;           \/&gt;&lt;br \/&gt;&lt;br \/&gt;&lt;br \/&gt;&lt;br \/&gt;&lt;br \/&gt;&lt;br \/&gt;&lt;br \/&gt;&lt;br \/&gt;           N'h\u00e9sitez pas \u00e0 nous contacter : contact [ at ]&lt;br \/&gt;&lt;br \/&gt;&lt;br \/&gt;&lt;br \/&gt;           projet-decroissance.net.&lt;br \/&gt;&lt;br \/&gt;&lt;br&lt;br \/&gt;&lt;br \/&gt;&lt;br \/&gt;&lt;br \/&gt;           \/&gt;&lt;br \/&gt;&lt;br \/&gt;&lt;br \/&gt;&lt;br \/&gt;&lt;br \/&gt;&lt;br \/&gt;           Nous envisageons des rencontres \u00e0 Paris, Lyon,&lt;br \/&gt;&lt;br \/&gt;&lt;br \/&gt;&lt;br \/&gt;           Clermont-Ferrand, dans l'Est, en Bretagne, \u00e0 Budapest, en&lt;br \/&gt;&lt;br \/&gt;&lt;br \/&gt;&lt;br \/&gt;           Suisse, en Belgique, dans le Nord, dans le sud, etc.\" href=\"http:\/\/www.projet-decroissance.net\/?cat=6\" target=\"_blank\">Agenda<\/a><\/li>\n<\/ul>\n<\/div>\n<div>\n<p><!--more-->Et aussi pour rappel :<\/p>\n<p><img loading=\"lazy\" decoding=\"async\" class=\"alignright\" alt=\"\" src=\"http:\/\/www.projet-decroissance.net\/wp-content\/uploads\/2012\/12\/manifeste-dia-couverture140.jpg\" width=\"140\" height=\"229\" \/><\/p>\n<\/div>\n<div>\n<ul>\n<li><a title=\"Lien permanent vers Pourquoi ce livre ?\" href=\"http:\/\/www.projet-decroissance.net\/?p=574\" target=\"_blank\" rel=\"bookmark\">Pourquoi ce livre ?<\/a><\/li>\n<li><a title=\"Lien permanent vers Pr\u00e9face de Paul Ari\u00e8s\" href=\"http:\/\/www.projet-decroissance.net\/?p=572\" target=\"_blank\" rel=\"bookmark\">Pr\u00e9face de Paul Ari\u00e8s<\/a><\/li>\n<li><a title=\"Lien permanent vers Les auteurs\" href=\"http:\/\/www.projet-decroissance.net\/?p=576\" target=\"_blank\" rel=\"bookmark\">Les auteurs<\/a><\/li>\n<li><a title=\"Lien permanent vers Vid\u00e9o : La Dotation Inconditionnelle d\u2019Autonomie (DIA)\" href=\"http:\/\/www.projet-decroissance.net\/?p=550\" target=\"_blank\" rel=\"bookmark\">Vid\u00e9o : La Dotation Inconditionnelle d\u2019Autonomie (DIA)<\/a><\/li>\n<li><a title=\"Lien permanent vers Qu\u2019est-ce que la D\u00e9croissance ?\" href=\"http:\/\/www.projet-decroissance.net\/?p=581\" target=\"_blank\" rel=\"bookmark\">Qu\u2019est-ce que la D\u00e9croissance ?<\/a><\/li>\n<li><a title=\"Lien permanent vers Revenu Inconditionnel d\u2019Existence ou Dotation Inconditionnelle d\u2019Autonomie ?\" href=\"http:\/\/www.projet-decroissance.net\/?p=207\" target=\"_blank\" rel=\"bookmark\">Revenu Inconditionnel d\u2019Existence ou Dotation Inconditionnelle d\u2019Autonomie ?<\/a><\/li>\n<li><a title=\"Lien permanent vers Pour acheter le livre en ligne, rien de telle que la boutique militante des d\u00e9sob\u00e9issants\" href=\"http:\/\/www.projet-decroissance.net\/?p=665\" target=\"_blank\" rel=\"bookmark\">Pour acheter le livre en ligne, rien de telle que la boutique militante des d\u00e9sob\u00e9issants<\/a><\/li>\n<li><a href=\"http:\/\/www.projet-decroissance.net\/?p=841\" target=\"_blank\">Tableau r\u00e9capitulatif 1 : La Dotation Inconditionnelle d\u2019Autonomie : quels contenus ?<\/a><\/li>\n<li><em id=\"__mceDel\"><a href=\"http:\/\/www.projet-decroissance.net\/?p=842\" target=\"_blank\">Tableau r\u00e9capitulatif 2 : La Dotation Inconditionnelle d\u2019Autonomie : quelles mises en place ?<\/a><\/em><\/li>\n<\/ul>\n<p><em>\u00ab\u00a0[&#8230;] La condition pour r\u00e9ussir cette transformation radicale de l\u2019\u00e9conomie est\u00a0<em>\u00ab\u00a0une forte adh\u00e9sion de tous et une participation \u00e0 cette volont\u00e9 de changement\u00a0\u00bb<\/em>.\u00a0Pour le moins\u2026\u00a0Mais il faut bien commencer un jour, et ce petit livre stimulant y contribue incontestablement.\u00a0\u00bb\u00a0<strong>Herv\u00e9 Kempf dans\u00a0<a href=\"http:\/\/www.lemonde.fr\/economie\/article\/2013\/03\/11\/la-decroissance-mode-d-emploi_1845977_3234.html?xtmc=liegey&amp;xtcr=1\" target=\"_blank\">Le Monde<\/a><em>.<\/em><\/strong><\/em><strong><em><\/em><\/strong><\/p>\n<\/div>\n","protected":false},"excerpt":{"rendered":"<p>Apr\u00e8s le beau succ\u00e8s \u00e0 la soir\u00e9e de lancement \u00e0 Paris au Shakirail, puis de belles\u00a0discussions \u00e0 Budapest\u00a0puis\u00a0Metz,\u00a0Vesoul,\u00a0Besan\u00e7on, au Havre, \u00e0\u00a0Clermont-Ferrand, \u00e0 l&rsquo;Institut des futurs souhaitables,\u00a0d\u2019autres rencontres autour du Projet de D\u00e9croissance s\u2019organisent en Suisse (Lausanne et Gen\u00e8ve les 6 &hellip; <a href=\"http:\/\/www.projet-decroissance.net\/?p=705\">Continuer la lecture <span class=\"meta-nav\">&rarr;<\/span><\/a><\/p>\n","protected":false},"author":2,"featured_media":0,"comment_status":"closed","ping_status":"open","sticky":false,"template":"","format":"standard","meta":{"footnotes":""},"categories":[1,6],"tags":[],"class_list":["post-705","post","type-post","status-publish","format-standard","hentry","category-actualites","category-agenda"],"_links":{"self":[{"href":"http:\/\/www.projet-decroissance.net\/index.php?rest_route=\/wp\/v2\/posts\/705","targetHints":{"allow":["GET"]}}],"collection":[{"href":"http:\/\/www.projet-decroissance.net\/index.php?rest_route=\/wp\/v2\/posts"}],"about":[{"href":"http:\/\/www.projet-decroissance.net\/index.php?rest_route=\/wp\/v2\/types\/post"}],"author":[{"embeddable":true,"href":"http:\/\/www.projet-decroissance.net\/index.php?rest_route=\/wp\/v2\/users\/2"}],"replies":[{"embeddable":true,"href":"http:\/\/www.projet-decroissance.net\/index.php?rest_route=%2Fwp%2Fv2%2Fcomments&post=705"}],"version-history":[{"count":38,"href":"http:\/\/www.projet-decroissance.net\/index.php?rest_route=\/wp\/v2\/posts\/705\/revisions"}],"predecessor-version":[{"id":708,"href":"http:\/\/www.projet-decroissance.net\/index.php?rest_route=\/wp\/v2\/posts\/705\/revisions\/708"}],"wp:attachment":[{"href":"http:\/\/www.projet-decroissance.net\/index.php?rest_route=%2Fwp%2Fv2%2Fmedia&parent=705"}],"wp:term":[{"taxonomy":"category","embeddable":true,"href":"http:\/\/www.projet-decroissance.net\/index.php?rest_route=%2Fwp%2Fv2%2Fcategories&post=705"},{"taxonomy":"post_tag","embeddable":true,"href":"http:\/\/www.projet-decroissance.net\/index.php?rest_route=%2Fwp%2Fv2%2Ftags&post=705"}],"curies":[{"name":"wp","href":"https:\/\/api.w.org\/{rel}","templated":true}]}}