{"id":734,"date":"2013-02-05T08:58:28","date_gmt":"2013-02-05T08:58:28","guid":{"rendered":"http:\/\/www.projet-decroissance.net\/?p=734"},"modified":"2013-04-17T13:54:18","modified_gmt":"2013-04-17T13:54:18","slug":"un-projet-de-decroissance-a-clermont-ferrand-rencontres-autour-du-livre-les-12-et-13-avril-2013","status":"publish","type":"post","link":"http:\/\/www.projet-decroissance.net\/?p=734","title":{"rendered":"Un Projet de D\u00e9croissance en week-end \u00e0 Clermont-Ferrand"},"content":{"rendered":"<p><span><b><a href=\"http:\/\/www.projet-decroissance.net\/\" target=\"_blank\"><img loading=\"lazy\" decoding=\"async\" class=\"alignleft\" alt=\"manifeste-dia-couverture\" src=\"http:\/\/www.projet-decroissance.net\/wp-content\/uploads\/2012\/12\/manifeste-dia-couverture.jpg\" width=\"157\" height=\"248\" \/><\/a><\/b><a href=\"http:\/\/www.occupyclermont.org\/\" target=\"_blank\">Les indign\u00e9s du 63<\/a>, associ\u00e9s \u00e0 d&rsquo;autres collectifs et associations du d\u00e9partement, ont organis\u00e9s le samedi 13 avril 2013 une journ\u00e9e d&rsquo;action sur le place de Jaude de Clermont-Ferrand, <\/span><span style=\"color: #222222;\">destin\u00e9e \u00e0 valoriser les initiatives citoyennes de sobri\u00e9t\u00e9, de partage, de solidarit\u00e9 et d\u2019\u00e9cologie, en r\u00e9ponse \u00e0 l&rsquo;appel du mouvement national.<\/span><\/p>\n<p><span style=\"color: #222222;\"><span style=\"font-family: Times New Roman,serif;\"><span style=\"font-size: medium;\">De cet \u00e9v\u00e9nement, les indign\u00e9s du 63 en ont profit\u00e9 pour inviter deux des co-auteurs du livre <i><a href=\"..\/\" target=\"_blank\">Un projet de D\u00e9croissance, <\/a><a href=\"..\/\" target=\"_blank\">Manifeste pour une Dotation Inconditionnelle d&rsquo;Autonomie<\/a><\/i> pour \u00e9voquer la D\u00e9croissance dans la capitale Arverne. C&rsquo;est ainsi que <\/span><\/span><\/span><span style=\"color: #222222;\"><span style=\"font-family: Times New Roman,serif;\"><span style=\"font-size: medium;\">nous nous sommes retrouv\u00e9s<\/span><\/span><\/span><span style=\"color: #222222;\"><span style=\"font-family: Times New Roman,serif;\"><span style=\"font-size: medium;\"> \u00e0 la gare de Bercy pour rejoindre Clermont-Ferrand le vendredi 12 avril \u00e0 13h30.<\/span><\/span><\/span><\/p>\n<div>\n<p><span style=\"color: #222222;\"><span style=\"font-family: Times New Roman,serif;\"><span style=\"font-size: medium;\">Quelques heures de train et beaucoup d&rsquo;\u00e9motion car il s&rsquo;agissait bien d&rsquo;un retour aux sources. En effet, <\/span><\/span><\/span><span style=\"color: #222222;\"><span style=\"font-family: Times New Roman,serif;\"><span style=\"font-size: medium;\">Vincent Liegey a pass\u00e9 quatre ann\u00e9es sur Clermont-Ferrand dans le cadre de ses \u00e9tudes \u00e0 l&rsquo;IFMA tandis que Christophe Ondet est natif de Clermont-Ferrand dont il a fr\u00e9quent\u00e9 <\/span><\/span><\/span><span style=\"color: #222222;\"><span style=\"font-family: Times New Roman,serif;\"><span style=\"font-size: medium;\">les nombreux lieux culturels, de festivit\u00e9s et d&rsquo;\u00e9ducation en terminant par l&rsquo;universit\u00e9 Blaise Pascal pour d\u00e9crocher une ma\u00eetrise d&rsquo;histoire.<\/span><\/span><\/span><\/p>\n<\/div>\n<p><span style=\"color: #222222;\"><span style=\"font-family: Times New Roman,serif;\"><span style=\"font-size: medium;\">C&rsquo;est au caf\u00e9 lecture <a href=\"http:\/\/www.cafelesaugustes.fr\/\" target=\"_blank\">\u00ab\u00a0Les Augustes\u00a0\u00bb<\/a> que les indign\u00e9s du 63 <\/span><\/span><\/span><span style=\"color: #222222;\"><span style=\"font-family: Times New Roman,serif;\"><span style=\"font-size: medium;\">ont organis\u00e9s une pr\u00e9sentation du livre. Devant une quarantaine de personnes, apr\u00e8s une pr\u00e9sentation succincte et claire, le d\u00e9bat fut riche et extr\u00eamement respectueux. Beaucoup d&rsquo;\u00e9coute, de r\u00e9flexions\u2026 C&rsquo;est aussi pour \u00e7a que le livre a \u00e9t\u00e9 \u00e9crit\u00a0: diffuser les id\u00e9es, en parler et les faire \u00e9voluer en proposant une synth\u00e8se de nos r\u00e9flexions et exp\u00e9riences de ces derni\u00e8res ann\u00e9es.<\/span><\/span><\/span><\/p>\n<div>\n<p><span style=\"color: #222222;\"><span style=\"font-family: Times New Roman,serif;\"><span style=\"font-size: medium;\">Le lendemain, la place de Jaude a donc \u00e9t\u00e9 r\u00e9appropri\u00e9e par les indign\u00e9s du 63 <\/span><\/span><\/span><span style=\"color: #222222;\"><span style=\"font-family: Times New Roman,serif;\"><span style=\"font-size: medium;\">avec de multiples ateliers (montage de meuble en cartons, les incroyables comestibles, un march\u00e9 gratuit \u2026), des animations en chansons et m\u00eame un d\u00e9fil\u00e9 de mode\u00a0! <a href=\"..\/?p=672\" target=\"_blank\">La transition est belle et bien<\/a> en marche dans le Puy-de-D\u00f4me<\/span><\/span><\/span><span style=\"color: #222222;\"><span style=\"font-family: Times New Roman,serif;\"><span style=\"font-size: medium;\">.<\/span><\/span><\/span><\/p>\n<p><a href=\"http:\/\/www.facebook.com\/OccupyClermont\/photos_stream\" target=\"_blank\"><img loading=\"lazy\" decoding=\"async\" class=\"aligncenter\" alt=\"Occupy Clermont-Ferrand\" src=\"http:\/\/www.projet-decroissance.net\/wp-content\/uploads\/2013\/02\/Occupy-Clermont-Ferrand.jpg\" width=\"346\" height=\"230\" \/><\/a><span style=\"font-family: Times New Roman,serif;\"><span style=\"font-size: medium;\">Dans la soir\u00e9e, et apr\u00e8s une belle balade sous le soleil sur le plateau de Gergovie pour profiter de points de vue aussi beaux que d\u00e9primants (avec une urbanisation galopante qui d\u00e9figure une ville jadis ins\u00e9r\u00e9 dans la nature), le <a href=\"http:\/\/www.cinemalerio.com\/\" target=\"_blank\">cin\u00e9ma le Rio <\/a> a accueilli nos deux co-auteurs. <\/span><\/span><\/p>\n<p><span style=\"color: #222222;\"><span style=\"font-family: Times New Roman,serif;\"><span style=\"font-size: medium;\">Le film <a href=\"http:\/\/www.souslespaveslaterre.com\/\" target=\"_blank\">Sous les pav\u00e9s la terre<\/a> de Thierry Kruger a d&rsquo;abord \u00e9t\u00e9 projet\u00e9 <\/span><\/span><\/span><span style=\"color: #222222;\"><span style=\"font-family: Times New Roman,serif;\"><span style=\"font-size: medium;\">devant presque quatre vingt personnes <\/span><\/span><\/span><span style=\"color: #222222;\"><span style=\"font-family: Times New Roman,serif;\"><span style=\"font-size: medium;\">puis la salle a \u00e9t\u00e9 invit\u00e9e \u00e0 <\/span><\/span><\/span><span style=\"color: #222222;\"><span style=\"font-family: Times New Roman,serif;\"><span style=\"font-size: medium;\">d\u00e9battre. La fin pessimiste <\/span><\/span><\/span><span style=\"color: #222222;\"><span style=\"font-family: Times New Roman,serif;\"><span style=\"font-size: medium;\">du film<\/span><\/span><\/span><span style=\"color: #222222;\"><span style=\"font-family: Times New Roman,serif;\"><span style=\"font-size: medium;\"> a <\/span><\/span><\/span><span style=\"color: #222222;\"><span style=\"font-family: Times New Roman,serif;\"><span style=\"font-size: medium;\">de suite <\/span><\/span><\/span><span style=\"color: #222222;\"><span style=\"font-family: Times New Roman,serif;\"><span style=\"font-size: medium;\">\u00e9t\u00e9 <\/span><\/span><\/span><span style=\"color: #222222;\"><span style=\"font-family: Times New Roman,serif;\"><span style=\"font-size: medium;\">remise en cause<\/span><\/span><\/span><span style=\"color: #222222;\"><span style=\"font-family: Times New Roman,serif;\"><span style=\"font-size: medium;\">. <\/span><\/span><\/span><span style=\"color: #222222;\"><span style=\"font-family: Times New Roman,serif;\"><span style=\"font-size: medium;\">La projection ayant commenc\u00e9 tardivement, le temps du d\u00e9bat a d\u00fb \u00eatre raccourci et la convivialit\u00e9 a de nouveau \u00e9t\u00e9 test\u00e9 avec les indign\u00e9s du 63 comme h\u00f4te et ce fut encore une r\u00e9ussite.<\/span><\/span><\/span><\/p>\n<\/div>\n<p><span style=\"color: #222222;\"><span style=\"font-family: Times New Roman,serif;\"><span style=\"font-size: medium;\">Un week-end extr\u00eamement positif avec <\/span><\/span><\/span><span style=\"color: #222222;\"><span style=\"font-family: Times New Roman,serif;\"><span style=\"font-size: medium;\">la certitude que la transition est en marche sur Clermont-Ferrand, de belles rencontres. La D\u00e9croissance continue son petit bonhomme de chemin et nous sommes heureux de voir que notre Projet de D\u00e9croissance <a href=\"..\/?p=705\" target=\"_blank\">continue son petit bonhomme de chemin<\/a> et permet de lancer une r\u00e9flexion pour \u00e9branler la soci\u00e9t\u00e9 de Croissance <\/span><\/span><\/span><span style=\"color: #222222;\"><span style=\"font-family: Times New Roman,serif;\"><span style=\"font-size: medium;\">et proposer des pistes de sortie.<\/span><\/span><\/span><\/p>\n<p><span style=\"color: #222222;\"><span style=\"font-family: Times New Roman,serif;\"><span style=\"font-size: medium;\">Nous remercions \u00e9videmment les indign\u00e9s du 63, tous nos h\u00f4tes et camarades de convivialit\u00e9s et les alternatives concr\u00e8tes qui ont \u00e9maill\u00e9 ce beau week-end.<br \/>\n<\/span><\/span><\/span><\/p>\n<div>\n<p><em><strong><span style=\"color: #222222;\"><span style=\"font-family: Times New Roman,serif;\"><span style=\"font-size: medium;\">Christophe Ondet et Vincent Liegey<\/span><\/span><\/span><\/strong><\/em><\/p>\n<\/div>\n<p><em>Co-auteurs avec Anisabel Veillot et St\u00e9phane Madelaine d&rsquo;Un projet de d\u00e9croissance. Manifeste pour une dotation inconditionnelle d\u2019autonomie. Les \u00e9ditions Utopia, 150 pages, 7 euros.<br \/>\n<\/em><\/p>\n<h2>Un projet de D\u00e9croissance \u00e0 Clermont-Ferrand \u2013 Rencontres autour du livre les 12 et 13 avril 2013<\/h2>\n<p>Nous vous invitons toutes et tous \u00e0 la soir\u00e9e de pr\u00e9sentation du livre\u00a0<em><a href=\"http:\/\/www.projet-decroissance.net\/\" target=\"_blank\">Un projet de D\u00e9croissance, Manifeste pour une Dotation Inconditionnelle d\u2019Autonomie<\/a><\/em>\u00a0avec Vincent Liegey et Christophe Ondet, deux des co-auteurs du livre.<\/p>\n<p style=\"text-align: center;\"><strong>Vendredi 12 avril 2013 \u00e0 20h<\/strong><br \/>\n<strong>Discussion &#8211; d\u00e9bat autour du livre<\/strong><br \/>\n<strong>Caf\u00e9-lecture LES AUGUSTES<\/strong><br \/>\n<strong>5, rue sous les augustins<em id=\"__mceDel\"><br \/>\n<\/em><\/strong><\/p>\n<p style=\"text-align: center;\"><strong>Samedi 13 avril 2013<\/strong><br \/>\n<strong>14h Place Jaude : discussion ouverte avec les indign\u00e9-e-s<br \/>\nNous ne payerons pas leur crise: Ni aust\u00e9rit\u00e9, ni relance mais la D\u00e9croissance.<\/strong><br \/>\n<strong>20h Projection &#8211; d\u00e9bat de <em>Sous les pav\u00e9s la terre<\/em>.<\/strong><\/p>\n<p><em id=\"__mceDel\">Depuis le d\u00e9but des ann\u00e9es 2000 a \u00e9merg\u00e9 un nouveau mouvement de pens\u00e9e autour du slogan provocateur \u00ab D\u00e9croissance \u00bb. A travers la critique radicale de la soci\u00e9t\u00e9 de croissance et de son impasse, cet OVNI politique a su enrichir les d\u00e9bats et les discussions.<br \/>\nCes r\u00e9flexions ont d\u00e9bouch\u00e9 sur une proposition appel\u00e9e Dotation Inconditionnelle d\u2019Autonomie (DIA), coupl\u00e9e \u00e0 un Revenu Maximum Acceptable. Ce manifeste pour une DIA part des origines de la D\u00e9croissance et propose des pistes, des r\u00e9flexions susceptibles d\u2019initier une transition sereine et d\u00e9mocratique vers des soci\u00e9t\u00e9s \u00e9cologiquement soutenables et socialement justes. Il repr\u00e9sente en cela un projet de D\u00e9croissance.<\/em><\/p>\n<p>Et aussi :<\/p>\n<div>\n<ul>\n<li><a title=\"Lien permanent vers Pourquoi ce livre ?\" href=\"http:\/\/www.projet-decroissance.net\/?p=574\" rel=\"bookmark\">Pourquoi ce livre ?<\/a><\/li>\n<li><a title=\"Lien permanent vers Pr\u00e9face de Paul Ari\u00e8s\" href=\"http:\/\/www.projet-decroissance.net\/?p=572\" rel=\"bookmark\">Pr\u00e9face de Paul Ari\u00e8s<\/a><\/li>\n<li><a title=\"Lien permanent vers Les auteurs\" href=\"http:\/\/www.projet-decroissance.net\/?p=576\" rel=\"bookmark\">Les auteurs<\/a><\/li>\n<li><a title=\"Lien permanent vers Vid\u00e9o : La Dotation Inconditionnelle d\u2019Autonomie (DIA)\" href=\"http:\/\/www.projet-decroissance.net\/?p=550\" rel=\"bookmark\">Vid\u00e9o : La Dotation Inconditionnelle d\u2019Autonomie (DIA)<\/a><\/li>\n<li><a title=\"Lien permanent vers Qu\u2019est-ce que la D\u00e9croissance ?\" href=\"http:\/\/www.projet-decroissance.net\/?p=581\" rel=\"bookmark\">Qu\u2019est-ce que la D\u00e9croissance ?<\/a><\/li>\n<li><a title=\"Lien permanent vers Revenu Inconditionnel d\u2019Existence ou Dotation Inconditionnelle d\u2019Autonomie ?\" href=\"http:\/\/www.projet-decroissance.net\/?p=207\" rel=\"bookmark\">Revenu Inconditionnel d\u2019Existence ou Dotation Inconditionnelle d\u2019Autonomie ?<\/a><\/li>\n<\/ul>\n<\/div>\n","protected":false},"excerpt":{"rendered":"<p>Les indign\u00e9s du 63, associ\u00e9s \u00e0 d&rsquo;autres collectifs et associations du d\u00e9partement, ont organis\u00e9s le samedi 13 avril 2013 une journ\u00e9e d&rsquo;action sur le place de Jaude de Clermont-Ferrand, destin\u00e9e \u00e0 valoriser les initiatives citoyennes de sobri\u00e9t\u00e9, de partage, de &hellip; <a href=\"http:\/\/www.projet-decroissance.net\/?p=734\">Continuer la lecture <span class=\"meta-nav\">&rarr;<\/span><\/a><\/p>\n","protected":false},"author":3,"featured_media":0,"comment_status":"closed","ping_status":"open","sticky":false,"template":"","format":"standard","meta":{"footnotes":""},"categories":[6],"tags":[],"class_list":["post-734","post","type-post","status-publish","format-standard","hentry","category-agenda"],"_links":{"self":[{"href":"http:\/\/www.projet-decroissance.net\/index.php?rest_route=\/wp\/v2\/posts\/734","targetHints":{"allow":["GET"]}}],"collection":[{"href":"http:\/\/www.projet-decroissance.net\/index.php?rest_route=\/wp\/v2\/posts"}],"about":[{"href":"http:\/\/www.projet-decroissance.net\/index.php?rest_route=\/wp\/v2\/types\/post"}],"author":[{"embeddable":true,"href":"http:\/\/www.projet-decroissance.net\/index.php?rest_route=\/wp\/v2\/users\/3"}],"replies":[{"embeddable":true,"href":"http:\/\/www.projet-decroissance.net\/index.php?rest_route=%2Fwp%2Fv2%2Fcomments&post=734"}],"version-history":[{"count":9,"href":"http:\/\/www.projet-decroissance.net\/index.php?rest_route=\/wp\/v2\/posts\/734\/revisions"}],"predecessor-version":[{"id":925,"href":"http:\/\/www.projet-decroissance.net\/index.php?rest_route=\/wp\/v2\/posts\/734\/revisions\/925"}],"wp:attachment":[{"href":"http:\/\/www.projet-decroissance.net\/index.php?rest_route=%2Fwp%2Fv2%2Fmedia&parent=734"}],"wp:term":[{"taxonomy":"category","embeddable":true,"href":"http:\/\/www.projet-decroissance.net\/index.php?rest_route=%2Fwp%2Fv2%2Fcategories&post=734"},{"taxonomy":"post_tag","embeddable":true,"href":"http:\/\/www.projet-decroissance.net\/index.php?rest_route=%2Fwp%2Fv2%2Ftags&post=734"}],"curies":[{"name":"wp","href":"https:\/\/api.w.org\/{rel}","templated":true}]}}