{"id":757,"date":"2013-02-01T17:29:52","date_gmt":"2013-02-01T17:29:52","guid":{"rendered":"http:\/\/www.projet-decroissance.net\/?p=757"},"modified":"2013-04-21T08:52:25","modified_gmt":"2013-04-21T08:52:25","slug":"rencontre-a-la-galerne-autour-du-livre-un-projet-de-decroissance-le-havre-76","status":"publish","type":"post","link":"http:\/\/www.projet-decroissance.net\/?p=757","title":{"rendered":"\u00ab\u00a0Un Projet de D\u00e9croissance\u00a0\u00bb \u00e9tait \u00e0 la Galerne du Havre"},"content":{"rendered":"<p><img loading=\"lazy\" decoding=\"async\" class=\"aligncenter\" alt=\"\" src=\"http:\/\/www.haute-normandie-decroissance.fr\/wp-content\/uploads\/noname.gif\" width=\"649\" height=\"74\" \/><\/p>\n<p><a href=\"http:\/\/www.haute-normandie-decroissance.fr\/wp-content\/uploads\/La-Galerne-Livre-2013-04-09-8.jpg\"><img loading=\"lazy\" decoding=\"async\" class=\"aligncenter\" alt=\"La Galerne - Livre - 2013-04-09 - 8\" src=\"http:\/\/www.haute-normandie-decroissance.fr\/wp-content\/uploads\/La-Galerne-Livre-2013-04-09-8.jpg\" width=\"454\" height=\"208\" \/><\/a><\/p>\n<p><strong>Mardi 9 avril, la d\u00e9croissance a fait un passage remarqu\u00e9 \u00e0 la Galerne<\/strong>. Plus qu\u2019une librairie, une institution havraise. Apr\u00e8s une pr\u00e9sentation rapide de l\u2019ouvrage par la libraire, deux des coauteurs,St\u00e9phane M, proph\u00e8te en son pays, et Anne-Isabelle V, se sont pr\u00eat\u00e9s avec brio au jeu des questions r\u00e9ponses : pr\u00e9sentation du mouvement, outils de transitions, exemples concrets, et le coeur du sujet, la DIA : tout y est pass\u00e9. Le public, curieux et venu en nombre &#8211; garni de quelques consommateurs de passage s\u2019arr\u00eatant sur le chemin des caisses &#8211; s\u2019est ensuite exprim\u00e9, la minorit\u00e9 parlante \u00e9tant acquis \u00e0 la cause (Le Havre ville de gauchistes qui votent \u00e0 droite&#8230;).<\/p>\n<p><strong>Apr\u00e8s une heure d\u2019\u00e9changes denses<\/strong>, St\u00e9phane et Anne-Isabelle ont encha\u00een\u00e9 les d\u00e9dicaces, rivalisant d\u2019imagination. Cette belle soir\u00e9e de rencontres s\u2019est finie comme il se doit, dans la convivialit\u00e9, et la pluie (et un peu le soleil aussi) dans un petit restaurant de bord de mer.<img decoding=\"async\" title=\"Lire la suite\u2026\" alt=\"\" src=\"http:\/\/www.projet-decroissance.net\/wp-includes\/js\/tinymce\/plugins\/wordpress\/img\/trans.gif\" \/><\/p>\n<p><a href=\"http:\/\/www.projet-decroissance.net\/\"><img loading=\"lazy\" decoding=\"async\" class=\"aligncenter\" alt=\"La Galerne - Livre - 2013-04-09 - 7\" src=\"http:\/\/www.haute-normandie-decroissance.fr\/wp-content\/uploads\/La-Galerne-Livre-2013-04-09-7.jpg\" width=\"326\" height=\"288\" \/><\/a><\/p>\n<p><img loading=\"lazy\" decoding=\"async\" class=\"alignleft\" style=\"color: #ff6600;\" alt=\"\" src=\"http:\/\/www.projet-decroissance.net\/wp-content\/uploads\/2012\/12\/manifeste-dia-couverture140.jpg\" width=\"140\" height=\"229\" \/><\/p>\n<p><strong>Rencontre \u00e0 la Galerne autour du livre \u00ab Un Projet de D\u00e9croissance \u00bb le mardi 9 avril au Havre<br \/>\nMardi 9 avril 2013 \u00e0 18h00<\/strong><\/p>\n<p><a href=\"http:\/\/www.projet-decroissance.net\/?page_id=30\">St\u00e9phane MADELAINE<\/a>, professeur de Sciences Industrielles pour l\u2019Ing\u00e9nieur en Classes Pr\u00e9paratoires aux Grandes Ecoles, Objecteur de Croissance, il participe \u00e0 la construction du mouvement \u00ab\u00a0D\u00e9croissance\u00a0\u00bb depuis 2007.<\/p>\n<p><a href=\"http:\/\/www.projet-decroissance.net\/?page_id=34\">Anne-Isabelle VEILLOT<\/a>, auxiliaire de vie scolaire, Objectrice de Croissance, elle participe \u00e0 la construction du mouvement \u00ab\u00a0D\u00e9croissance\u00a0\u00bb depuis 2009.<\/p>\n<p><strong>Un projet de d\u00e9croissance<\/strong><br \/>\n<strong>Manifeste pour une Dotation Inconditionnelle d\u2019Autonomie<\/strong><\/p>\n<p><a href=\"http:\/\/www.editions-utopia.org\/\">Editions Utopia<\/a><\/p>\n<p>\u00ab Sans un minimum de ressources, le nouveau citoyen ne peut vivre pleinement les principes r\u00e9publicains de libert\u00e9, d\u2019\u00e9galit\u00e9 et de fraternit\u00e9 \u00bb, d\u00e9clarait Thomas Paine en 1792. Et pourtant deux si\u00e8cles plus tard cette id\u00e9e semble \u00eatre rest\u00e9e lettre morte. Les produits de haute n\u00e9cessit\u00e9 ne sont toujours pas accessibles \u00e0 tous : logement, alimentation, v\u00eatements, \u00e9nergie et eau potable, \u00e9ducation, sant\u00e9, convivialit\u00e9.<br \/>\nA travers la critique radicale de la soci\u00e9t\u00e9 de Croissance, les objecteurs de croissance proposent un outil \u00e9conomique, social et d\u2019\u00e9mancipation, permettant d\u2019\u00e9chapper aux effets d\u2019une r\u00e9cession sans en appeler \u00e0 toujours plus de croissance : la DIA (Dotation Inconditionnelle d\u2019Autonomie), coupl\u00e9e \u00e0 un Revenu Maximum Acceptable (RMA).<\/p>\n<p>Au-del\u00e0 d\u2019un simple correctif, la DIA vise \u00e0 susciter dialogues et d\u00e9bats sur ce qu\u2019est le \u00ab vivre ensemble \u00bb, sur la mani\u00e8re de cr\u00e9er \u00ab plus de liens \u00bb sans pour autant cr\u00e9er \u00ab plus de biens \u00bb.<\/p>\n<p>Ce manifeste pour une DIA propose des pistes, des r\u00e9flexions susceptibles d\u2019initier une transition sereine et d\u00e9mocratique vers des soci\u00e9t\u00e9s \u00e9cologiquement soutenables et socialement justes.<\/p>\n<p><strong>En cela, il repr\u00e9sente un projet de D\u00e9croissance.<\/strong><\/p>\n<p>Plus d&rsquo;informations et contacts sur le site du livre : <a href=\"http:\/\/www.projet-decroissance.net\/\">http:\/\/www.projet-decroissance.net\/<\/a><\/p>\n<p><a href=\"http:\/\/www.haute-normandie-decroissance.fr\/?ai1ec_event=rencontre-autour-du-livre-un-projet-de-decroissance&amp;instance_id=308\"><strong>rencontre \u00e0 18h au Caf\u00e9<\/strong><\/a><\/p>\n","protected":false},"excerpt":{"rendered":"<p>Mardi 9 avril, la d\u00e9croissance a fait un passage remarqu\u00e9 \u00e0 la Galerne. Plus qu\u2019une librairie, une institution havraise. Apr\u00e8s une pr\u00e9sentation rapide de l\u2019ouvrage par la libraire, deux des coauteurs,St\u00e9phane M, proph\u00e8te en son pays, et Anne-Isabelle V, se &hellip; <a href=\"http:\/\/www.projet-decroissance.net\/?p=757\">Continuer la lecture <span class=\"meta-nav\">&rarr;<\/span><\/a><\/p>\n","protected":false},"author":2,"featured_media":0,"comment_status":"closed","ping_status":"open","sticky":false,"template":"","format":"standard","meta":{"footnotes":""},"categories":[6],"tags":[],"class_list":["post-757","post","type-post","status-publish","format-standard","hentry","category-agenda"],"_links":{"self":[{"href":"http:\/\/www.projet-decroissance.net\/index.php?rest_route=\/wp\/v2\/posts\/757","targetHints":{"allow":["GET"]}}],"collection":[{"href":"http:\/\/www.projet-decroissance.net\/index.php?rest_route=\/wp\/v2\/posts"}],"about":[{"href":"http:\/\/www.projet-decroissance.net\/index.php?rest_route=\/wp\/v2\/types\/post"}],"author":[{"embeddable":true,"href":"http:\/\/www.projet-decroissance.net\/index.php?rest_route=\/wp\/v2\/users\/2"}],"replies":[{"embeddable":true,"href":"http:\/\/www.projet-decroissance.net\/index.php?rest_route=%2Fwp%2Fv2%2Fcomments&post=757"}],"version-history":[{"count":13,"href":"http:\/\/www.projet-decroissance.net\/index.php?rest_route=\/wp\/v2\/posts\/757\/revisions"}],"predecessor-version":[{"id":939,"href":"http:\/\/www.projet-decroissance.net\/index.php?rest_route=\/wp\/v2\/posts\/757\/revisions\/939"}],"wp:attachment":[{"href":"http:\/\/www.projet-decroissance.net\/index.php?rest_route=%2Fwp%2Fv2%2Fmedia&parent=757"}],"wp:term":[{"taxonomy":"category","embeddable":true,"href":"http:\/\/www.projet-decroissance.net\/index.php?rest_route=%2Fwp%2Fv2%2Fcategories&post=757"},{"taxonomy":"post_tag","embeddable":true,"href":"http:\/\/www.projet-decroissance.net\/index.php?rest_route=%2Fwp%2Fv2%2Ftags&post=757"}],"curies":[{"name":"wp","href":"https:\/\/api.w.org\/{rel}","templated":true}]}}