{"id":810,"date":"2013-03-11T14:55:19","date_gmt":"2013-03-11T14:55:19","guid":{"rendered":"http:\/\/www.projet-decroissance.net\/?p=810"},"modified":"2013-03-11T15:09:45","modified_gmt":"2013-03-11T15:09:45","slug":"un-projet-de-decroissance-sur-france-culture-plus","status":"publish","type":"post","link":"http:\/\/www.projet-decroissance.net\/?p=810","title":{"rendered":"Un projet de D\u00e9croissance sur France Culture Plus"},"content":{"rendered":"<p><em><img decoding=\"async\" alt=\"\" src=\"http:\/\/plus.franceculture.fr\/sites\/default\/files\/styles\/factory_picture\/public\/factory\/picture\/20ans_europe_0.jpg\" \/><\/em><\/p>\n<section>\n<article><a style=\"font-size: 1.8em;\" href=\"http:\/\/plus.franceculture.fr\/etat-des-lieux-du-mouvement-decroissant-en-europe\" target=\"_blank\">Etat des lieux du mouvement d\u00e9croissant en Europe<\/a><span style=\"color: #000000; font-size: 1.8em; line-height: 1.5em;\">\u00a0&#8211;\u00a0<\/span><span style=\"color: #000000; font-size: 1.8em; line-height: 1.5em;\">11 MARS 2013<\/span><\/article>\n<article>Portraits crois\u00e9s de deux jeunes \u00ab alter \u00bb entre la France et l\u2019Allemagne, qui partagent la m\u00eame exp\u00e9rience d\u2019une auto-gestion d\u00e9croissante. Je d\u00e9crois, tu d\u00e9crois, il d\u00e9croit, nous croyons en la d\u00e9croissance. Le d\u00e9clin de la pens\u00e9e positiviste en Europe a un nouveau nom. Un mouvement qui cro\u00eet justement en Europe. D\u00e9croissance, degrowth en anglais, postwachstum en allemand, decrecimiento en espagnol ou encore nemn\u00f6veked\u00e9s en hongrois. La jeune Europe dit non \u00e0 la croissance \u00e0 tout prix et se rassemble pour trouver une nouvelle mani\u00e8re de vivre.<span style=\"font-size: 12px;\">[audio:http:\/\/plus.franceculture.fr\/sites\/default\/files\/atoms\/audio\/20_ans_en_europe_5_decroissants_0.mp3]<\/span><\/p>\n<\/article>\n<article>Avec Vincent Liegey, co-auteur de\u00a0\u00a0<i><a href=\"http:\/\/www.projet-decroissance.net\/\" target=\"_blank\" rel=\"external\">Un projet de D\u00e9croissance, Manifeste pour une Dotation Inconditionnelle d\u2019Autonomie<\/a>.<\/i><\/article>\n<article><i><\/i><\/p>\n<div style=\"text-align: center;\"><img loading=\"lazy\" decoding=\"async\" class=\"aligncenter\" alt=\"\" src=\"http:\/\/plus.franceculture.fr\/sites\/default\/files\/styles\/assets_image\/public\/atoms\/images\/ok.jpg\" width=\"350\" height=\"400\" \/>CC Arkadiusz Benedykt \/ Flickr<\/div>\n<\/article>\n<\/section>\n","protected":false},"excerpt":{"rendered":"<p>Etat des lieux du mouvement d\u00e9croissant en Europe\u00a0&#8211;\u00a011 MARS 2013 Portraits crois\u00e9s de deux jeunes \u00ab alter \u00bb entre la France et l\u2019Allemagne, qui partagent la m\u00eame exp\u00e9rience d\u2019une auto-gestion d\u00e9croissante. Je d\u00e9crois, tu d\u00e9crois, il d\u00e9croit, nous croyons en &hellip; <a href=\"http:\/\/www.projet-decroissance.net\/?p=810\">Continuer la lecture <span class=\"meta-nav\">&rarr;<\/span><\/a><\/p>\n","protected":false},"author":3,"featured_media":0,"comment_status":"closed","ping_status":"open","sticky":false,"template":"","format":"standard","meta":{"footnotes":""},"categories":[1,7],"tags":[],"class_list":["post-810","post","type-post","status-publish","format-standard","hentry","category-actualites","category-dans-la-presse-et-sur-la-toile"],"_links":{"self":[{"href":"http:\/\/www.projet-decroissance.net\/index.php?rest_route=\/wp\/v2\/posts\/810","targetHints":{"allow":["GET"]}}],"collection":[{"href":"http:\/\/www.projet-decroissance.net\/index.php?rest_route=\/wp\/v2\/posts"}],"about":[{"href":"http:\/\/www.projet-decroissance.net\/index.php?rest_route=\/wp\/v2\/types\/post"}],"author":[{"embeddable":true,"href":"http:\/\/www.projet-decroissance.net\/index.php?rest_route=\/wp\/v2\/users\/3"}],"replies":[{"embeddable":true,"href":"http:\/\/www.projet-decroissance.net\/index.php?rest_route=%2Fwp%2Fv2%2Fcomments&post=810"}],"version-history":[{"count":9,"href":"http:\/\/www.projet-decroissance.net\/index.php?rest_route=\/wp\/v2\/posts\/810\/revisions"}],"predecessor-version":[{"id":812,"href":"http:\/\/www.projet-decroissance.net\/index.php?rest_route=\/wp\/v2\/posts\/810\/revisions\/812"}],"wp:attachment":[{"href":"http:\/\/www.projet-decroissance.net\/index.php?rest_route=%2Fwp%2Fv2%2Fmedia&parent=810"}],"wp:term":[{"taxonomy":"category","embeddable":true,"href":"http:\/\/www.projet-decroissance.net\/index.php?rest_route=%2Fwp%2Fv2%2Fcategories&post=810"},{"taxonomy":"post_tag","embeddable":true,"href":"http:\/\/www.projet-decroissance.net\/index.php?rest_route=%2Fwp%2Fv2%2Ftags&post=810"}],"curies":[{"name":"wp","href":"https:\/\/api.w.org\/{rel}","templated":true}]}}