{"id":822,"date":"2013-04-12T09:29:19","date_gmt":"2013-04-12T09:29:19","guid":{"rendered":"http:\/\/www.projet-decroissance.net\/?p=822"},"modified":"2013-08-25T08:49:31","modified_gmt":"2013-08-25T08:49:31","slug":"un-projet-de-decroissance-dans-le-monde","status":"publish","type":"post","link":"http:\/\/www.projet-decroissance.net\/?p=822","title":{"rendered":"\u00ab\u00a0Un Projet de D\u00e9croissance\u00a0\u00bb dans Le Monde"},"content":{"rendered":"<p><a href=\"http:\/\/www.projet-decroissance.net\/wp-content\/uploads\/2013\/03\/Projet-decroissace-liegey-le-monde.jpg\"><img loading=\"lazy\" decoding=\"async\" class=\"alignnone size-full wp-image-823\" alt=\"Projet-decroissace-liegey-le-monde\" src=\"http:\/\/www.projet-decroissance.net\/wp-content\/uploads\/2013\/03\/Projet-decroissace-liegey-le-monde.jpg\" width=\"1920\" height=\"2704\" srcset=\"http:\/\/www.projet-decroissance.net\/wp-content\/uploads\/2013\/03\/Projet-decroissace-liegey-le-monde.jpg 1920w, http:\/\/www.projet-decroissance.net\/wp-content\/uploads\/2013\/03\/Projet-decroissace-liegey-le-monde-213x300.jpg 213w, http:\/\/www.projet-decroissance.net\/wp-content\/uploads\/2013\/03\/Projet-decroissace-liegey-le-monde-727x1024.jpg 727w\" sizes=\"auto, (max-width: 1920px) 100vw, 1920px\" \/><\/a><\/p>\n<h2 style=\"text-align: center;\"><a href=\"http:\/\/www.lemonde.fr\/economie\/article\/2013\/03\/11\/la-decroissance-mode-d-emploi_1845977_3234.html?xtmc=liegey&amp;xtcr=1\" target=\"_blank\"><strong>La d\u00e9croissance, mode d&#8217;emploi<\/strong><\/a><\/h2>\n<p><span style=\"color: #000000;\"><a href=\"http:\/\/www.lemonde.fr\/economie\/article\/2013\/03\/11\/la-decroissance-mode-d-emploi_1845977_3234.html?xtmc=liegey&amp;xtcr=1\" target=\"_blank\"><span style=\"color: #000000;\">LE MONDE ECONOMIE &#8211;\u00a0<time itemprop=\"datePublished\" datetime=\"2013-03-11T10:16:46+01:00\">11.03.2013 &#8211;\u00a0<\/time>Par Herv\u00e9 Kempf<\/span><\/a><\/span><\/p>\n<p><a href=\"http:\/\/www.partipourladecroissance.net\/wp-content\/uploads\/2013\/03\/le-monde-economie_2009.gif\"><img loading=\"lazy\" decoding=\"async\" class=\"alignleft\" alt=\"le-monde-economie_2009\" src=\"http:\/\/www.partipourladecroissance.net\/wp-content\/uploads\/2013\/03\/le-monde-economie_2009-300x93.gif\" width=\"192\" height=\"59\" \/><\/a><\/p>\n<p>Un revenu \u00e9gal pour tous d&rsquo;un c\u00f4t\u00e9, un revenu maximal de l&rsquo;autre : voil\u00e0 la vision \u00e9conomique exprim\u00e9e par des partisans de la d\u00e9croissance dans cet ouvrage qui ne vise rien moins qu&rsquo;\u00e0 bouleverser la soci\u00e9t\u00e9. Il est peu probable qu&rsquo;il y parvienne rapidement, mais la vision pr\u00e9sent\u00e9e est si radicalement oppos\u00e9e aux dogmes dominants qu&rsquo;elle en devient diablement int\u00e9ressante.<br \/>\n<!--more--><\/p>\n<p>Ecrit par divers \u00ab\u00a0objecteurs de croissance\u00a0\u00bb, le livre rappelle d&rsquo;abord les fondamentaux de la th\u00e9orie de la d\u00e9croissance. Les auteurs soulignent avec un brin d&rsquo;ironie que le terme m\u00eame de d\u00e9croissance, malgr\u00e9 ses imperfections, est,\u00a0<em>\u00ab\u00a0contrairement \u00e0 celui de d\u00e9veloppement durable, difficilement r\u00e9cup\u00e9rable par la soci\u00e9t\u00e9 de croissance\u00a0\u00bb<\/em>.<\/p>\n<p>Ils soulignent qu&rsquo;alors que\u00a0<em>\u00ab\u00a0la mythologie de la \u00ab\u00a0Croissance\u00a0\u00bb veut que l&rsquo;augmentation du produit int\u00e9rieur brut [PIB] fasse baisser le ch\u00f4mage\u00a0<em>(&#8230;),<\/em>\u00a0depuis quarante ans, si le PIB a augment\u00e9 r\u00e9guli\u00e8rement, le taux de ch\u00f4mage s&rsquo;est accru pour stagner autour d<\/em><em>e 10 %\u00a0\u00bb.<\/em><\/p>\n<p><strong>R\u00c9ORGANISATION DU SYST\u00c8ME<\/strong><\/p>\n<p>En fait, les auteurs n&rsquo;imaginent pas que le capitalisme puisse se sortir de la crise actuelle, parce qu&rsquo;elle d\u00e9coule\u00a0<em>\u00ab\u00a0de la d\u00e9pl\u00e9tion des \u00e9nergies, des m\u00e9taux et de la biodiversit\u00e9\u00a0\u00bb<\/em>. Si bien qu&rsquo;au fond\u00a0<em>\u00ab\u00a0il ne s&rsquo;agit pas de choisir entre \u00ab\u00a0croissance\u00a0\u00bb ou \u00ab\u00a0d\u00e9croissance\u00a0\u00bb, mais bien entre une \u00ab\u00a0d\u00e9croissance volontaire et d\u00e9mocratique\u00a0\u00bb et une \u00ab\u00a0r\u00e9cession subie et oligarchique\u00a0\u00bb\u00a0\u00bb<\/em>.<\/p>\n<p>Comment, alors, mettre en oeuvre l&rsquo;\u00e9conomie en \u00e9tat stable (<em>steady state economy<\/em>) th\u00e9oris\u00e9e par l&rsquo;\u00e9conomiste am\u00e9ricain Herman Daly ? En organisant le couplage entre le revenu maximum acceptable (RMA) &#8211; puisque\u00a0<em>\u00ab\u00a0la premi\u00e8re d\u00e9croissance doit \u00eatre celle des in\u00e9galit\u00e9s\u00a0\u00bb<\/em>\u00a0&#8211; et la dotation inconditionnelle d&rsquo;autonomie (DIA),\u00a0<em>\u00ab\u00a0vers\u00e9e \u00e0 toutes et tous de mani\u00e8re \u00e9gale de la naissance \u00e0 la mort, afin de garantir un niveau de vie d\u00e9cent et d\u00e9connect\u00e9 de l&rsquo;occupation d&rsquo;un emploi\u00a0\u00bb<\/em>.<\/p>\n<p>Il ne s&rsquo;agit pas l\u00e0 d&rsquo;une simple redistribution, mais de la r\u00e9organisation du syst\u00e8me \u00e9conomique. La DIA ne serait pas seulement un flux mon\u00e9taire, mais comprendrait des droits de tirage gratuits sur des ressources (eau et \u00e9lectricit\u00e9), des services publics et des biens communs partag\u00e9s, bas\u00e9s sur des monnaies locales.<\/p>\n<p>Cela supposera\u00a0<em>\u00ab\u00a0des choix, comme de ne pas rembourser la part de la dette qui est ill\u00e9gitime, une nationalisation partielle voire totale du syst\u00e8me bancaire avec l&rsquo;instauration de taxes sur les transactions financi\u00e8res, un d\u00e9bat public sur le fonctionnement voire l&rsquo;existence de la Bourse, l&rsquo;interdiction des paradis fiscaux, etc. De m\u00eame, [les auteurs proposent] de confisquer aux banques priv\u00e9es le pouvoir de la cr\u00e9ation mon\u00e9taire en le conf\u00e9rant aux banques publiques\u00a0\u00bb<\/em>.<\/p>\n<p>La condition pour r\u00e9ussir cette transformation radicale de l&rsquo;\u00e9conomie est\u00a0<em>\u00ab\u00a0une forte adh\u00e9sion de tous et une participation \u00e0 cette volont\u00e9 de changement\u00a0\u00bb<\/em>. Pour le moins&#8230; Mais il faut bien commencer un jour, et ce petit livre stimulant y contribue incontestablement.<\/p>\n<p><strong><em>Un projet de d\u00e9croissance. Manifeste pour une dotation inconditionnelle d&rsquo;autonomie,\u00a0<\/em>de Vincent Liegey, St\u00e9phane Madelaine, Christophe Ondet, Anne-Isabelle Veillot, pr\u00e9face de Paul Ari\u00e8s. Les \u00e9ditions Utopia, 150 pages, 7 euros.<\/strong><\/p>\n<p>&nbsp;<\/p>\n","protected":false},"excerpt":{"rendered":"<p>La d\u00e9croissance, mode d&#8217;emploi LE MONDE ECONOMIE &#8211;\u00a011.03.2013 &#8211;\u00a0Par Herv\u00e9 Kempf Un revenu \u00e9gal pour tous d&rsquo;un c\u00f4t\u00e9, un revenu maximal de l&rsquo;autre : voil\u00e0 la vision \u00e9conomique exprim\u00e9e par des partisans de la d\u00e9croissance dans cet ouvrage qui ne &hellip; <a href=\"http:\/\/www.projet-decroissance.net\/?p=822\">Continuer la lecture <span class=\"meta-nav\">&rarr;<\/span><\/a><\/p>\n","protected":false},"author":3,"featured_media":0,"comment_status":"closed","ping_status":"open","sticky":false,"template":"","format":"standard","meta":{"footnotes":""},"categories":[1,7],"tags":[],"class_list":["post-822","post","type-post","status-publish","format-standard","hentry","category-actualites","category-dans-la-presse-et-sur-la-toile"],"_links":{"self":[{"href":"http:\/\/www.projet-decroissance.net\/index.php?rest_route=\/wp\/v2\/posts\/822","targetHints":{"allow":["GET"]}}],"collection":[{"href":"http:\/\/www.projet-decroissance.net\/index.php?rest_route=\/wp\/v2\/posts"}],"about":[{"href":"http:\/\/www.projet-decroissance.net\/index.php?rest_route=\/wp\/v2\/types\/post"}],"author":[{"embeddable":true,"href":"http:\/\/www.projet-decroissance.net\/index.php?rest_route=\/wp\/v2\/users\/3"}],"replies":[{"embeddable":true,"href":"http:\/\/www.projet-decroissance.net\/index.php?rest_route=%2Fwp%2Fv2%2Fcomments&post=822"}],"version-history":[{"count":12,"href":"http:\/\/www.projet-decroissance.net\/index.php?rest_route=\/wp\/v2\/posts\/822\/revisions"}],"predecessor-version":[{"id":825,"href":"http:\/\/www.projet-decroissance.net\/index.php?rest_route=\/wp\/v2\/posts\/822\/revisions\/825"}],"wp:attachment":[{"href":"http:\/\/www.projet-decroissance.net\/index.php?rest_route=%2Fwp%2Fv2%2Fmedia&parent=822"}],"wp:term":[{"taxonomy":"category","embeddable":true,"href":"http:\/\/www.projet-decroissance.net\/index.php?rest_route=%2Fwp%2Fv2%2Fcategories&post=822"},{"taxonomy":"post_tag","embeddable":true,"href":"http:\/\/www.projet-decroissance.net\/index.php?rest_route=%2Fwp%2Fv2%2Ftags&post=822"}],"curies":[{"name":"wp","href":"https:\/\/api.w.org\/{rel}","templated":true}]}}