{"id":908,"date":"2013-02-06T15:20:05","date_gmt":"2013-02-06T15:20:05","guid":{"rendered":"http:\/\/www.projet-decroissance.net\/?p=908"},"modified":"2013-05-13T08:01:40","modified_gmt":"2013-05-13T08:01:40","slug":"un-projet-de-decroissance-en-suisse-discussion-debat-autour-du-livre-lundi-6-mai-a-geneve-et-mardi-7-mai-a-lausanne","status":"publish","type":"post","link":"http:\/\/www.projet-decroissance.net\/?p=908","title":{"rendered":"Un projet de D\u00e9croissance en Suisse \u2013 Compte-rendu des discussions et rencontres"},"content":{"rendered":"<p>Un grand merci \u00e0 nos amis suisses des ROC Lausanne et Gen\u00e8ve pour leur accueil. En mode t\u00e9l\u00e9graphique, quelques remarques suite \u00e0 ce s\u00e9jour sympathique et riche en rencontres et discussions :<\/p>\n<ul>\n<li>La Suisse est organis\u00e9e par canton&#8230; les objecteurs et objectrices de croissance suisses aussi : pour les rejoindre et les rencontrer, il faut aller au ROC de Lausanne, Gen\u00e8ve, Fribourg ou Neuch\u00e2tel : <a href=\"http:\/\/www.decroissance.ch\/index.php\/R%C3%A9seau_Objection_de_Croissance_(R.O.C)_Suisse\" target=\"_blank\">cliquez-ici<\/a>.<\/li>\n<li><a href=\"http:\/\/www.achetezmoins.ch\/\" target=\"_blank\"><img loading=\"lazy\" decoding=\"async\" class=\"alignright\" alt=\"\" src=\"http:\/\/www.achetezmoins.ch\/wp-content\/uploads\/2012\/08\/moins_une_web.jpg\" width=\"131\" height=\"176\" \/><\/a>Achetez Moins! :\u00a0Achetez, abonnez-vous \u00e0 <a href=\"http:\/\/www.achetezmoins.ch\/\" target=\"_blank\"><em>Moins!<\/em><\/a>, le Journal romand d&rsquo;\u00e9cologie politique&#8230; et peut-\u00eatre le meilleur journal sur la D\u00e9croissance !<\/li>\n<li>Notre Projet de D\u00e9croissance est distribu\u00e9 en Suisse, on peut le commander dans toutes les librairies. \ud83d\ude42<\/li>\n<li>Enfin, deux initiatives citoyennes int\u00e9ressantes :<\/li>\n<\/ul>\n<ol>\n<li>L\u2019initiative populaire f\u00e9d\u00e9rale pour un revenu de base inconditionnel\u00a0a obtenu les 100 000 signatures n\u00e9cessaires et a \u00e9t\u00e9 accept\u00e9e. Une votation devrait \u00eatre organis\u00e9e prochainement.<\/li>\n<li>Une autre initiative populaire f\u00e9d\u00e9rale, cette fois-ci pour un revenu maximum autoris\u00e9 a \u00e9t\u00e9 initi\u00e9 par les jeunes socialistes : ils proposent un rapport de 1 \u00e0 12 ! A suivre&#8230;<br \/>\nUne autre est pass\u00e9e derni\u00e8rement contre les r\u00e9mun\u00e9rations abusives&#8230;<\/li>\n<\/ol>\n<p>Merci Mirko, Alessia, Claude, Jacques, Pietro, Vince, Julien, etc.<\/p>\n<p style=\"text-align: center;\"><strong>Un projet de D\u00e9croissance en Suisse \u2013 Discussion-d\u00e9bat autour du livre, lundi 6 mai \u00e0 Gen\u00e8ve et mardi 7 mai \u00e0 Lausanne<\/strong><\/p>\n<p><a href=\"..\/\" target=\"_blank\"><img loading=\"lazy\" decoding=\"async\" class=\"alignleft\" alt=\"manifeste-dia-couverture\" src=\"..\/wp-content\/uploads\/2012\/12\/manifeste-dia-couverture.jpg\" width=\"121\" height=\"191\" \/><\/a>Nous vous invitons toutes et tous \u00e0 la soir\u00e9e de pr\u00e9sentation du livre\u00a0<em><a href=\"..\/\" target=\"_blank\">Un projet de D\u00e9croissance, Manifeste pour une Dotation Inconditionnelle d\u2019Autonomie<\/a><\/em>\u00a0avec Vincent Liegey, l\u2019un des co-auteurs du livre.<\/p>\n<p><strong>Lundi 6 mai, 19h, au caf\u00e9 de la Maison des Associations, rue des Savoises 15, Gen\u00e8ve<\/strong><br \/>\n<strong>Mardi 7 mai, 20h \u00e0 P\u00f4le Sud, av. Jean-Jacques Mercier 3, Lausanne.<\/strong><\/p>\n<p><em id=\"__mceDel\">Depuis le d\u00e9but des ann\u00e9es 2000 a \u00e9merg\u00e9 un nouveau mouvement de pens\u00e9e autour du slogan provocateur \u00ab D\u00e9croissance \u00bb. A travers la critique radicale de la soci\u00e9t\u00e9 de croissance et de son impasse, cet OVNI politique a su enrichir les d\u00e9bats et les discussions.<\/em><\/p>\n<p><em id=\"__mceDel\">Ces r\u00e9flexions ont d\u00e9bouch\u00e9 sur une proposition appel\u00e9e Dotation Inconditionnelle d\u2019Autonomie (DIA), coupl\u00e9e \u00e0 un Revenu Maximum Acceptable. Ce manifeste pour une DIA part des origines de la D\u00e9croissance et propose des pistes, des r\u00e9flexions susceptibles d\u2019initier une transition sereine et d\u00e9mocratique vers des soci\u00e9t\u00e9s \u00e9cologiquement soutenables et socialement justes. Il repr\u00e9sente en cela un projet de D\u00e9croissance.<\/em><\/p>\n<p>Et aussi :<\/p>\n<div>\n<ul>\n<li><a title=\"Lien permanent vers Pourquoi ce livre ?\" href=\"..\/?p=574\" rel=\"bookmark\">Pourquoi ce livre ?<\/a><\/li>\n<li><a title=\"Lien permanent vers Pr\u00e9face de Paul Ari\u00e8s\" href=\"..\/?p=572\" rel=\"bookmark\">Pr\u00e9face de Paul Ari\u00e8s<\/a><\/li>\n<li><a title=\"Lien permanent vers Les auteurs\" href=\"..\/?p=576\" rel=\"bookmark\">Les auteurs<\/a><\/li>\n<li><a title=\"Lien permanent vers Vid\u00e9o : La Dotation Inconditionnelle d\u2019Autonomie (DIA)\" href=\"..\/?p=550\" rel=\"bookmark\">Vid\u00e9o : La Dotation Inconditionnelle d\u2019Autonomie (DIA)<\/a><\/li>\n<li><a title=\"Lien permanent vers Qu\u2019est-ce que la D\u00e9croissance ?\" href=\"..\/?p=581\" rel=\"bookmark\">Qu\u2019est-ce que la D\u00e9croissance ?<\/a><\/li>\n<li><a title=\"Lien permanent vers Revenu Inconditionnel d\u2019Existence ou Dotation Inconditionnelle d\u2019Autonomie ?\" href=\"..\/?p=207\" rel=\"bookmark\">Revenu Inconditionnel d\u2019Existence ou Dotation Inconditionnelle d\u2019Autonomie ?<\/a><\/li>\n<\/ul>\n<p>A lire et \u00e9couter aussi<b>\u00a0<\/b> :<\/p>\n<ul>\n<li><a href=\"..\/?p=822\" target=\"_blank\">Un Projet de D\u00e9croissance dans Le Monde<\/a>\u00a0:\u00a0La d\u00e9croissance, mode d\u2019emploi<\/li>\n<li><a href=\"..\/?p=860\" target=\"_blank\">Un Projet de D\u00e9croissance dans BastaMag<\/a> : \u00ab La libert\u00e9 de consommer est une illusion bien cher pay\u00e9e \u00bb<\/li>\n<li><a href=\"..\/?p=810\" target=\"_blank\">Un projet de D\u00e9croissance sur France Culture Plus<\/a>\u00a0:\u00a0Etat des lieux du mouvement d\u00e9croissant en Europe<\/li>\n<li><a title=\"Lien permanent vers Rue89 : Un projet provocateur : \u00ab Faire payer le prix r\u00e9el de ce qu\u2019on consomme \u00bb\" href=\"..\/?p=692\" target=\"_blank\" rel=\"bookmark\">Rue89 : Un projet provocateur : \u00ab Faire payer le prix r\u00e9el de ce qu\u2019on consomme \u00bb<\/a><\/li>\n<li><a title=\"Lien permanent vers La transition est en marche ! \u2013 Sur Reporterre.net\" href=\"..\/?p=672\" target=\"_blank\" rel=\"bookmark\">La transition est en marche ! \u2013 Sur Reporterre.net<\/a><\/li>\n<li><a title=\"Lien permanent vers Qu\u2019est-ce que la dotation inconditionnelle d\u2019autonomie ?\" href=\"..\/?p=700\" target=\"_blank\" rel=\"bookmark\">Qu\u2019est-ce que la dotation inconditionnelle d\u2019autonomie ?<\/a>\u00a0&#8211; Une minute, une question.<\/li>\n<\/ul>\n<\/div>\n<p>&nbsp;<\/p>\n","protected":false},"excerpt":{"rendered":"<p>Un grand merci \u00e0 nos amis suisses des ROC Lausanne et Gen\u00e8ve pour leur accueil. En mode t\u00e9l\u00e9graphique, quelques remarques suite \u00e0 ce s\u00e9jour sympathique et riche en rencontres et discussions : La Suisse est organis\u00e9e par canton&#8230; les objecteurs &hellip; <a href=\"http:\/\/www.projet-decroissance.net\/?p=908\">Continuer la lecture <span class=\"meta-nav\">&rarr;<\/span><\/a><\/p>\n","protected":false},"author":3,"featured_media":0,"comment_status":"closed","ping_status":"open","sticky":false,"template":"","format":"standard","meta":{"footnotes":""},"categories":[6],"tags":[],"class_list":["post-908","post","type-post","status-publish","format-standard","hentry","category-agenda"],"_links":{"self":[{"href":"http:\/\/www.projet-decroissance.net\/index.php?rest_route=\/wp\/v2\/posts\/908","targetHints":{"allow":["GET"]}}],"collection":[{"href":"http:\/\/www.projet-decroissance.net\/index.php?rest_route=\/wp\/v2\/posts"}],"about":[{"href":"http:\/\/www.projet-decroissance.net\/index.php?rest_route=\/wp\/v2\/types\/post"}],"author":[{"embeddable":true,"href":"http:\/\/www.projet-decroissance.net\/index.php?rest_route=\/wp\/v2\/users\/3"}],"replies":[{"embeddable":true,"href":"http:\/\/www.projet-decroissance.net\/index.php?rest_route=%2Fwp%2Fv2%2Fcomments&post=908"}],"version-history":[{"count":9,"href":"http:\/\/www.projet-decroissance.net\/index.php?rest_route=\/wp\/v2\/posts\/908\/revisions"}],"predecessor-version":[{"id":1049,"href":"http:\/\/www.projet-decroissance.net\/index.php?rest_route=\/wp\/v2\/posts\/908\/revisions\/1049"}],"wp:attachment":[{"href":"http:\/\/www.projet-decroissance.net\/index.php?rest_route=%2Fwp%2Fv2%2Fmedia&parent=908"}],"wp:term":[{"taxonomy":"category","embeddable":true,"href":"http:\/\/www.projet-decroissance.net\/index.php?rest_route=%2Fwp%2Fv2%2Fcategories&post=908"},{"taxonomy":"post_tag","embeddable":true,"href":"http:\/\/www.projet-decroissance.net\/index.php?rest_route=%2Fwp%2Fv2%2Ftags&post=908"}],"curies":[{"name":"wp","href":"https:\/\/api.w.org\/{rel}","templated":true}]}}