{"id":912,"date":"2013-02-06T15:29:52","date_gmt":"2013-02-06T15:29:52","guid":{"rendered":"http:\/\/www.projet-decroissance.net\/?p=912"},"modified":"2013-05-23T06:05:18","modified_gmt":"2013-05-23T06:05:18","slug":"un-projet-de-decroissance-a-lyon-discussion-debat-autour-du-livre-jeudi-9-mai-avec-vincent-liegey-et-baptiste-mylondo","status":"publish","type":"post","link":"http:\/\/www.projet-decroissance.net\/?p=912","title":{"rendered":"Un projet de D\u00e9croissance \u00e0 Lyon (avec la vid\u00e9o) \u2013 quelques remarques apr\u00e8s la discussion-d\u00e9bat avec Baptiste Mylondo"},"content":{"rendered":"<p><em><strong><em><strong><a href=\"http:\/\/editionutopia.wordpress.com\/2012\/11\/04\/le-travail-quelles-valeurs-idees-recues-et-propositions-en-librairie-le-15-novembre-2012\/\" target=\"_blank\"><img loading=\"lazy\" decoding=\"async\" class=\"alignleft\" alt=\"revenu pour tous\" src=\"http:\/\/revenudebase.info\/wp-content\/uploads\/2012\/12\/utopia-mylondo-revenu-pour-tous.jpeg\" width=\"94\" height=\"157\" \/><\/a><\/strong><\/em><\/strong><\/em><em><strong>Un grand merci \u00e0 la Maison de l&rsquo;\u00e9cologie et en particulier Fabien pour leur accueil. Merci aussi \u00e0 <a href=\"http:\/\/editionutopia.wordpress.com\/2012\/11\/04\/le-travail-quelles-valeurs-idees-recues-et-propositions-en-librairie-le-15-novembre-2012\/\" target=\"_blank\">Baptiste Mylondo<\/a> et au public.<\/strong><\/em><\/p>\n<p><em id=\"__mceDel\">Nous avons longuement \u00e9chang\u00e9 sur le Revenu Inconditionnel d&rsquo;Existence, son financement. Baptiste a fait des critiques pertinentes sur la notion de gratuit\u00e9 auxquelles nous r\u00e9pondrons (risques de flicage,\u00a0fl\u00e9chage\u00a0et de gaspillage).<br \/>\nLa notion de \u00ab\u00a0travailler moins pour travailler tous\u00a0\u00bb \u00e0 travers une prime r\u00e9duction temps de travail a \u00e9t\u00e9 \u00e9voqu\u00e9&#8230; elle correspond \u00e0 notre <a href=\"http:\/\/www.projet-decroissance.net\/?p=842\" target=\"_blank\">deuxi\u00e8me sc\u00e9nario de mise en place<\/a>.<\/em><\/p>\n<p>Il y a des convergences qui se mettent en place&#8230; \ud83d\ude42<br \/>\n<iframe loading=\"lazy\" src=\"http:\/\/www.dailymotion.com\/embed\/video\/xzwmaa\" height=\"315\" width=\"560\" frameborder=\"0\"><\/iframe><a href=\"http:\/\/www.dailymotion.com\/video\/xzwmaa_presentation-debat-sur-la-dotation-inconditionnelle-d-autonomie_news\" target=\"_blank\"><br \/>\n<\/a><i><\/i><\/p>\n<p><strong><a href=\"http:\/\/basicincome2013.eu\/ubi\/fr\/\" target=\"_blank\"><img loading=\"lazy\" decoding=\"async\" class=\"alignright\" alt=\"\" src=\"http:\/\/euroincome.eu\/ubi\/wp-content\/uploads\/2013\/01\/cropped-logo-eci-ubi-eifbi.jpg\" width=\"204\" height=\"189\" \/><\/a>Pour rappel : <a href=\"http:\/\/basicincome2013.eu\/ubi\/fr\/\" target=\"_blank\">signez l&rsquo;initiative citoyenne pour le revenu de base inconditionnel<\/a>.<\/strong><\/p>\n<p style=\"text-align: left;\">Voir :<br \/>\n<a title=\"Lien permanent vers \u00ab\u00a0Un Projet de D\u00e9croissance\u00a0\u00bb sur le site du R\u00e9seau du Revenu de Base\" href=\"http:\/\/www.projet-decroissance.net\/?p=967\" rel=\"bookmark\">\u00ab\u00a0Un Projet de D\u00e9croissance\u00a0\u00bb sur le site du R\u00e9seau du Revenu de Base<br \/>\n<\/a><a title=\"Lien permanent vers Un tremplin pour un Projet de D\u00e9croissance : l\u2019initiative citoyenne pour le revenu de base\" href=\"http:\/\/www.projet-decroissance.net\/?p=831\" rel=\"bookmark\">Un tremplin pour un Projet de D\u00e9croissance : l\u2019initiative citoyenne pour le revenu de base<\/a><\/p>\n<p style=\"text-align: left;\"><strong><a href=\"..\/\" target=\"_blank\"><img loading=\"lazy\" decoding=\"async\" class=\"alignleft\" alt=\"manifeste-dia-couverture\" src=\"..\/wp-content\/uploads\/2012\/12\/manifeste-dia-couverture.jpg\" width=\"121\" height=\"191\" \/><\/a><\/strong><\/p>\n<p><strong>Un projet de D\u00e9croissance \u00e0 Lyon \u2013 Discussion-d\u00e9bat autour du livre, jeudi 9 mai avec Vincent Liegey et Baptiste Mylondo<\/strong><\/p>\n<p style=\"text-align: left;\">Nous vous invitons toutes et tous \u00e0 la soir\u00e9e de pr\u00e9sentation du livre\u00a0<em><a href=\"..\/\" target=\"_blank\">Un projet de D\u00e9croissance, Manifeste pour une Dotation Inconditionnelle d\u2019Autonomie<\/a>\u00a0<\/em>avec Vincent Liegey, l\u2019un des co-auteurs du livre.<\/p>\n<p style=\"text-align: left;\">Cette pr\u00e9sentation sera suivie d&rsquo;une discussion avec <a href=\"http:\/\/editionutopia.wordpress.com\/2012\/11\/04\/le-travail-quelles-valeurs-idees-recues-et-propositions-en-librairie-le-15-novembre-2012\/\" target=\"_blank\">Baptiste Mylondo auteur de plusieurs livres sur le revenu inconditionnel<\/a>.<em><br \/>\n<\/em><\/p>\n<p style=\"text-align: center;\"><strong><b>Le jeudi 9 mai \u00e0 20h<br \/>\nA la maison de l&rsquo;\u00e9cologie \u00e0 Lyon.<br \/>\n4, rue Bodin, 69001 Lyon<br \/>\n<a href=\"http:\/\/www.facebook.com\/events\/440451649381417\/\" target=\"_blank\">Inscription<\/a>.<\/b><\/strong><\/p>\n<p style=\"text-align: left;\">Depuis le d\u00e9but des ann\u00e9es 2000 a \u00e9merg\u00e9 un nouveau mouvement de pens\u00e9e autour du slogan provocateur \u00ab D\u00e9croissance \u00bb. A travers la critique radicale de la soci\u00e9t\u00e9 de croissance et de son impasse, cet OVNI politique a su enrichir les d\u00e9bats et les discussions.<\/p>\n<p><em id=\"__mceDel\">Ces r\u00e9flexions ont d\u00e9bouch\u00e9 sur une proposition appel\u00e9e Dotation Inconditionnelle d\u2019Autonomie (DIA), coupl\u00e9e \u00e0 un Revenu Maximum Acceptable. Ce manifeste pour une DIA part des origines de la D\u00e9croissance et propose des pistes, des r\u00e9flexions susceptibles d\u2019initier une transition sereine et d\u00e9mocratique vers des soci\u00e9t\u00e9s \u00e9cologiquement soutenables et socialement justes. Il repr\u00e9sente en cela un projet de D\u00e9croissance.<\/em><\/p>\n<p>Et aussi :<\/p>\n<div>\n<ul>\n<li><a title=\"Lien permanent vers Pourquoi ce livre ?\" href=\"..\/?p=574\" rel=\"bookmark\">Pourquoi ce livre ?<\/a><\/li>\n<li><a title=\"Lien permanent vers Pr\u00e9face de Paul Ari\u00e8s\" href=\"..\/?p=572\" rel=\"bookmark\">Pr\u00e9face de Paul Ari\u00e8s<\/a><\/li>\n<li><a title=\"Lien permanent vers Les auteurs\" href=\"..\/?p=576\" rel=\"bookmark\">Les auteurs<\/a><\/li>\n<li><a title=\"Lien permanent vers Vid\u00e9o : La Dotation Inconditionnelle d\u2019Autonomie (DIA)\" href=\"..\/?p=550\" rel=\"bookmark\">Vid\u00e9o : La Dotation Inconditionnelle d\u2019Autonomie (DIA)<\/a><\/li>\n<li><a title=\"Lien permanent vers Qu\u2019est-ce que la D\u00e9croissance ?\" href=\"..\/?p=581\" rel=\"bookmark\">Qu\u2019est-ce que la D\u00e9croissance ?<\/a><\/li>\n<li><a title=\"Lien permanent vers Revenu Inconditionnel d\u2019Existence ou Dotation Inconditionnelle d\u2019Autonomie ?\" href=\"..\/?p=207\" rel=\"bookmark\">Revenu Inconditionnel d\u2019Existence ou Dotation Inconditionnelle d\u2019Autonomie ?<\/a><\/li>\n<\/ul>\n<p>A lire et \u00e9couter aussi<b>\u00a0<\/b> :<\/p>\n<ul>\n<li><a href=\"..\/?p=822\" target=\"_blank\">Un Projet de D\u00e9croissance dans Le Monde<\/a>\u00a0:\u00a0La d\u00e9croissance, mode d\u2019emploi<\/li>\n<li><a href=\"..\/?p=860\" target=\"_blank\">Un Projet de D\u00e9croissance dans BastaMag<\/a> : \u00ab La libert\u00e9 de consommer est une illusion bien cher pay\u00e9e \u00bb<\/li>\n<li><a href=\"..\/?p=810\" target=\"_blank\">Un projet de D\u00e9croissance sur France Culture Plus<\/a>\u00a0:\u00a0Etat des lieux du mouvement d\u00e9croissant en Europe<\/li>\n<li><a title=\"Lien permanent vers Rue89 : Un projet provocateur : \u00ab Faire payer le prix r\u00e9el de ce qu\u2019on consomme \u00bb\" href=\"..\/?p=692\" target=\"_blank\" rel=\"bookmark\">Rue89 : Un projet provocateur : \u00ab Faire payer le prix r\u00e9el de ce qu\u2019on consomme \u00bb<\/a><\/li>\n<li><a title=\"Lien permanent vers La transition est en marche ! \u2013 Sur Reporterre.net\" href=\"..\/?p=672\" target=\"_blank\" rel=\"bookmark\">La transition est en marche ! \u2013 Sur Reporterre.net<\/a><\/li>\n<li><a title=\"Lien permanent vers Qu\u2019est-ce que la dotation inconditionnelle d\u2019autonomie ?\" href=\"..\/?p=700\" target=\"_blank\" rel=\"bookmark\">Qu\u2019est-ce que la dotation inconditionnelle d\u2019autonomie ?<\/a>\u00a0&#8211; Une minute, une question.<em id=\"__mceDel\"><em id=\"__mceDel\"><em id=\"__mceDel\"><em id=\"__mceDel\"><em id=\"__mceDel\"><em style=\"line-height: 24px; font-size: 16px;\">\u00a0<\/em><\/em><\/em><\/em><\/em><\/em><\/li>\n<\/ul>\n<\/div>\n","protected":false},"excerpt":{"rendered":"<p>Un grand merci \u00e0 la Maison de l&rsquo;\u00e9cologie et en particulier Fabien pour leur accueil. Merci aussi \u00e0 Baptiste Mylondo et au public. Nous avons longuement \u00e9chang\u00e9 sur le Revenu Inconditionnel d&rsquo;Existence, son financement. Baptiste a fait des critiques pertinentes &hellip; <a href=\"http:\/\/www.projet-decroissance.net\/?p=912\">Continuer la lecture <span class=\"meta-nav\">&rarr;<\/span><\/a><\/p>\n","protected":false},"author":3,"featured_media":0,"comment_status":"closed","ping_status":"open","sticky":false,"template":"","format":"standard","meta":{"footnotes":""},"categories":[6],"tags":[],"class_list":["post-912","post","type-post","status-publish","format-standard","hentry","category-agenda"],"_links":{"self":[{"href":"http:\/\/www.projet-decroissance.net\/index.php?rest_route=\/wp\/v2\/posts\/912","targetHints":{"allow":["GET"]}}],"collection":[{"href":"http:\/\/www.projet-decroissance.net\/index.php?rest_route=\/wp\/v2\/posts"}],"about":[{"href":"http:\/\/www.projet-decroissance.net\/index.php?rest_route=\/wp\/v2\/types\/post"}],"author":[{"embeddable":true,"href":"http:\/\/www.projet-decroissance.net\/index.php?rest_route=\/wp\/v2\/users\/3"}],"replies":[{"embeddable":true,"href":"http:\/\/www.projet-decroissance.net\/index.php?rest_route=%2Fwp%2Fv2%2Fcomments&post=912"}],"version-history":[{"count":9,"href":"http:\/\/www.projet-decroissance.net\/index.php?rest_route=\/wp\/v2\/posts\/912\/revisions"}],"predecessor-version":[{"id":914,"href":"http:\/\/www.projet-decroissance.net\/index.php?rest_route=\/wp\/v2\/posts\/912\/revisions\/914"}],"wp:attachment":[{"href":"http:\/\/www.projet-decroissance.net\/index.php?rest_route=%2Fwp%2Fv2%2Fmedia&parent=912"}],"wp:term":[{"taxonomy":"category","embeddable":true,"href":"http:\/\/www.projet-decroissance.net\/index.php?rest_route=%2Fwp%2Fv2%2Fcategories&post=912"},{"taxonomy":"post_tag","embeddable":true,"href":"http:\/\/www.projet-decroissance.net\/index.php?rest_route=%2Fwp%2Fv2%2Ftags&post=912"}],"curies":[{"name":"wp","href":"https:\/\/api.w.org\/{rel}","templated":true}]}}