{"id":930,"date":"2013-04-21T08:47:43","date_gmt":"2013-04-21T08:47:43","guid":{"rendered":"http:\/\/www.projet-decroissance.net\/?p=930"},"modified":"2013-06-18T20:54:17","modified_gmt":"2013-06-18T20:54:17","slug":"un-projet-de-decroissance-sur-france-culture-terre-a-terre-avec-vincent-liegey-par-ruth-stegassy","status":"publish","type":"post","link":"http:\/\/www.projet-decroissance.net\/?p=930","title":{"rendered":"Un Projet de D\u00e9croissance sur France Culture &#8211; Terre \u00e0 Terre, avec Vincent Liegey par Ruth St\u00e9gassy"},"content":{"rendered":"<p><a href=\"http:\/\/www.projet-decroissance.net\/wp-content\/uploads\/2013\/04\/france-culture.png\"><img loading=\"lazy\" decoding=\"async\" class=\" wp-image-931 alignleft\" alt=\"france-culture\" src=\"http:\/\/www.projet-decroissance.net\/wp-content\/uploads\/2013\/04\/france-culture.png\" width=\"180\" height=\"180\" srcset=\"http:\/\/www.projet-decroissance.net\/wp-content\/uploads\/2013\/04\/france-culture.png 500w, http:\/\/www.projet-decroissance.net\/wp-content\/uploads\/2013\/04\/france-culture-150x150.png 150w, http:\/\/www.projet-decroissance.net\/wp-content\/uploads\/2013\/04\/france-culture-300x300.png 300w\" sizes=\"auto, (max-width: 180px) 100vw, 180px\" \/><\/a><a href=\"http:\/\/www.projet-decroissance.net\/?p=705\"><img loading=\"lazy\" decoding=\"async\" class=\"alignright\" alt=\"\" src=\"http:\/\/www.projet-decroissance.net\/wp-content\/uploads\/2012\/12\/manifeste-dia-couverture140.jpg\" width=\"140\" height=\"230\" \/><\/a>Vincent Liegey, objecteur de croissance, co-auteur, avec St\u00e9phane Madelaine, Christophe Ondet et Anne-Isabelle Veillot, du livre \u00ab\u00a0Un projet de d\u00e9croissance : manifeste pour une Dotation Inconditionnelle d&rsquo;Autonomie (DIA)\u00a0\u00bb (Utopia, 2013) \u00e9tait l&rsquo;invit\u00e9 de Terre \u00e0 Terre, l&rsquo;\u00e9mission de\u00a0Ruth St\u00e9gassy sur France Culture le samedi 20 avril.<br \/>\n[audio:http:\/\/www.partipourladecroissance.net\/wp-content\/uploads\/2013\/04\/Vincent-Liegey-Projet-decroissance-terre-a-terre-France-Culture-Ruth-Stegassy.mp3]<\/p>\n","protected":false},"excerpt":{"rendered":"<p>Vincent Liegey, objecteur de croissance, co-auteur, avec St\u00e9phane Madelaine, Christophe Ondet et Anne-Isabelle Veillot, du livre \u00ab\u00a0Un projet de d\u00e9croissance : manifeste pour une Dotation Inconditionnelle d&rsquo;Autonomie (DIA)\u00a0\u00bb (Utopia, 2013) \u00e9tait l&rsquo;invit\u00e9 de Terre \u00e0 Terre, l&rsquo;\u00e9mission de\u00a0Ruth St\u00e9gassy sur &hellip; <a href=\"http:\/\/www.projet-decroissance.net\/?p=930\">Continuer la lecture <span class=\"meta-nav\">&rarr;<\/span><\/a><\/p>\n","protected":false},"author":3,"featured_media":0,"comment_status":"closed","ping_status":"open","sticky":false,"template":"","format":"standard","meta":{"footnotes":""},"categories":[1,7,8],"tags":[],"class_list":["post-930","post","type-post","status-publish","format-standard","hentry","category-actualites","category-dans-la-presse-et-sur-la-toile","category-multimedias"],"_links":{"self":[{"href":"http:\/\/www.projet-decroissance.net\/index.php?rest_route=\/wp\/v2\/posts\/930","targetHints":{"allow":["GET"]}}],"collection":[{"href":"http:\/\/www.projet-decroissance.net\/index.php?rest_route=\/wp\/v2\/posts"}],"about":[{"href":"http:\/\/www.projet-decroissance.net\/index.php?rest_route=\/wp\/v2\/types\/post"}],"author":[{"embeddable":true,"href":"http:\/\/www.projet-decroissance.net\/index.php?rest_route=\/wp\/v2\/users\/3"}],"replies":[{"embeddable":true,"href":"http:\/\/www.projet-decroissance.net\/index.php?rest_route=%2Fwp%2Fv2%2Fcomments&post=930"}],"version-history":[{"count":6,"href":"http:\/\/www.projet-decroissance.net\/index.php?rest_route=\/wp\/v2\/posts\/930\/revisions"}],"predecessor-version":[{"id":934,"href":"http:\/\/www.projet-decroissance.net\/index.php?rest_route=\/wp\/v2\/posts\/930\/revisions\/934"}],"wp:attachment":[{"href":"http:\/\/www.projet-decroissance.net\/index.php?rest_route=%2Fwp%2Fv2%2Fmedia&parent=930"}],"wp:term":[{"taxonomy":"category","embeddable":true,"href":"http:\/\/www.projet-decroissance.net\/index.php?rest_route=%2Fwp%2Fv2%2Fcategories&post=930"},{"taxonomy":"post_tag","embeddable":true,"href":"http:\/\/www.projet-decroissance.net\/index.php?rest_route=%2Fwp%2Fv2%2Ftags&post=930"}],"curies":[{"name":"wp","href":"https:\/\/api.w.org\/{rel}","templated":true}]}}