{"id":943,"date":"2013-04-22T22:27:35","date_gmt":"2013-04-22T22:27:35","guid":{"rendered":"http:\/\/www.projet-decroissance.net\/?p=943"},"modified":"2013-06-18T20:54:11","modified_gmt":"2013-06-18T20:54:11","slug":"un-projet-de-decroissance-dans-liberation-vincent-liegey-on-ne-peut-plus-croitre-dans-un-monde-fini","status":"publish","type":"post","link":"http:\/\/www.projet-decroissance.net\/?p=943","title":{"rendered":"Un Projet de D\u00e9croissance dans Lib\u00e9ration : Vincent Liegey: \u00abOn ne peut plus cro\u00eetre dans un monde fini\u00bb"},"content":{"rendered":"<h5><a href=\"http:\/\/www.projet-decroissance.net\/wp-content\/uploads\/2013\/04\/Liegey-Liberation-Projet-de-decroissance.jpg\"><img loading=\"lazy\" decoding=\"async\" class=\"alignnone size-full wp-image-945\" alt=\"Lib\u00e9ration du Lundi 22 Avril 2013\" src=\"http:\/\/www.projet-decroissance.net\/wp-content\/uploads\/2013\/04\/Liegey-Liberation-Projet-de-decroissance.jpg\" width=\"2378\" height=\"2955\" srcset=\"http:\/\/www.projet-decroissance.net\/wp-content\/uploads\/2013\/04\/Liegey-Liberation-Projet-de-decroissance.jpg 2378w, http:\/\/www.projet-decroissance.net\/wp-content\/uploads\/2013\/04\/Liegey-Liberation-Projet-de-decroissance-241x300.jpg 241w, http:\/\/www.projet-decroissance.net\/wp-content\/uploads\/2013\/04\/Liegey-Liberation-Projet-de-decroissance-824x1024.jpg 824w\" sizes=\"auto, (max-width: 2378px) 100vw, 2378px\" \/><\/a><\/h5>\n<p itemprop=\"headline\"><a href=\"http:\/\/www.liberation.fr\/economie\/2013\/04\/21\/vincent-liegey-on-ne-peut-plus-croitre-dans-un-monde-fini_897827\" target=\"_blank\"><img loading=\"lazy\" decoding=\"async\" class=\" wp-image-944 alignleft\" alt=\"lib\u00e9ration\" src=\"http:\/\/www.projet-decroissance.net\/wp-content\/uploads\/2013\/04\/lib\u00e9ration.jpeg\" width=\"204\" height=\"74\" srcset=\"http:\/\/www.projet-decroissance.net\/wp-content\/uploads\/2013\/04\/lib\u00e9ration.jpeg 567w, http:\/\/www.projet-decroissance.net\/wp-content\/uploads\/2013\/04\/lib\u00e9ration-300x109.jpeg 300w\" sizes=\"auto, (max-width: 204px) 100vw, 204px\" \/><strong>Vincent Liegey: \u00abOn ne peut plus cro\u00eetre dans un\u00a0monde fini\u00bb<\/strong><\/a><\/p>\n<p><em><time itemprop=\"datePublished\" datetime=\"2013-04-21T19:06:48+02:00\">Lib\u00e9ration &#8211; \u00c9conomie\u00a0&#8211; 21 avril 2013 \u00e0 19:06<\/time><\/em><\/p>\n<p itemprop=\"description\">INTERVIEW \u00a0&#8211; Porte-parole des d\u00e9croissants, cet ing\u00e9nieur milite pour redonner un sens \u00e9cologique et humain au fonctionnement de la soci\u00e9t\u00e9.<\/p>\n<p itemprop=\"author\"><em>Par\u00a0CORALIE SCHAUB<\/em><\/p>\n<div>\n<p>Alors que le pays cherche d\u00e9sesp\u00e9r\u00e9ment la voie de la croissance, Vincent Liegey, coauteur du livre\u00a0<em><a href=\"http:\/\/www.amazon.fr\/d%C3%A9croissance-Manifeste-Dotation-inconditionnelle-dautonomie\/dp\/2919160095\/ref=sr_1_1?s=books&amp;ie=UTF8&amp;qid=1366624127&amp;sr=1-1&amp;keywords=Un+projet+de+D%C3%A9croissance%2C+Manifeste+pour+une+Dotation+Inconditionnelle+d%27Autonomie\" target=\"_blank\">Un projet de d\u00e9croissance<\/a><\/em>\u00a0(Utopia, 2013), propose\u00a0d\u2019autres pistes pour sortir de la crise.<br \/>\n<!--more--><br \/>\n<strong>Pr\u00f4ner la d\u00e9croissance alors que le ch\u00f4mage explose, n\u2019est-ce pas ind\u00e9cent ?<\/strong><\/p>\n<p>La croissance n\u2019assure pas le plein-emploi, c\u2019est un mythe\u00a0: depuis quarante ans, le PIB a augment\u00e9 mais le ch\u00f4mage s\u2019est accru.\u00a0Ce qui est irresponsable, c\u2019est d\u2019imposer des plans d\u2019aust\u00e9rit\u00e9 aux cons\u00e9quences humaines d\u00e9vastatrices et d\u2019esp\u00e9rer le retour de la croissance en fermant les yeux sur l\u2019effondrement \u00e9cologique. On ne peut pas cro\u00eetre infiniment dans un monde fini.<\/p>\n<p><strong>Le terme d\u00e9croissance fait peur\u2026<\/strong><\/p>\n<p>C\u2019est un mot provocateur pour ouvrir un d\u00e9bat de fond. Que produit-on ? Comment ? Pourquoi ?\u00a0La croissance nous impose de produire toujours plus de choses inutiles en \u00e9puisant les ressources. Comment en sortir, inventer une soci\u00e9t\u00e9 valorisant les relations humaines, un autre rapport \u00e0 l\u2019outil, la production, la nature ? Ce qui se passe en Am\u00e9rique latine autour du\u00a0<em>\u00abbuen vivir\u00bb [\u00abbien vivre\u00bb, ndlr]\u00a0<\/em>nous int\u00e9resse.\u00a0Ce n\u2019est surtout pas revenir \u00e0 la bougie. La premi\u00e8re des d\u00e9croissances doit \u00eatre celle des in\u00e9galit\u00e9s.<\/p>\n<p><strong>Concr\u00e8tement, comment faire ?<\/strong><\/p>\n<p>D\u2019abord sortir de la religion de l\u2019\u00e9conomie. Se r\u00e9approprier la cr\u00e9ation mon\u00e9taire,\u00a0ne pas rembourser la part de la dette ill\u00e9gitime,nationaliser tout ou partie du syst\u00e8me bancaire, interdire les paradis fiscaux, taxer les transactions financi\u00e8res. Et\u00a0instaurer un revenu maximum acceptable (RMA), autour de quatre fois le revenu minimum, contre\u00a0un rapport de 1 \u00e0 4 000 aujourd\u2019hui. Parall\u00e8lement, nous proposons\u00a0une dotation inconditionnelle d\u2019autonomie (DIA) afin de garantir \u00e0 chacun, de la naissance \u00e0 la mort, une vie d\u00e9cente et frugale. Il ne s\u2019agit pas d\u2019un revenu minimum en euros, mais d\u2019une dotation d\u00e9mon\u00e9tis\u00e9e.\u00a0Un logement pour tous, c\u2019est possible dans nos soci\u00e9t\u00e9s riches. Comme une autre r\u00e9partition des terres agricoles ou une r\u00e9appropriation du foncier pour\u00a0installer des ateliers de fabrication, recyclage ou r\u00e9paration. Certaines ressources doivent \u00eatre gratuites, dans la limite du n\u00e9cessaire. La DIA pourrait \u00eatre vers\u00e9e en droits de tirage.\u00a0Au d\u00e9but du mois, le compteur de gaz ou d\u2019eau serait n\u00e9gatif d\u2019un certain nombre de m<sup>3<\/sup>\u00a0d\u00e9finis localement, d\u00e9mocratiquement, en fonction d\u2019une utilisation qui para\u00eet sens\u00e9e. Nous pr\u00e9conisons aussi des droits d\u2019acc\u00e8s gratuit \u00e0 des services publics : \u00e9ducation, sant\u00e9, transport, culture, information\u2026<\/p>\n<p style=\"text-align: center;\"><strong><img loading=\"lazy\" decoding=\"async\" class=\"alignnone\" itemprop=\"image\" alt=\"Vincent Liegey, porte-parole des D\u00e9croissants et co-auteur de &quot;Un projet de D\u00e9croissance, Manifeste pour une Dotation Inconditionnelle d'Autonomie&quot; \u00e0 Paris, le 12 avril 2013.\" src=\"http:\/\/md0.libe.com\/photo\/512498\/?modified_at=1366610289&amp;ratio_x=03&amp;ratio_y=02&amp;width=476\" width=\"476\" height=\"317\" \/><\/strong><\/p>\n<h6 style=\"text-align: center;\"><em>Vincent Liegey, porte-parole des D\u00e9croissants et co-auteur de \u00ab\u00a0Un projet de D\u00e9croissance, Manifeste pour une Dotation Inconditionnelle d&rsquo;Autonomie\u00a0\u00bb \u00e0 Paris, le 12 avril 2013. (Fr\u00e9d\u00e9ric Stucin)<\/em><\/h6>\n<p><strong>Vous menacez le droit de propri\u00e9t\u00e9 ?<\/strong><\/p>\n<p>Sa remise en cause m\u00e8ne souvent \u00e0 des syst\u00e8mes autoritaires. Or, nous voulons une transition d\u00e9mocratique. Le d\u00e9fi est d\u2019ouvrir un d\u00e9bat pour r\u00e9nover ce droit quand il s\u2019oppose au bon sens, \u00e0 certains droits humains. Cela demandera du temps, du courage politique. Mais le syst\u00e8me actuel n\u2019est plus tenable.\u00a0Expulser ceux qui n\u2019arrivent plus \u00e0 rembourser leur emprunt \u00e0 cause de l\u2019aust\u00e9rit\u00e9, c\u2019est une violence extr\u00eame.\u00a0Une forme d\u2019\u00e9cofascisme qui pousse les gens vers la mis\u00e8re. A rebours de cette barbarie, de cette r\u00e9cession subie impos\u00e9e par l\u2019oligarchie, nous proposons\u00a0une d\u00e9croissance choisie et d\u00e9mocratique.<\/p>\n<p><strong>Ne d\u00e9fendez-vous pas une soci\u00e9t\u00e9 d\u2019oisifs assist\u00e9s ?<\/strong><\/p>\n<p>Au contraire !\u00a0Les gens seront autonomes et responsables. On pourrait parler de soci\u00e9t\u00e9 autonome ou conviviale, en r\u00e9f\u00e9rence aux r\u00e9flexions de Cornelius Castoriadis et d\u2019Ivan Illich. L\u2019id\u00e9e est de se lib\u00e9rer de l\u2019asservissement \u00e0 un travail subi qu\u2019on conna\u00eet depuis la premi\u00e8re r\u00e9volution industrielle dans les syst\u00e8mes capitaliste comme communiste. D\u2019aller vers des activit\u00e9s volontaires et \u00e9panouissantes,\u00a0se r\u00e9approprier son choix de vie, ses productions, ses solidarit\u00e9s. De tendre vers bien plus de d\u00e9mocratie, au sens noble :\u00a0les d\u00e9cisions sont prises collectivement, localement, par les personnes concern\u00e9es.<\/p>\n<p><strong>N\u2019est-ce pas un repli sur soi ?<\/strong><\/p>\n<p>Surtout pas. Nous voulons une relocalisation ouverte.\u00a0Il faut produire localement &#8211; cela a un sens \u00e9cologique et humain -, maisgarder les fronti\u00e8res ouvertes pour les biens et surtout pour les personnes\u00a0: voyages et rencontres favorisent le bien-\u00eatre et la culture.<\/p>\n<p><strong>Vous comptez sur \u00abune forte adh\u00e9sion de tous\u00bb. Vous r\u00eavez un peu, non ?<\/strong><\/p>\n<p>La transition est d\u00e9j\u00e0 en marche. De plus en plus de gens, pi\u00e9g\u00e9s par l\u2019endettement, un travail stressant et l\u2019obsolescence programm\u00e9e des objets, se rendent compte de l\u2019absurdit\u00e9 du syst\u00e8me. Et les alternatives se multiplient \u00e0 toute vitesse :\u00a0circuits courts, associations pour le maintien d\u2019une agriculture paysanne\u00a0<em>[Amap],\u00a0<\/em>monnaies locales, permaculture\u2026\u00a0Au quotidien, les citoyens s\u2019organisent des espaces de libert\u00e9, exp\u00e9rimentent de nouvelles mani\u00e8res de vivre ensemble.\u00a0Les plus jeunes s\u2019approprient les techniques de communication non violentes, on l\u2019a vu avec des mouvements comme les Indign\u00e9s.\u00a0Nous restons archiminoritaires, mais la dynamique est int\u00e9ressante. Il suffirait de peu pour que l\u2019on bascule.<\/p>\n<p><strong>Les r\u00e9sistances sont fortes\u2026<\/strong><\/p>\n<p>C\u2019est\u00a0vrai de la part des \u00e9lites.\u00a0Enferm\u00e9es dans le mythe de la croissance, elles affirment qu\u2019il n\u2019y a pas d\u2019alternative. Elles d\u00e9fendent leurs privil\u00e8ges.<\/p>\n<p><strong>Quid du financement ?<\/strong><\/p>\n<p>L\u2019argument comptable est fallacieux. Regardez la nourriture :\u00a0on en produit bien plus que n\u00e9cessaire et un milliard de personnes souffrent de malnutrition. Il s\u2019agit d\u2019un\u00a0probl\u00e8me d\u2019organisation, de priorit\u00e9s. L\u2019enjeu est de\u00a0faire payer le vrai prix \u00e9cologique et humain des choses. On ne c\u00f4toie pas les enfants qui ont fabriqu\u00e9 nos baskets en Chine. Dans une soci\u00e9t\u00e9 relocalis\u00e9e, on verrait les cons\u00e9quences de nos achats.<\/p>\n<p><strong>In fine, utopie ou pas ?<\/strong><\/p>\n<p>La pens\u00e9e est une utopie. Il faut \u00eatre humble, avoir assez d\u2019humour pour comprendre que c\u2019est un dessein. Ne pas tomber dans le dogmatisme, vouloir cr\u00e9er l\u2019homme parfait pour la soci\u00e9t\u00e9 parfaite, mais se dire \u00abtiens, je serais plus heureux si j\u2019allais dans cette direction\u00bb. Changer d\u2019imaginaire.<\/p>\n<p><strong>CV<\/strong><\/p>\n<p><strong>1979\u00a0<\/strong>Naissance \u00e0 Besan\u00e7on (Doubs)<\/p>\n<p><strong>2004\u00a0<\/strong>Dipl\u00f4med\u2019ing\u00e9nieur.<\/p>\n<p><strong>2008<\/strong>\u00a0Rejoint le Parti pour la d\u00e9croissance et devient son porte\u00adparole.<\/p>\n<p><strong>2011\u00a0<\/strong><strong><\/strong>D\u00e9bute un doctorat \u00e0l\u2019Universit\u00e9 d\u2019\u00e9conomie de Budapest sur la d\u00e9croissance.<\/p>\n<p><strong>2013<\/strong>\u00a0Publie\u00a0<em>Un projet de d\u00e9croissance.\u00a0 Manifeste pour une dotation inconditionnelle d\u2019autonomie<\/em>, avec St\u00e9phane Madelaine,\u00a0\u00a0 Christophe Ondet et Anne\u00ad Isabelle Veillot.<strong>(\u00e9ditions Utopia)<\/strong><\/p>\n<\/div>\n","protected":false},"excerpt":{"rendered":"<p>Vincent Liegey: \u00abOn ne peut plus cro\u00eetre dans un\u00a0monde fini\u00bb Lib\u00e9ration &#8211; \u00c9conomie\u00a0&#8211; 21 avril 2013 \u00e0 19:06 INTERVIEW \u00a0&#8211; Porte-parole des d\u00e9croissants, cet ing\u00e9nieur milite pour redonner un sens \u00e9cologique et humain au fonctionnement de la soci\u00e9t\u00e9. Par\u00a0CORALIE SCHAUB &hellip; <a href=\"http:\/\/www.projet-decroissance.net\/?p=943\">Continuer la lecture <span class=\"meta-nav\">&rarr;<\/span><\/a><\/p>\n","protected":false},"author":3,"featured_media":0,"comment_status":"closed","ping_status":"open","sticky":false,"template":"","format":"standard","meta":{"footnotes":""},"categories":[1,7],"tags":[],"class_list":["post-943","post","type-post","status-publish","format-standard","hentry","category-actualites","category-dans-la-presse-et-sur-la-toile"],"_links":{"self":[{"href":"http:\/\/www.projet-decroissance.net\/index.php?rest_route=\/wp\/v2\/posts\/943","targetHints":{"allow":["GET"]}}],"collection":[{"href":"http:\/\/www.projet-decroissance.net\/index.php?rest_route=\/wp\/v2\/posts"}],"about":[{"href":"http:\/\/www.projet-decroissance.net\/index.php?rest_route=\/wp\/v2\/types\/post"}],"author":[{"embeddable":true,"href":"http:\/\/www.projet-decroissance.net\/index.php?rest_route=\/wp\/v2\/users\/3"}],"replies":[{"embeddable":true,"href":"http:\/\/www.projet-decroissance.net\/index.php?rest_route=%2Fwp%2Fv2%2Fcomments&post=943"}],"version-history":[{"count":8,"href":"http:\/\/www.projet-decroissance.net\/index.php?rest_route=\/wp\/v2\/posts\/943\/revisions"}],"predecessor-version":[{"id":1137,"href":"http:\/\/www.projet-decroissance.net\/index.php?rest_route=\/wp\/v2\/posts\/943\/revisions\/1137"}],"wp:attachment":[{"href":"http:\/\/www.projet-decroissance.net\/index.php?rest_route=%2Fwp%2Fv2%2Fmedia&parent=943"}],"wp:term":[{"taxonomy":"category","embeddable":true,"href":"http:\/\/www.projet-decroissance.net\/index.php?rest_route=%2Fwp%2Fv2%2Fcategories&post=943"},{"taxonomy":"post_tag","embeddable":true,"href":"http:\/\/www.projet-decroissance.net\/index.php?rest_route=%2Fwp%2Fv2%2Ftags&post=943"}],"curies":[{"name":"wp","href":"https:\/\/api.w.org\/{rel}","templated":true}]}}