{"id":954,"date":"2013-04-24T09:07:10","date_gmt":"2013-04-24T09:07:10","guid":{"rendered":"http:\/\/www.projet-decroissance.net\/?p=954"},"modified":"2013-07-09T09:10:07","modified_gmt":"2013-07-09T09:10:07","slug":"un-projet-de-decroissance-en-pleine-crise-de-croissance","status":"publish","type":"post","link":"http:\/\/www.projet-decroissance.net\/?p=954","title":{"rendered":"\u00ab\u00a0Un projet de D\u00e9croissance\u00a0\u00bb en pleine crise de croissance ?"},"content":{"rendered":"<p><a href=\"http:\/\/www.projet-decroissance.net\/wp-content\/uploads\/2013\/04\/projet-decroissance-clermont-ferrand.jpg\"><img loading=\"lazy\" decoding=\"async\" class=\"alignleft\" alt=\"projet decroissance clermont ferrand\" src=\"http:\/\/www.projet-decroissance.net\/wp-content\/uploads\/2013\/04\/projet-decroissance-clermont-ferrand.jpg\" width=\"277\" height=\"184\" \/><\/a>Il y a quelques semaines nous publions un article intitul\u00e9 <a href=\"http:\/\/www.projet-decroissance.net\/?p=672\" target=\"_blank\">La transition est en marche<\/a> : \u00ab\u00a0<em>La prise de conscience des limites, physiques mais aussi anthropologiques, de cette soci\u00e9t\u00e9 de croissance s\u2019\u00e9tend. De plus en plus de gens ressentent un malaise face au consum\u00e9risme, mais plus encore face \u00e0 la perte de sens dans notre travail, aux cons\u00e9quences d\u00e9sastreuses des plans d\u2019aust\u00e9rit\u00e9, \u00e0 ce que nous appelons cette religion de l\u2019\u00e9conomie.<\/em>\u00a0\u00bb<\/p>\n<p>Ce que nous venons de vivre ces trois derniers mois depuis la sortie de l&rsquo;ouvrage <em>Un Projet de D\u00e9croissance<\/em> nous le confirme vivement. Oui, il y a des attentes fortes pour du d\u00e9bat, de nouvelles id\u00e9es, d&rsquo;autres solutions !<\/p>\n<p><a href=\"http:\/\/www.projet-decroissance.net\/wp-content\/uploads\/2013\/04\/budapest-liegey-vincent-decroissance-projet.jpg\"><img loading=\"lazy\" decoding=\"async\" class=\"alignright\" alt=\"budapest liegey vincent decroissance projet\" src=\"http:\/\/www.projet-decroissance.net\/wp-content\/uploads\/2013\/04\/budapest-liegey-vincent-decroissance-projet.jpg\" width=\"277\" height=\"238\" \/><\/a>Ainsi, \u00e0 notre grande surprise, <em>Un Projet de D\u00e9croissance<\/em> est tr\u00e8s bien accueilli dans les m\u00e9dias : <a href=\"http:\/\/www.projet-decroissance.net\/?p=822\" target=\"_blank\">Le Monde<\/a>, <a href=\"http:\/\/www.projet-decroissance.net\/?p=943\" target=\"_blank\">Lib\u00e9ration<\/a>, <a href=\"http:\/\/www.projet-decroissance.net\/?p=930\" target=\"_blank\">France Culture<\/a>, <a href=\"http:\/\/www.france5.fr\/oeil-et-la-main\/?page=emission&amp;id_article=3058&amp;lecture=resume\" target=\"_blank\">France 5<\/a>, <a href=\"http:\/\/www.projet-decroissance.net\/?p=692\" target=\"_blank\">Rue89<\/a>, <a href=\"http:\/\/www.projet-decroissance.net\/?p=860\" target=\"_blank\">BastaMag<\/a>, etc. De plus, ces articles sont partag\u00e9s et suscitent commentaires et discussions riches. Malgr\u00e9 une presse en crise, des journalistes continuent \u00e0 r\u00e9sister.<\/p>\n<p>Les r\u00e9unions publiques auxquelles nous participons connaissent une tr\u00e8s bonne fr\u00e9quentation (<a href=\"http:\/\/www.projet-decroissance.net\/?cat=6\" target=\"_blank\">Voir notre agenda<\/a> : <a href=\"http:\/\/www.projet-decroissance.net\/?p=705\" target=\"_blank\">Paris<\/a>, Budapest, Metz, Vesoul, Besan\u00e7on,\u00a0<a href=\"http:\/\/www.projet-decroissance.net\/?p=757\" target=\"_blank\">Le Havre<\/a>, <a href=\"http:\/\/www.projet-decroissance.net\/?p=734\" target=\"_blank\">Clermont-Ferrand<\/a>,\u00a0la <a href=\"http:\/\/www.projet-decroissance.net\/?p=908\" target=\"_blank\">Suisse\u00a0avec Gen\u00e8ve et Lausanne<\/a>, puis <a href=\"http:\/\/www.projet-decroissance.net\/?p=912\" target=\"_blank\">Lyon<\/a>, etc.). De m\u00eame les d\u00e9bats mettent en \u00e9vidence des attentes fortes pour des r\u00e9ponses, des solutions applicables rapidement&#8230;<\/p>\n<p><a href=\"http:\/\/www.projet-decroissance.net\/wp-content\/uploads\/2013\/04\/le-Havre-projet-decroissance.jpg\"><img loading=\"lazy\" decoding=\"async\" class=\"alignleft\" alt=\"le Havre - projet - decroissance\" src=\"http:\/\/www.projet-decroissance.net\/wp-content\/uploads\/2013\/04\/le-Havre-projet-decroissance.jpg\" width=\"260\" height=\"231\" \/><\/a>Enfin, nous avons eu la surprise d&rsquo;apprendre de notre \u00e9diteur l&rsquo;\u00e9puisement du <em>Manifeste pour une Dotation Inconditionnelle d\u2019Autonomie<\/em> dans les librairies en moins de trois mois&#8230; ainsi une r\u00e9impression d&rsquo;urgence a \u00e9t\u00e9 lanc\u00e9e.<\/p>\n<p>Derri\u00e8re le succ\u00e8s que rencontre \u00ab\u00a0Un Projet de D\u00e9croissance\u00a0\u00bb, ce sont bien les id\u00e9es de la D\u00e9croissance, au sens large, qui interpellent. L&rsquo;impasse politique et syst\u00e9mique amplifie les mal-\u00eatres mais pousse \u00e9galement \u00e0 se questionner et \u00e0 prendre conscience des limites de ce syst\u00e8me.\u00a0 En parall\u00e8le, des solutions commencent \u00e0 se dessiner, des id\u00e9es nouvelles \u00e9mergent. Elles sont en rupture avec la pens\u00e9e dominante.<\/p>\n<p><em><a href=\"http:\/\/www.projet-decroissance.net\/wp-content\/uploads\/2013\/04\/Chat-projet-decroissance.jpeg\"><img loading=\"lazy\" decoding=\"async\" class=\"alignright\" alt=\"Chat-projet-decroissance\" src=\"http:\/\/www.projet-decroissance.net\/wp-content\/uploads\/2013\/04\/Chat-projet-decroissance.jpeg\" width=\"277\" height=\"207\" \/><\/a><\/em>Alors continuons \u00e0 discuter, d\u00e9battre, ouvrir des possibles, mais aussi \u00e0 nous rencontrer, \u00e0 nous questionner et \u00e0 exp\u00e9rimenter. La transition est belle et bien en marche !<\/p>\n<p><span style=\"color: #000000;\"><strong>Vincent Liegey, St\u00e9phane Madelaine, Christophe Ondet, Anne-Isabelle Veillot<\/strong>.<\/span><br \/>\n<span style=\"color: #000000;\"><strong><em>Un projet de d\u00e9croissance. Manifeste pour une dotation inconditionnelle d\u2019autonomie<\/em>, pr\u00e9face de Paul Ari\u00e8s. Les \u00e9ditions Utopia, 150 pages, 7 euros.<\/strong><\/span><br \/>\n<!--more-->A lire et \u00e9couter :<\/p>\n<div>\n<ul>\n<li><a href=\"..\/?p=822\" target=\"_blank\">Un Projet de D\u00e9croissance dans Le Monde<\/a>\u00a0:\u00a0La d\u00e9croissance, mode d\u2019emploi<\/li>\n<li><a href=\"..\/?p=930\" target=\"_blank\">Un Projet de D\u00e9croissance sur France Culture<\/a>\u00a0: Terre \u00e0 Terre, avec Vincent Liegey par Ruth St\u00e9gassy<\/li>\n<li><a href=\"..\/?p=943\" target=\"_blank\">Un Projet de D\u00e9croissance dans Lib\u00e9ration<\/a> : Vincent Liegey: \u00abOn ne peut plus cro\u00eetre dans un monde fini\u00bb<\/li>\n<li><a href=\"..\/?p=860\" target=\"_blank\">Un Projet de D\u00e9croissance dans BastaMag<\/a> : \u00ab La libert\u00e9 de consommer est une illusion bien cher pay\u00e9e \u00bb<\/li>\n<li><a href=\"..\/?p=810\" target=\"_blank\">Un projet de D\u00e9croissance sur France Culture Plus<\/a>\u00a0:\u00a0Etat des lieux du mouvement d\u00e9croissant en Europe<\/li>\n<li><a title=\"Lien permanent vers Rue89 : Un projet provocateur : \u00ab Faire payer le prix r\u00e9el de ce qu\u2019on consomme \u00bb\" href=\"..\/?p=692\" target=\"_blank\" rel=\"bookmark\">Rue89 : Un projet provocateur : \u00ab Faire payer le prix r\u00e9el de ce qu\u2019on consomme \u00bb<\/a><\/li>\n<li><a title=\"Lien permanent vers La transition est en marche ! \u2013 Sur Reporterre.net\" href=\"..\/?p=672\" target=\"_blank\" rel=\"bookmark\">La transition est en marche ! \u2013 Sur Reporterre.net<\/a><\/li>\n<li><a title=\"Lien permanent vers Qu\u2019est-ce que la dotation inconditionnelle d\u2019autonomie ?\" href=\"..\/?p=700\" target=\"_blank\" rel=\"bookmark\">Qu\u2019est-ce que la dotation inconditionnelle d\u2019autonomie ?<\/a>\u00a0&#8211; Une minute, une question.<\/li>\n<\/ul>\n<p>Retrouver les rencontres \u00e0 venir sur notre\u00a0<a title=\"Ce livre est aussi un pr\u00e9texte&lt;br \/&gt;&lt;br \/&gt;&lt;br \/&gt;&lt;br \/&gt;           pour se rencontrer et organiser des discussions et d\u00e9bats&lt;br \/&gt;&lt;br \/&gt;&lt;br \/&gt;&lt;br \/&gt;           conviviaux autour de la D\u00e9croissance.&lt;br \/&gt;&lt;br&lt;br \/&gt;&lt;br \/&gt;&lt;br \/&gt;&lt;br \/&gt;           \/&gt;&lt;br \/&gt;&lt;br \/&gt;&lt;br \/&gt;&lt;br \/&gt;&lt;br \/&gt;&lt;br \/&gt;&lt;br \/&gt;           Ainsi, nous sommes ouvert-e-s \u00e0 toutes propositions de&lt;br \/&gt;&lt;br \/&gt;&lt;br \/&gt;&lt;br \/&gt;           rencontres que ce soit dans un bar, une librairies, un lieu&lt;br \/&gt;&lt;br \/&gt;&lt;br \/&gt;&lt;br \/&gt;           alternatifs, une salle des f\u00eates, un appartements, etc.&lt;br&lt;br \/&gt;&lt;br \/&gt;&lt;br \/&gt;&lt;br \/&gt;           \/&gt;&lt;br \/&gt;&lt;br \/&gt;&lt;br \/&gt;&lt;br \/&gt;&lt;br \/&gt;&lt;br \/&gt;&lt;br \/&gt;&lt;br \/&gt;           N'h\u00e9sitez pas \u00e0 nous contacter : contact [ at ]&lt;br \/&gt;&lt;br \/&gt;&lt;br \/&gt;&lt;br \/&gt;           projet-decroissance.net.&lt;br \/&gt;&lt;br \/&gt;&lt;br&lt;br \/&gt;&lt;br \/&gt;&lt;br \/&gt;&lt;br \/&gt;           \/&gt;&lt;br \/&gt;&lt;br \/&gt;&lt;br \/&gt;&lt;br \/&gt;&lt;br \/&gt;&lt;br \/&gt;           Nous envisageons des rencontres \u00e0 Paris, Lyon,&lt;br \/&gt;&lt;br \/&gt;&lt;br \/&gt;&lt;br \/&gt;           Clermont-Ferrand, dans l'Est, en Bretagne, \u00e0 Budapest, en&lt;br \/&gt;&lt;br \/&gt;&lt;br \/&gt;&lt;br \/&gt;           Suisse, en Belgique, dans le Nord, dans le sud, etc.\" href=\"..\/?cat=6\" target=\"_blank\">Agenda<\/a>.<\/p>\n<\/div>\n<div>\n<p>Et aussi :<\/p>\n<p><img loading=\"lazy\" decoding=\"async\" class=\"alignright\" alt=\"\" src=\"..\/wp-content\/uploads\/2012\/12\/manifeste-dia-couverture140.jpg\" width=\"140\" height=\"229\" \/><\/p>\n<\/div>\n<ul>\n<li><a title=\"Lien permanent vers Pourquoi ce livre ?\" href=\"..\/?p=574\" target=\"_blank\" rel=\"bookmark\">Pourquoi ce livre ?<\/a><\/li>\n<li><a title=\"Lien permanent vers Pr\u00e9face de Paul Ari\u00e8s\" href=\"..\/?p=572\" target=\"_blank\" rel=\"bookmark\">Pr\u00e9face de Paul Ari\u00e8s<\/a><\/li>\n<li><a title=\"Lien permanent vers Les auteurs\" href=\"..\/?p=576\" target=\"_blank\" rel=\"bookmark\">Les auteurs<\/a><\/li>\n<li><a title=\"Lien permanent vers Vid\u00e9o : La Dotation Inconditionnelle d\u2019Autonomie (DIA)\" href=\"..\/?p=550\" target=\"_blank\" rel=\"bookmark\">Vid\u00e9o : La Dotation Inconditionnelle d\u2019Autonomie (DIA)<\/a><\/li>\n<li><a title=\"Lien permanent vers Qu\u2019est-ce que la D\u00e9croissance ?\" href=\"..\/?p=581\" target=\"_blank\" rel=\"bookmark\">Qu\u2019est-ce que la D\u00e9croissance ?<\/a><\/li>\n<li><a title=\"Lien permanent vers Revenu Inconditionnel d\u2019Existence ou Dotation Inconditionnelle d\u2019Autonomie ?\" href=\"..\/?p=207\" target=\"_blank\" rel=\"bookmark\">Revenu Inconditionnel d\u2019Existence ou Dotation Inconditionnelle d\u2019Autonomie ?<\/a><\/li>\n<li><a title=\"Lien permanent vers Pour acheter le livre en ligne, rien de telle que la boutique militante des d\u00e9sob\u00e9issants\" href=\"..\/?p=665\" target=\"_blank\" rel=\"bookmark\">Pour acheter le livre en ligne, rien de telle que la boutique militante des d\u00e9sob\u00e9issants<\/a><\/li>\n<li><a href=\"..\/?p=841\" target=\"_blank\">Tableau r\u00e9capitulatif 1 : La Dotation Inconditionnelle d\u2019Autonomie : quels contenus ?<\/a><\/li>\n<li><a href=\"..\/?p=842\" target=\"_blank\">Tableau r\u00e9capitulatif 2 : La Dotation Inconditionnelle d\u2019Autonomie : quelles mises en place ?<\/a><\/li>\n<\/ul>\n<p><em>\u00ab\u00a0[&#8230;] La condition pour r\u00e9ussir cette transformation radicale de l\u2019\u00e9conomie est\u00a0<em>\u00ab\u00a0une forte adh\u00e9sion de tous et une participation \u00e0 cette volont\u00e9 de changement\u00a0\u00bb<\/em>.\u00a0Pour le moins\u2026\u00a0Mais il faut bien commencer un jour, et ce petit livre stimulant y contribue incontestablement.\u00a0\u00bb\u00a0<strong>Herv\u00e9 Kempf dans\u00a0<a href=\"http:\/\/www.lemonde.fr\/economie\/article\/2013\/03\/11\/la-decroissance-mode-d-emploi_1845977_3234.html?xtmc=liegey&amp;xtcr=1\" target=\"_blank\">Le Monde<\/a><em>.<\/em><\/strong><\/em><\/p>\n","protected":false},"excerpt":{"rendered":"<p>Il y a quelques semaines nous publions un article intitul\u00e9 La transition est en marche : \u00ab\u00a0La prise de conscience des limites, physiques mais aussi anthropologiques, de cette soci\u00e9t\u00e9 de croissance s\u2019\u00e9tend. De plus en plus de gens ressentent un &hellip; <a href=\"http:\/\/www.projet-decroissance.net\/?p=954\">Continuer la lecture <span class=\"meta-nav\">&rarr;<\/span><\/a><\/p>\n","protected":false},"author":3,"featured_media":0,"comment_status":"closed","ping_status":"open","sticky":false,"template":"","format":"standard","meta":{"footnotes":""},"categories":[1,6],"tags":[],"class_list":["post-954","post","type-post","status-publish","format-standard","hentry","category-actualites","category-agenda"],"_links":{"self":[{"href":"http:\/\/www.projet-decroissance.net\/index.php?rest_route=\/wp\/v2\/posts\/954","targetHints":{"allow":["GET"]}}],"collection":[{"href":"http:\/\/www.projet-decroissance.net\/index.php?rest_route=\/wp\/v2\/posts"}],"about":[{"href":"http:\/\/www.projet-decroissance.net\/index.php?rest_route=\/wp\/v2\/types\/post"}],"author":[{"embeddable":true,"href":"http:\/\/www.projet-decroissance.net\/index.php?rest_route=\/wp\/v2\/users\/3"}],"replies":[{"embeddable":true,"href":"http:\/\/www.projet-decroissance.net\/index.php?rest_route=%2Fwp%2Fv2%2Fcomments&post=954"}],"version-history":[{"count":7,"href":"http:\/\/www.projet-decroissance.net\/index.php?rest_route=\/wp\/v2\/posts\/954\/revisions"}],"predecessor-version":[{"id":1186,"href":"http:\/\/www.projet-decroissance.net\/index.php?rest_route=\/wp\/v2\/posts\/954\/revisions\/1186"}],"wp:attachment":[{"href":"http:\/\/www.projet-decroissance.net\/index.php?rest_route=%2Fwp%2Fv2%2Fmedia&parent=954"}],"wp:term":[{"taxonomy":"category","embeddable":true,"href":"http:\/\/www.projet-decroissance.net\/index.php?rest_route=%2Fwp%2Fv2%2Fcategories&post=954"},{"taxonomy":"post_tag","embeddable":true,"href":"http:\/\/www.projet-decroissance.net\/index.php?rest_route=%2Fwp%2Fv2%2Ftags&post=954"}],"curies":[{"name":"wp","href":"https:\/\/api.w.org\/{rel}","templated":true}]}}