{"id":989,"date":"2013-03-10T18:18:53","date_gmt":"2013-03-10T18:18:53","guid":{"rendered":"http:\/\/www.projet-decroissance.net\/?p=989"},"modified":"2013-05-12T16:27:45","modified_gmt":"2013-05-12T16:27:45","slug":"un-projet-de-decroissance-dans-lest-republicain-travailler-moins-produire-autrement-interview-de-vincent-liegey","status":"publish","type":"post","link":"http:\/\/www.projet-decroissance.net\/?p=989","title":{"rendered":"Un Projet de D\u00e9croissance dans l&rsquo;Est-R\u00e9publicain : Travailler moins, produire autrement, interview de Vincent Liegey"},"content":{"rendered":"<p><a href=\"http:\/\/www.estrepublicain.fr\/economie\/2013\/05\/07\/travailler-moins-produire-autrement\" target=\"_blank\"><img loading=\"lazy\" decoding=\"async\" class=\"alignleft\" alt=\"Fichier:LOGO Est Republicain.jpg\" src=\"http:\/\/upload.wikimedia.org\/wikipedia\/fr\/2\/25\/LOGO_Est_Republicain.jpg\" width=\"222\" height=\"122\" \/>Est-R\u00e9publicain, 07\/05\/2013 &#8211;\u00a0Propos recueillis par El\u00e9onore TOURNIER<\/a><\/p>\n<p>ECONOMIE &#8211; LE FRANC-COMTOIS VINCENT LI\u00c9GEY EST LE PORTE-PAROLE NATIONAL DU PARTI POUR LA D\u00c9CROISSANCE, COAUTEUR DU LIVRE \u00ab UN PROJET DE D\u00c9CROISSANCE, MANIFESTE POUR UNE DOTATION INCONDITIONNELLE D\u2019AUTONOMIE \u00bb<\/p>\n<div><strong>&#8211; Tout est-il \u00e0 jeter dans le syst\u00e8me actuel ?<\/strong><\/div>\n<div>\n<p>&#8211; On se heurte \u00e0 la difficult\u00e9 d\u2019un mod\u00e8le le plus complexe et le plus interd\u00e9pendant que le monde ait connu. Il faut d\u00e9construire tout \u00e7a. Cr\u00e9er un mod\u00e8le de transition pour aboutir \u00e0 un nouveau mod\u00e8le en transformant certaines choses de l\u2019actuel, en en abandonnant d\u2019autres.<\/p>\n<p><strong>&#8211; Avec la d\u00e9croissance, on a l\u2019impression de tomber dans la nostalgie du fameux \u00ab c\u2019\u00e9tait mieux avant \u00bb\u2026<\/strong><br \/>\n<!--more--><br \/>\n<img loading=\"lazy\" decoding=\"async\" class=\"alignright\" alt=\"Vincent Li\u00e9gey est doctorant en \u00e9conomie \u00e0 l\u2019universit\u00e9 de Budapest. Photo Oph\u00e9lia NOOR\" src=\"http:\/\/www.estrepublicain.fr\/fr\/images\/013249EE-6D9E-4EAD-973A-C3400754BADD\/LER_15\/vincent-liegey-est-doctorant-en-economie-a-l-universite-de-budapest-photo-ophelia-noor.jpg\" width=\"346\" height=\"217\" \/>&#8211; Pas du tout. Ce n\u2019est pas un retour en arri\u00e8re. On n\u2019a pas de vision romantique du monde rural des ann\u00e9es 50 ! Il y a eu des points positifs dans la croissance : l\u2019essor de la d\u00e9mocratie, un certain niveau de sant\u00e9, de confort mat\u00e9riel. Mais en parall\u00e8le, on a aussi d\u00e9truit une forme de convivialit\u00e9, de solidarit\u00e9, de vivre ensemble. On souhaite conserver ce que la croissance a pu apporter de positif et reconstruire tout ce qui n\u2019est pas soutenable.<\/p>\n<p><em>Vincent Li\u00e9gey est doctorant en \u00e9conomie \u00e0 l\u2019universit\u00e9 de Budapest. Photo Oph\u00e9lia NOOR<\/em><\/p>\n<p><strong>&#8211; Vous parlez de baisser le temps de travail pour redistribuer les emplois. N\u2019est ce pas ce qui a d\u00e9j\u00e0 \u00e9t\u00e9 fait avec les 35 heures, dont le bilan est contest\u00e9 ?<\/strong><\/p>\n<p>&#8211; Certes, \u00e7a a \u00e9t\u00e9 une catastrophe pour des PME et certains secteurs. Mais pour beaucoup, \u00e7a a permis de lib\u00e9rer du temps pour faire d\u2019autre chose. On est dans une soci\u00e9t\u00e9 o\u00f9 la valeur travail est centrale. Or, le ch\u00f4mage est important et le stress li\u00e9 au travail augmente. On ne sait plus quel sens donner \u00e0 tout \u00e7a. On ne dit pas d\u2019arr\u00eater de travailler, simplement de r\u00e9fl\u00e9chir sur la logique marchande du travail afin de sortir du culte productiviste. Le progr\u00e8s technique aurait d\u00fb nous lib\u00e9rer de l\u2019ali\u00e9nation par le travail, or il n\u2019en est rien\u2026<\/p>\n<p><strong>&#8211; Est-ce \u00e0 dire qu\u2019il faut stopper la recherche, que le progr\u00e8s est mauvais ?<\/strong><\/p>\n<p>&#8211; Non, il faut juste changer de paradigme, sortir de cette religion du progr\u00e8s qui sert \u00e0 dominer la nature. La recherche et la science doivent s\u2019inscrire dans une logique qui respecte l\u2019\u00eatre humain et l\u2019environnement. C\u2019est le cas de l\u2019agro\u00e9cologie ou de l\u2019agroforesterie.<\/p>\n<h4 style=\"text-align: center;\"><em><strong>\u00ab Se d\u00e9sali\u00e9ner des biens de consommation inutiles \u00bb<\/strong><\/em><\/h4>\n<p><strong>&#8211; Vous souhaitez mettre en place un revenu inconditionnel d\u2019existence (RIE). Expliquez-nous.<\/strong><\/p>\n<p>&#8211; Il s\u2019agit d\u2019un revenu minimum en euros qui s\u2019applique \u00e0 tous. Il s\u2019inscrit dans une dotation inconditionnelle d\u2019autonomie (DIA) qui ouvre des droits d\u2019acc\u00e8s et de tirage avec des monnaies locales pour consommer des produits ou des outils fabriqu\u00e9s localement. Avec ce RIE, on pourra moins travailler et lib\u00e9rer du temps pour \u0153uvrer dans des jardins communautaires, des ateliers v\u00e9los, etc&#8230;<\/p>\n<p><strong>&#8211; Vous parlez de \u00ab relocalisation ouverte \u00bb, n\u2019est-ce pas paradoxal ?<\/strong><\/p>\n<p>&#8211; Ce qu\u2019on a connu avec la mondialisation a \u00e9t\u00e9 possible parce qu\u2019on a pu consommer fr\u00e9n\u00e9tiquement les \u00e9nergies fossiles en quelques d\u00e9cennies. Mais \u00e7a ne pourra pas continuer, il y aura forc\u00e9ment relocalisation et c\u2019est positif. On pourra produire des choses localement. Ca g\u00e9n\u00e9rera plus de bonheur et de tol\u00e9rance \u00e0 travers la hausse des \u00e9changes, tout en \u00e9vitant de tomber dans l\u2019entre-soi ou une soci\u00e9t\u00e9 moralisatrice.<\/p>\n<p><strong>&#8211; Devra-t-on vivre avec moins de confort ?<\/strong><\/p>\n<p>&#8211; Pas moins de confort mais il faudra se d\u00e9sali\u00e9ner des biens de consommation inutiles qui nous rendent d\u00e9pendants. Aujourd\u2019hui par exemple, on ne sait plus r\u00e9parer sa voiture. On pourra vendre des services et des pi\u00e8ces d\u00e9tach\u00e9es. L\u2019id\u00e9e c\u2019est de travailler moins pour produire autrement, partager des outils de r\u00e9paration, de recyclage, lutter contre l\u2019obsolescence programm\u00e9e.<\/p>\n<p><strong>&#8211; Le PIB baissera forc\u00e9ment\u2026<\/strong><\/p>\n<p>&#8211; Peut-\u00eatre. Mais en Am\u00e9rique latine, beaucoup d\u2019\u00e9tudes mettent en parall\u00e8le PIB avec d\u2019autres indicateurs de bien-\u00eatre. Elles montrent que lorsque la croissance permet d\u2019avoir un confort et une vie digne, le bien-\u00eatre augmente. Mais au-del\u00e0 d\u2019un certain seuil, le bien-\u00eatre stagne ou baisse. Idem pour l\u2019esp\u00e9rance de vie.<\/p>\n<p><strong>&#8211; Vous souhaitez \u00e9galement instaurer un revenu maximum acceptable (RMA).<\/strong><\/p>\n<p>&#8211; Aujourd\u2019hui, les sommes gagn\u00e9es par certains sont d\u00e9lirantes. Au-del\u00e0 d\u2019un montant, \u00e0 d\u00e9finir d\u00e9mocratiquement, les revenus seraient impos\u00e9s \u00e0 100 %. Il faut rompre avec l\u2019illusion qu\u2019il est l\u00e9gitime qu\u2019il y ait des tr\u00e8s riches et des tr\u00e8s pauvres et que le mode de vie des tr\u00e8s riches est un mod\u00e8le \u00e0 suivre.<\/p>\n<p><strong>&#8211;\u00a0Fran\u00e7ois Hollande semble tr\u00e8s frileux \u00e0 l\u2019id\u00e9e de taxer les hauts revenus. Votre projet n\u2019est-il pas utopique ?<\/strong><\/p>\n<p>&#8211; Le plus utopique c\u2019est de rester dans le d\u00e9lire \u00e9conomiciste de croire qu\u2019en mettant l\u2019\u00e9conomie au-dessus des lois de la nature, on arrivera \u00e0 r\u00e9soudre le mal-\u00eatre des populations. Il faudra faire preuve de courage politique avant que \u00e7a ne se fasse de mani\u00e8re violente. On est aujourd\u2019hui dans des soci\u00e9t\u00e9s insurrectionnelles qui sont d\u00e9j\u00e0 en guerre pour l\u2019appropriation des ressources naturelles en Afghanistan, en Irak, en Libye ou au Mali.<\/p>\n<p>REP\u00c8RES &#8211; BIO EXPRESS<\/p>\n<p>Vincent Li\u00e9gey na\u00eet \u00e0 Besan\u00e7on en 1979. Il passe son enfance et son adolescence \u00e0 Vesoul avant d\u2019int\u00e9grer les classes pr\u00e9pas scientifiques du lyc\u00e9e Follereau \u00e0 Belfort. Apr\u00e8s avoir \u00e9tudi\u00e9 \u00e0 Clermont-Ferrand et Paris, il travaille dans la recherche \u00e0 la Nouvelle Orl\u00e9ans, dans la diplomatie et les coop\u00e9rations \u00e0 Budapest en Hongrie. De 2007 \u00e0 2011, il a aussi \u00e9t\u00e9 dirigeant mouvement de la gare de Paris Austerlitz. Il rejoint le Parti Pour La D\u00e9croissance en 2008 dont il est aujourd\u2019hui un des porte-parole nationaux.<\/p>\n<\/div>\n","protected":false},"excerpt":{"rendered":"<p>Est-R\u00e9publicain, 07\/05\/2013 &#8211;\u00a0Propos recueillis par El\u00e9onore TOURNIER ECONOMIE &#8211; LE FRANC-COMTOIS VINCENT LI\u00c9GEY EST LE PORTE-PAROLE NATIONAL DU PARTI POUR LA D\u00c9CROISSANCE, COAUTEUR DU LIVRE \u00ab UN PROJET DE D\u00c9CROISSANCE, MANIFESTE POUR UNE DOTATION INCONDITIONNELLE D\u2019AUTONOMIE \u00bb &#8211; Tout est-il &hellip; <a href=\"http:\/\/www.projet-decroissance.net\/?p=989\">Continuer la lecture <span class=\"meta-nav\">&rarr;<\/span><\/a><\/p>\n","protected":false},"author":3,"featured_media":0,"comment_status":"closed","ping_status":"open","sticky":false,"template":"","format":"standard","meta":{"footnotes":""},"categories":[7],"tags":[],"class_list":["post-989","post","type-post","status-publish","format-standard","hentry","category-dans-la-presse-et-sur-la-toile"],"_links":{"self":[{"href":"http:\/\/www.projet-decroissance.net\/index.php?rest_route=\/wp\/v2\/posts\/989","targetHints":{"allow":["GET"]}}],"collection":[{"href":"http:\/\/www.projet-decroissance.net\/index.php?rest_route=\/wp\/v2\/posts"}],"about":[{"href":"http:\/\/www.projet-decroissance.net\/index.php?rest_route=\/wp\/v2\/types\/post"}],"author":[{"embeddable":true,"href":"http:\/\/www.projet-decroissance.net\/index.php?rest_route=\/wp\/v2\/users\/3"}],"replies":[{"embeddable":true,"href":"http:\/\/www.projet-decroissance.net\/index.php?rest_route=%2Fwp%2Fv2%2Fcomments&post=989"}],"version-history":[{"count":10,"href":"http:\/\/www.projet-decroissance.net\/index.php?rest_route=\/wp\/v2\/posts\/989\/revisions"}],"predecessor-version":[{"id":1015,"href":"http:\/\/www.projet-decroissance.net\/index.php?rest_route=\/wp\/v2\/posts\/989\/revisions\/1015"}],"wp:attachment":[{"href":"http:\/\/www.projet-decroissance.net\/index.php?rest_route=%2Fwp%2Fv2%2Fmedia&parent=989"}],"wp:term":[{"taxonomy":"category","embeddable":true,"href":"http:\/\/www.projet-decroissance.net\/index.php?rest_route=%2Fwp%2Fv2%2Fcategories&post=989"},{"taxonomy":"post_tag","embeddable":true,"href":"http:\/\/www.projet-decroissance.net\/index.php?rest_route=%2Fwp%2Fv2%2Ftags&post=989"}],"curies":[{"name":"wp","href":"https:\/\/api.w.org\/{rel}","templated":true}]}}